{"id":23621,"date":"2021-02-25T17:31:00","date_gmt":"2021-02-25T16:31:00","guid":{"rendered":"https:\/\/kodmalopolska.pl\/?p=23621"},"modified":"2021-02-25T17:31:03","modified_gmt":"2021-02-25T16:31:03","slug":"falszywa-alternatywa-felieton-fryderyka-zolla-278","status":"publish","type":"post","link":"https:\/\/kodmalopolska.pl\/?p=23621","title":{"rendered":"Fa\u0142szywa alternatywa. Felieton Fryderyka Zolla (278)"},"content":{"rendered":"\n<h4 class=\"wp-block-heading\">W \u201eNewsweeku\u201d d\u0142ugi tekst o Jaros\u0142awie Gowinie: historia przeczo\u0142giwania Gowina przez Jaros\u0142awa Kaczy\u0144skiego oraz opis jego poszczeg\u00f3lnych zryw\u00f3w, kt\u00f3re mimo do\u015b\u0107 ograniczonych konsekwencji praktycznych wzbudzi\u0142y prawdziw\u0105 nienawi\u015b\u0107 nowogrodczyka.<\/h4>\n\n\n\n<p>Na pytanie, dlaczego Gowin trwa w koalicji, odpowiada sam bohater tekstu: \u201e<em>Jak mam do wybor\u00f3w rz\u0105dzi\u0107 z Kaczy\u0144skim albo z Mart\u0105 Lempart, to wol\u0119 z Kaczy\u0144skim<\/em>\u201d. Najwyra\u017aniej Gowin uwa\u017ca, \u017ce szkodliwe reformy autokraty Ziobry mo\u017cna \u0142atwo odwr\u00f3ci\u0107, Lempart natomiast atakuje podstawowe warto\u015bci: rodzin\u0119, wiar\u0119 i definicj\u0119 p\u0142ci. Ciekawe, czy ta alternatywa \u2013 zupe\u0142nie fa\u0142szywa \u2013 jest dla aktualnego wicepremiera rodzajem terapii polegaj\u0105cej na uspokajaniu sumienia czy te\u017c wyra\u017ca jego ca\u0142kowicie b\u0142\u0119dn\u0105 diagnoz\u0119 sytuacji politycznej. Po pierwsze, alternatywa rz\u0105d\u00f3w Lempart lub rz\u0105d\u00f3w Kaczy\u0144skiego jest wydumana, bo rz\u0105dzi\u0107 mo\u017ce tylko albo satrapa, albo szeroka opozycja demokratyczna. Po drugie, skutki dewastacji dokonanej przez Ziobr\u0119 s\u0105 o wiele powa\u017cniejsze, ni\u017c si\u0119 Gowinowi wydaje. Odbudowa instytucji pa\u0144stwa prawa zajmie ca\u0142e pokolenie. Obawa, \u017ce bez Kaczy\u0144skiego nast\u0105pi jaka\u015b zasadnicza zmiana \u015bwiadomo\u015bci, jest p\u0142onna. Trudno sobie wyobrazi\u0107 masowe przedefiniowanie w\u0142asnej p\u0142ci w naszym spo\u0142ecze\u0144stwie. Poza tym \u017cadna w\u0142adza nie uderzy\u0142a tak mocno w Ko\u015bci\u00f3\u0142 i nie spowodowa\u0142a tak g\u0142\u0119bokiej zmiany \u015bwiadomo\u015bciowej jak PiS. To dzi\u0119ki Zjednoczonej Prawicy ur\u00f3s\u0142 Og\u00f3lnopolski Strajk Kobiet. Teraz jest ostatni moment, by opowiadaj\u0105ce si\u0119 za rz\u0105dami prawa si\u0142y liberalno-konserwatywne mog\u0142y doj\u015b\u0107 do g\u0142osu. Jeszcze dwa lata PiS\u2011u i nie b\u0119dzie czego zbiera\u0107. Decyzja Gowina o trwaniu przy Kaczy\u0144skim oznacza w\u0142a\u015bnie, \u017ce po PiS\u2011ie rz\u0105dzi\u0107 b\u0119dzie Lempart, a jej has\u0142a stan\u0105 si\u0119 programem wi\u0119kszo\u015bci. Odchodz\u0105c teraz, Gowin m\u00f3g\u0142by zdoby\u0107 w\u0142adz\u0119 i ocali\u0107 co\u015b z warto\u015bci, kt\u00f3rymi rzekomo si\u0119 kieruje. Zostanie jednak przy Kaczy\u0144skim \u2013 z powod\u00f3w, kt\u00f3re wyja\u015bni\u0142em w felietonie o \u017cmudnym znoszeniu wsp\u00f3\u0142w\u0142asno\u015bci. A wyborcy maj\u0105 my\u015ble\u0107, \u017ce to z powodu Marty Lempart.<\/p>\n\n\n\n<hr class=\"wp-block-separator\"\/>\n\n\n\n<p><em>Felieton jest wyrazem opinii autora. Nie prezentuje stanowiska ZR Ma\u0142opolskie KOD.<\/em><\/p>\n","protected":false},"excerpt":{"rendered":"<p>W \u201eNewsweeku\u201d d\u0142ugi tekst o Jaros\u0142awie Gowinie: historia przeczo\u0142giwania Gowina przez Jaros\u0142awa Kaczy\u0144skiego oraz opis jego poszczeg\u00f3lnych zryw\u00f3w, kt\u00f3re mimo do\u015b\u0107 ograniczonych konsekwencji praktycznych wzbudzi\u0142y prawdziw\u0105 nienawi\u015b\u0107 nowogrodczyka.<\/p>\n","protected":false},"author":34,"featured_media":12411,"comment_status":"closed","ping_status":"open","sticky":false,"template":"","format":"standard","meta":{"_EventAllDay":false,"_EventTimezone":"","_EventStartDate":"","_EventEndDate":"","_EventStartDateUTC":"","_EventEndDateUTC":"","_EventShowMap":false,"_EventShowMapLink":false,"_EventURL":"","_EventCost":"","_EventCostDescription":"","_EventCurrencySymbol":"","_EventCurrencyCode":"","_EventCurrencyPosition":"","_EventDateTimeSeparator":"","_EventTimeRangeSeparator":"","_EventOrganizerID":[],"_EventVenueID":[],"_OrganizerEmail":"","_OrganizerPhone":"","_OrganizerWebsite":"","_VenueAddress":"","_VenueCity":"","_VenueCountry":"","_VenueProvince":"","_VenueState":"","_VenueZip":"","_VenuePhone":"","_VenueURL":"","_VenueStateProvince":"","_VenueLat":"","_VenueLng":"","_VenueShowMap":false,"_VenueShowMapLink":false,"footnotes":""},"categories":[596],"tags":[],"class_list":["post-23621","post","type-post","status-publish","format-standard","has-post-thumbnail","hentry","category-felietony","felietony"],"_links":{"self":[{"href":"https:\/\/kodmalopolska.pl\/index.php?rest_route=\/wp\/v2\/posts\/23621","targetHints":{"allow":["GET"]}}],"collection":[{"href":"https:\/\/kodmalopolska.pl\/index.php?rest_route=\/wp\/v2\/posts"}],"about":[{"href":"https:\/\/kodmalopolska.pl\/index.php?rest_route=\/wp\/v2\/types\/post"}],"author":[{"embeddable":true,"href":"https:\/\/kodmalopolska.pl\/index.php?rest_route=\/wp\/v2\/users\/34"}],"replies":[{"embeddable":true,"href":"https:\/\/kodmalopolska.pl\/index.php?rest_route=%2Fwp%2Fv2%2Fcomments&post=23621"}],"version-history":[{"count":0,"href":"https:\/\/kodmalopolska.pl\/index.php?rest_route=\/wp\/v2\/posts\/23621\/revisions"}],"wp:featuredmedia":[{"embeddable":true,"href":"https:\/\/kodmalopolska.pl\/index.php?rest_route=\/wp\/v2\/media\/12411"}],"wp:attachment":[{"href":"https:\/\/kodmalopolska.pl\/index.php?rest_route=%2Fwp%2Fv2%2Fmedia&parent=23621"}],"wp:term":[{"taxonomy":"category","embeddable":true,"href":"https:\/\/kodmalopolska.pl\/index.php?rest_route=%2Fwp%2Fv2%2Fcategories&post=23621"},{"taxonomy":"post_tag","embeddable":true,"href":"https:\/\/kodmalopolska.pl\/index.php?rest_route=%2Fwp%2Fv2%2Ftags&post=23621"}],"curies":[{"name":"wp","href":"https:\/\/api.w.org\/{rel}","templated":true}]}}