{"id":23589,"date":"2021-02-21T19:12:04","date_gmt":"2021-02-21T18:12:04","guid":{"rendered":"https:\/\/kodmalopolska.pl\/?p=23589"},"modified":"2021-02-21T19:12:07","modified_gmt":"2021-02-21T18:12:07","slug":"bledy-mlodosci-felieton-joanny-handerek-23","status":"publish","type":"post","link":"https:\/\/kodmalopolska.pl\/?p=23589","title":{"rendered":"B\u0142\u0119dy m\u0142odo\u015bci. Felieton Joanny Ha\u0144derek (23)"},"content":{"rendered":"\n<h4 class=\"wp-block-heading\">Ostatnio m\u00f3wi si\u0119 du\u017co i z oburzeniem o Tomaszu Greniuchu. Niekt\u00f3rzy z nas nawet za g\u0142owy si\u0119 z\u0142apali, jakim cudem cz\u0142owiek, kt\u00f3ry manifestowa\u0142 swoje faszystowskie i ksenofobiczne pogl\u0105dy, trafi\u0142 do IPN. A ja s\u0105dz\u0119, \u017ce jest to konsekwencja pewnego procesu, kt\u00f3ry od dawna toczy si\u0119 w naszym kraju. Jest to konsekwencja PiS\u2011owskiej polityki pogardy, wyra\u017caj\u0105cej si\u0119 zar\u00f3wno w wymownym ge\u015bcie pos\u0142anki Lichockiej, jak i w \u0142amaniu Konstytucji. Jest to konsekwencja tolerancji, a nawet przychylno\u015bci dla zachowa\u0144 nacjonalistycznych i neofaszystowskich. Nie mo\u017cemy d\u0142u\u017cej pozostawa\u0107 oboj\u0119tni, musimy si\u0119 zjednoczy\u0107 i dzia\u0142a\u0107 na rzecz demokracji. W przeciwnym razie powr\u00f3ci w naszym kraju najgorsza z totalitarnych tradycji.<\/h4>\n\n\n\n<p>W zasadzie nie rozumiem ca\u0142ej tej medialnej wrzawy. By\u0142 sobie niespe\u0142na trzydziestoletni m\u0142odzieniec, co ch\u0119tnie hajlowa\u0142, lubowa\u0142 si\u0119 w znaku falangi, czu\u0142 przyp\u0142yw bia\u0142ej si\u0142y i pragn\u0105\u0142 poprowadzi\u0107 nar\u00f3d do zbawienia. Taki patriota \u2013 napisa\u0142 nawet ksi\u0105\u017ck\u0119, jak to zosta\u0107 dzielnym prawicowcem. Ten w\u0142a\u015bnie dzielny m\u0142odzieniec dosta\u0142 posad\u0119 we wroc\u0142awskim IPN. I o co si\u0119 rozchodzi? Przecie\u017c ch\u0142opak kocha\u0142 sw\u00f3j nar\u00f3d, by\u0142 patriot\u0105 tak samo jak ci dzielni ch\u0142opcy oenerowcy, co to obchodz\u0105 urodziny Hitlera (czy kto\u015b zosta\u0142 za to ukarany?) i rok w rok demoluj\u0105 Warszaw\u0119 podczas marszu niepodleg\u0142o\u015bci (czy kogo\u015b za te demolki rozliczono?). Rok w rok polskie w\u0142adze toleruj\u0105 \u00f3w najazd nazistowskiej fali, rok w rok polski rz\u0105d nie znajduje powod\u00f3w, by zdelegalizowa\u0107 nazist\u00f3w ubranych w patriotyczne \u015bwi\u0119to. Co wi\u0119cej, partie prawicowe same przyjmuj\u0105 retoryk\u0119 skrajnie nacjonalistyczn\u0105, fanatyczn\u0105 i nierzadko nazistowsk\u0105.<\/p>\n\n\n\n<p>Gdy Jaros\u0142aw Kaczy\u0144ski por\u00f3wnywa\u0142 uchod\u017ac\u00f3w do insekt\u00f3w i m\u00f3wi\u0142, \u017ce roznios\u0105 choroby po naszym kraju, nikt nie reagowa\u0142. Kaczy\u0144ski nie doczeka\u0142 si\u0119 procesu i kary za sianie nienawi\u015bci i u\u017cywanie retoryki rodem z III Rzeszy. Gdy Jaros\u0142aw Kaczy\u0144ski m\u00f3wi\u0142 o drugim sorcie, o mordach zdradzieckich, te\u017c nic si\u0119 nie sta\u0142o. Gdy narodowcy powiesili na szubienicach zdj\u0119cia europos\u0142\u00f3w, twierdz\u0105c, \u017ce to zdrajcy narodu, by\u0142o wprawdzie \u015bledztwo, ale spraw\u0119 umorzono. Palenie kuk\u0142y \u017byda na rynku we Wroc\u0142awiu, zamieszki w Warszawie, spalone mieszkanie, empik, retoryka nienawi\u015bci wobec uchod\u017ac\u00f3w i \u015brodowisk LGBT czy walka z feminizmem to ju\u017c elementy naszej codzienno\u015bci. \u017byjemy w kraju, w kt\u00f3rym nie szanuje si\u0119 drugiego cz\u0142owieka ani pogl\u0105d\u00f3w odmiennych od g\u0142\u00f3wnego politycznego nurtu, w kraju, w kt\u00f3rym w\u0142adza nieustaj\u0105co flirtuje ze skrajnymi narodowcami o nazistowskich pogl\u0105dach.<\/p>\n\n\n\n<p>Wyb\u00f3r Tomasza Greniucha do wroc\u0142awskiego oddzia\u0142u IPN wi\u0119c mnie nie dziwi. Ta nominacja wpisuje si\u0119 w polityk\u0119 wstawania z kolan, w \u0142amanie prawa, pr\u00f3by anulowania konwencji antyprzemocowej, wyrok na profesor\u00f3w Barbar\u0119 Engelking i Jana Grabowskiego za ich s\u0142owa z ksi\u0105\u017cki \u201eDalej jest noc\u201d. Jest to sp\u00f3jny proces budowania mitu Polski dla Polak\u00f3w \u2013 Polski, kt\u00f3ra nikogo za nic nie przeprasza, Polski wychodz\u0105cej z Unii Europejskiej, Polski nierespektuj\u0105cej praw cz\u0142owieka. PiS\u2011owcy od lat ci\u0105gn\u0105 nas w przestrze\u0144 bezprawia, ale te\u017c braku szacunku dla os\u00f3b my\u015bl\u0105cych inaczej ni\u017c oni sami. Dlatego Tomasz Greniuch m\u00f3g\u0142 sobie hajlowa\u0107, m\u00f3g\u0142 pisa\u0107 rasistowskie ksi\u0105\u017cki dla ONR, a PiS i tak uznaje go za \u015bwietnego kandydata do urz\u0119du w IPN. Nie chodzi przecie\u017c o uczciwo\u015b\u0107 ani o pami\u0119\u0107 o ofiarach, nie chodzi o rzetelno\u015b\u0107 i prawd\u0119, ale o propagand\u0119. Dobry propagandzista, dobry ideolog, liczy si\u0119 bardziej ni\u017c zdrowy rozs\u0105dek albo czyja\u015b krzywda.<\/p>\n\n\n\n<p>Wyb\u00f3r Tomasza Greniucha nie dziwi, przera\u017ca natomiast to, \u017ce tak szybko zapominamy o sprawiedliwo\u015bci, uczciwo\u015bci, \u017ce tak szybko zapanowa\u0142a w Polsce przemoc ideologii. Jeszcze \u017cyj\u0105 osoby, kt\u00f3re przetrwa\u0142y piek\u0142o nazizmu, jeszcze s\u0105 w\u015br\u00f3d nas ofiary totalitaryzmu, a PiS ju\u017c urz\u0105dza nam kolejny totalitarny re\u017cim. Greniuch nie jest wyj\u0105tkiem, lecz symbolem naszych czas\u00f3w i kierunku dawno obranego przez PiS. Nie ma wi\u0119c co si\u0119 dziwi\u0107, nie ma co si\u0119 z\u0142o\u015bci\u0107, tylko ju\u017c dzi\u015b nale\u017cy szykowa\u0107 si\u0119 na kolejne wybory. Naszym obywatelskim obowi\u0105zkiem jest sko\u0144czy\u0107 wreszcie z tym totalitarnym ob\u0142\u0119dem fundowanym nam codziennie przez pana z \u017boliborza.<\/p>\n\n\n\n<p>A na zako\u0144czenie: faszyzm zosta\u0142 zdelegalizowany zaraz po wojnie, dlatego pan, kt\u00f3ry hajluje i ma falang\u0119 na koszulce, powinien trafi\u0107 na komisariat, a nie na znacz\u0105ce miejsce w IPN. To tylko tak dla przypomnienia drobnych fakt\u00f3w.<\/p>\n\n\n\n<hr class=\"wp-block-separator\"\/>\n\n\n\n<p><em>Felieton jest wyrazem opinii autorki. Nie prezentuje stanowiska ZR Ma\u0142opolskie KOD.<\/em><\/p>\n","protected":false},"excerpt":{"rendered":"<p>Ostatnio m\u00f3wi si\u0119 du\u017co i z oburzeniem o Tomaszu Greniuchu. Niekt\u00f3rzy z nas nawet za g\u0142owy si\u0119 z\u0142apali, jakim cudem cz\u0142owiek, kt\u00f3ry manifestowa\u0142 swoje faszystowskie i ksenofobiczne pogl\u0105dy, trafi\u0142 do IPN. A ja s\u0105dz\u0119, \u017ce jest to konsekwencja pewnego procesu, kt\u00f3ry od dawna toczy si\u0119 w naszym kraju. Jest to konsekwencja PiS\u2011owskiej polityki pogardy, wyra\u017caj\u0105cej si\u0119 zar\u00f3wno w wymownym ge\u015bcie pos\u0142anki Lichockiej, jak i w \u0142amaniu Konstytucji. Jest to konsekwencja tolerancji, a nawet przychylno\u015bci dla zachowa\u0144 nacjonalistycznych i neofaszystowskich. Nie mo\u017cemy d\u0142u\u017cej pozostawa\u0107 oboj\u0119tni, musimy si\u0119 zjednoczy\u0107 i dzia\u0142a\u0107 na rzecz demokracji. W przeciwnym razie powr\u00f3ci w naszym kraju najgorsza z totalitarnych tradycji.<\/p>\n","protected":false},"author":34,"featured_media":19411,"comment_status":"closed","ping_status":"open","sticky":false,"template":"","format":"standard","meta":{"_EventAllDay":false,"_EventTimezone":"","_EventStartDate":"","_EventEndDate":"","_EventStartDateUTC":"","_EventEndDateUTC":"","_EventShowMap":false,"_EventShowMapLink":false,"_EventURL":"","_EventCost":"","_EventCostDescription":"","_EventCurrencySymbol":"","_EventCurrencyCode":"","_EventCurrencyPosition":"","_EventDateTimeSeparator":"","_EventTimeRangeSeparator":"","_EventOrganizerID":[],"_EventVenueID":[],"_OrganizerEmail":"","_OrganizerPhone":"","_OrganizerWebsite":"","_VenueAddress":"","_VenueCity":"","_VenueCountry":"","_VenueProvince":"","_VenueState":"","_VenueZip":"","_VenuePhone":"","_VenueURL":"","_VenueStateProvince":"","_VenueLat":"","_VenueLng":"","_VenueShowMap":false,"_VenueShowMapLink":false,"footnotes":""},"categories":[596],"tags":[],"class_list":["post-23589","post","type-post","status-publish","format-standard","has-post-thumbnail","hentry","category-felietony","felietony"],"_links":{"self":[{"href":"https:\/\/kodmalopolska.pl\/index.php?rest_route=\/wp\/v2\/posts\/23589","targetHints":{"allow":["GET"]}}],"collection":[{"href":"https:\/\/kodmalopolska.pl\/index.php?rest_route=\/wp\/v2\/posts"}],"about":[{"href":"https:\/\/kodmalopolska.pl\/index.php?rest_route=\/wp\/v2\/types\/post"}],"author":[{"embeddable":true,"href":"https:\/\/kodmalopolska.pl\/index.php?rest_route=\/wp\/v2\/users\/34"}],"replies":[{"embeddable":true,"href":"https:\/\/kodmalopolska.pl\/index.php?rest_route=%2Fwp%2Fv2%2Fcomments&post=23589"}],"version-history":[{"count":0,"href":"https:\/\/kodmalopolska.pl\/index.php?rest_route=\/wp\/v2\/posts\/23589\/revisions"}],"wp:featuredmedia":[{"embeddable":true,"href":"https:\/\/kodmalopolska.pl\/index.php?rest_route=\/wp\/v2\/media\/19411"}],"wp:attachment":[{"href":"https:\/\/kodmalopolska.pl\/index.php?rest_route=%2Fwp%2Fv2%2Fmedia&parent=23589"}],"wp:term":[{"taxonomy":"category","embeddable":true,"href":"https:\/\/kodmalopolska.pl\/index.php?rest_route=%2Fwp%2Fv2%2Fcategories&post=23589"},{"taxonomy":"post_tag","embeddable":true,"href":"https:\/\/kodmalopolska.pl\/index.php?rest_route=%2Fwp%2Fv2%2Ftags&post=23589"}],"curies":[{"name":"wp","href":"https:\/\/api.w.org\/{rel}","templated":true}]}}