{"id":23381,"date":"2021-02-17T20:49:51","date_gmt":"2021-02-17T19:49:51","guid":{"rendered":"https:\/\/kodmalopolska.pl\/?p=23381"},"modified":"2021-02-17T20:49:53","modified_gmt":"2021-02-17T19:49:53","slug":"protest-protestem-konflikt-wybrzmial-i-felieton-marii-mysonianki-38","status":"publish","type":"post","link":"https:\/\/kodmalopolska.pl\/?p=23381","title":{"rendered":"Protest protestem, konflikt wybrzmia\u0142 i\u2026 Felieton Marii Mysonianki (38)"},"content":{"rendered":"\n<h4 class=\"wp-block-heading\">Konflikty wybuchaj\u0105 i zanikaj\u0105. Co dalej \u2013 nie wiadomo. Wiadomo, \u017ce pewne gremia maj\u0105 problem. Do rozwi\u0105zania d\u0142uga droga\u2026<\/h4>\n\n\n\n<p>Dzisiejsze protesty s\u0105 gwa\u0142towne, cz\u0119sto bardzo spektakularne. Kolorowe, g\u0142o\u015bne, wyra\u017ane. Czasami wulgarne, czasami prze\u015bmiewcze. Bardzo mocno anga\u017cuj\u0105 i wyobra\u017ani\u0119, i my\u015bli tych, kt\u00f3rych sprawa dotyczy. Ci, kt\u00f3rych nie dotyczy, zwykle si\u0119 nie anga\u017cuj\u0105. Nihil novi sub sole, trudno pokaza\u0107, \u017ce dobro wsp\u00f3lne wymaga zaanga\u017cowania w konkretnej sytuacji. Protesty s\u0105 \u2013 nazwijmy to mo\u017ce nie do ko\u0144ca prawid\u0142owo \u2013 bran\u017cowe, czyli zwi\u0105zane z okre\u015blonym gronem. Niezainteresowani pozostaj\u0105 niezaanga\u017cowani. Pozornie wszystko wydaje si\u0119 w porz\u0105dku. Nie mo\u017cna przecie\u017c wymaga\u0107, by kto\u015b niezainteresowany si\u0119 anga\u017cowa\u0142, no bo w imi\u0119 czego? I tu zaczyna si\u0119 problem. Istnieje co\u015b takiego jak dobro wsp\u00f3lne, bardzo trudne do sprecyzowania, bardzo trudno te\u017c nauczy\u0107 si\u0119 widzie\u0107 je na co dzie\u0144, mi\u0119dzy innymi w protestach i niezadowoleniu innych. W zatomizowanym spo\u0142ecze\u0144stwie, podobnie jak w spo\u0142ecze\u0144stwie podzielonym, odwo\u0142ywanie si\u0119 do dobra wsp\u00f3lnego \u2013 czyli tego, co wa\u017cne dla ka\u017cdego niezainteresowanego dominacj\u0105 (Ian Saphiro) \u2013 trafia w pr\u00f3\u017cni\u0119.<\/p>\n\n\n\n<p>Niestety, protesty bran\u017cowe (s\u0119dzi\u00f3w, piel\u0119gniarek, kobiet, pracownik\u00f3w uczelni, nauczycieli itd.) bez oparcia w spo\u0142ecze\u0144stwie, kt\u00f3re rozumie znaczenie dobra wsp\u00f3lnego, szybko si\u0119 wypalaj\u0105. Poprostestowali, pomaszerowali albo posiedzieli, albo poprzebywali (niepe\u0142nosprawni w Sejmie kilka lat temu). W\u0142adza podj\u0119\u0142a dzia\u0142ania, tak by konflikt osi\u0105gn\u0105\u0142 apogeum, po czym co\u015b obieca\u0142a, jakie\u015b rozmowy zosta\u0142y podj\u0119te (albo i nie). Bohaterowie protestu si\u0119 zm\u0119czyli, s\u0105 tylko lud\u017ami, jak d\u0142ugo mo\u017cna beznadziejnie protestowa\u0107? Poszli do domu, bo mimo wszystko trzeba jako\u015b dalej \u017cy\u0107 w zmienionej rzeczywisto\u015bci. Si\u0142y do protestowania te\u017c nie s\u0105 nieograniczone. Poszli do domu. Ale nie zapomnieli, \u017ce s\u0105 przeciwko. Odpoczn\u0105, zbior\u0105 si\u0142y, mo\u017ce co\u015b zmodyfikuj\u0105, zradykalizuj\u0105 si\u0119 troch\u0119, albo i nie. I mo\u017ce znowu wyjd\u0105 na ulice (lub si\u0105d\u0105, lub zbuduj\u0105 miasteczko), bo maj\u0105 nadziej\u0119, \u017ce co\u015b si\u0119 uda zmieni\u0107. I oby tej nadziei nie stracili. Najbardziej niebezpieczny protest to protest tych, kt\u00f3rzy ju\u017c nic nie maj\u0105 do stracenia, nawet nadziei, \u017ce b\u0119dzie si\u0119 jako\u015b da\u0142o \u017cy\u0107. Konflikt wybrzmia\u0142 i stanowiska s\u0105 znane. Tyle i a\u017c tyle. Co dalej \u2013 czas poka\u017ce. Jedno jest pewne: mamy problem.<\/p>\n\n\n\n<hr class=\"wp-block-separator\"\/>\n\n\n\n<p><em>Felieton jest wyrazem opinii autorki. Nie prezentuje stanowiska ZR Ma\u0142opolskie KOD.<\/em><\/p>\n","protected":false},"excerpt":{"rendered":"<p>Konflikty wybuchaj\u0105 i zanikaj\u0105. Co dalej \u2013 nie wiadomo. Wiadomo, \u017ce pewne gremia maj\u0105 problem. Do rozwi\u0105zania d\u0142uga droga\u2026<\/p>\n","protected":false},"author":34,"featured_media":17978,"comment_status":"closed","ping_status":"open","sticky":false,"template":"","format":"standard","meta":{"_EventAllDay":false,"_EventTimezone":"","_EventStartDate":"","_EventEndDate":"","_EventStartDateUTC":"","_EventEndDateUTC":"","_EventShowMap":false,"_EventShowMapLink":false,"_EventURL":"","_EventCost":"","_EventCostDescription":"","_EventCurrencySymbol":"","_EventCurrencyCode":"","_EventCurrencyPosition":"","_EventDateTimeSeparator":"","_EventTimeRangeSeparator":"","_EventOrganizerID":[],"_EventVenueID":[],"_OrganizerEmail":"","_OrganizerPhone":"","_OrganizerWebsite":"","_VenueAddress":"","_VenueCity":"","_VenueCountry":"","_VenueProvince":"","_VenueState":"","_VenueZip":"","_VenuePhone":"","_VenueURL":"","_VenueStateProvince":"","_VenueLat":"","_VenueLng":"","_VenueShowMap":false,"_VenueShowMapLink":false,"footnotes":""},"categories":[596],"tags":[],"class_list":["post-23381","post","type-post","status-publish","format-standard","has-post-thumbnail","hentry","category-felietony","felietony"],"_links":{"self":[{"href":"https:\/\/kodmalopolska.pl\/index.php?rest_route=\/wp\/v2\/posts\/23381","targetHints":{"allow":["GET"]}}],"collection":[{"href":"https:\/\/kodmalopolska.pl\/index.php?rest_route=\/wp\/v2\/posts"}],"about":[{"href":"https:\/\/kodmalopolska.pl\/index.php?rest_route=\/wp\/v2\/types\/post"}],"author":[{"embeddable":true,"href":"https:\/\/kodmalopolska.pl\/index.php?rest_route=\/wp\/v2\/users\/34"}],"replies":[{"embeddable":true,"href":"https:\/\/kodmalopolska.pl\/index.php?rest_route=%2Fwp%2Fv2%2Fcomments&post=23381"}],"version-history":[{"count":0,"href":"https:\/\/kodmalopolska.pl\/index.php?rest_route=\/wp\/v2\/posts\/23381\/revisions"}],"wp:featuredmedia":[{"embeddable":true,"href":"https:\/\/kodmalopolska.pl\/index.php?rest_route=\/wp\/v2\/media\/17978"}],"wp:attachment":[{"href":"https:\/\/kodmalopolska.pl\/index.php?rest_route=%2Fwp%2Fv2%2Fmedia&parent=23381"}],"wp:term":[{"taxonomy":"category","embeddable":true,"href":"https:\/\/kodmalopolska.pl\/index.php?rest_route=%2Fwp%2Fv2%2Fcategories&post=23381"},{"taxonomy":"post_tag","embeddable":true,"href":"https:\/\/kodmalopolska.pl\/index.php?rest_route=%2Fwp%2Fv2%2Ftags&post=23381"}],"curies":[{"name":"wp","href":"https:\/\/api.w.org\/{rel}","templated":true}]}}