{"id":22894,"date":"2021-01-28T13:46:26","date_gmt":"2021-01-28T12:46:26","guid":{"rendered":"https:\/\/kodmalopolska.pl\/?p=22894"},"modified":"2021-02-07T13:36:08","modified_gmt":"2021-02-07T12:36:08","slug":"inkubator-albo-trumna-felieton-joanny-handerek-19","status":"publish","type":"post","link":"https:\/\/kodmalopolska.pl\/?p=22894","title":{"rendered":"Inkubator albo trumna. Felieton Joanny Ha\u0144derek (19)"},"content":{"rendered":"\n<h4 class=\"wp-block-heading\">Kim jest kobieta dla Trybuna\u0142u Konstytucyjnego Magister Przy\u0142\u0119bskiej? Kim jest kobieta w dzisiejszych czasach, kim jeste\u015bmy my, obywatelki i obywatele drugiej kategorii, ci\u0105gle ograniczani w swoich prawach, ci\u0105gle marginalizowani? Droga do dyktatury wiedzie najcz\u0119\u015bciej przez zaw\u0142aszczanie cia\u0142 i \u015bwiadomo\u015bci obywateli i obywatelek, przez socjotechniki niszczenia demokracji i zdrowego rozs\u0105dku. Na razie trwa wojna z kobietami, z s\u0119dziami. Kto nast\u0119pny? Jakie b\u0119d\u0105 konsekwencje tej wojny? Co oznacza wyrok Trybuna\u0142u i dlaczego kobiet\u0119 sprowadzono do roli inkubatora? O tym s\u0142\u00f3w kilka w moim felietonie.<\/h4>\n\n\n\n<p>Teraz ju\u017c wiemy, wyja\u015bni\u0142o si\u0119: \u201edziecko jeszcze nieurodzone, jako istota ludzka \u2013 cz\u0142owiek, kt\u00f3remu przys\u0142uguje przyrodzona i niezbywalna godno\u015b\u0107, jest podmiotem maj\u0105cym prawo do \u017cycia, za\u015b system prawny \u2013 zgodnie z art. 38 Konstytucji \u2013 musi gwarantowa\u0107 nale\u017cyt\u0105 ochron\u0119 temu centralnemu dobru, bez kt\u00f3rego owa podmiotowo\u015b\u0107 zosta\u0142aby przekre\u015blona\u201d; \u201enieracjonalna jest dewitalizacja godno\u015bci cz\u0142owieka z uwagi na jego faz\u0119 rozwojow\u0105, gdy\u017c pozbawienie \u017cycia, bez wzgl\u0119du na jego etap, unicestwia r\u00f3wnocze\u015bnie podmiot, kt\u00f3remu ta godno\u015b\u0107 przynale\u017cy\u201d. Brzmi \u0142adnie, prawda? Sedno w tym, \u017ce to s\u0142owa Trybuna\u0142u Konstytucyjnego Magister Przy\u0142\u0119bskiej usprawiedliwiaj\u0105cego sw\u00f3j wyrok wydany 22 pa\u017adziernika w sprawie aborcji. Klamka zapad\u0142a. Trybuna\u0142 si\u0119 nie cofnie \u2013 kobieta b\u0119dzie rodzi\u0107 i ju\u017c. Nie ma odwo\u0142ania, nie ma racji medycznych, nie ma niepokoju o sam\u0105 kobiet\u0119. Niewa\u017cne, co z p\u0142odem, nieistotny jest jego czy kobiety stan zdrowia. Je\u015bli si\u0119 nie chcia\u0142o by\u0107 w ci\u0105\u017cy, trzeba by\u0142o \u017cy\u0107 w celibacie.<\/p>\n\n\n\n<p>I ju\u017c. Sprawa za\u0142atwiona. Godno\u015b\u0107 rz\u0105dzi. Pytam tylko, czyja godno\u015b\u0107. P\u0142odu \u2013 chorego, uszkodzonego, p\u0142odu bez m\u00f3zgu, p\u0142odu z chorobami, kt\u00f3re nie pozwol\u0105 mu si\u0119 rozwin\u0105\u0107 w dziecko, z obci\u0105\u017ceniami genetycznymi, kt\u00f3re ska\u017c\u0105 dziecko na cierpienie? Chodzi o p\u0142\u00f3d, kt\u00f3ry tu\u017c po narodzinach b\u0119dzie skazany na wegetacj\u0119, cierpienie i \u015bmier\u0107?<\/p>\n\n\n\n<p>I po dyskusji. Godno\u015b\u0107 jest najwa\u017cniejsza. A co z kobiet\u0105? Gdzie jej bezpiecze\u0144stwo? Niech j\u0105 zabije ci\u0105\u017ca zagro\u017cona, patologiczna, p\u0142\u00f3d z wadami genetycznymi, byleby tylko urodzi\u0142a? Na tym polega ta godno\u015b\u0107? Czy o ni\u0105, o kobiet\u0119 zrozpaczon\u0105 tym, \u017ce nie b\u0119dzie mia\u0142a dziecka, \u017ce dziecko w niej umiera, \u017ce jest chore i nic tego nie mo\u017ce zmieni\u0107, czy o ni\u0105, o t\u0119 zrozpaczon\u0105 kobiet\u0119, tak zawzi\u0119cie walczy Trybuna\u0142?<\/p>\n\n\n\n<p>Od 22 pa\u017adziernika niebezpiecznie jest by\u0107 kobiet\u0105 w Polsce. Dzi\u0119ki Trybuna\u0142owi Konstytucyjnemu Magister Przy\u0142\u0119bskiej kobieta w naszym kraju zosta\u0142a sprowadzona do roli inkubatora. W przypadku uszkodzenia p\u0142odu i zmian, kt\u00f3re nie pozwol\u0105 prze\u017cy\u0107 dziecku po porodzie nawet kilku godzin, kobieta staje si\u0119 trumn\u0105, niczym wi\u0119cej. W ustawie, w wyroku i usprawiedliwieniu tego wyroku nie ma ani s\u0142owa o zdrowiu kobiety, o ryzyku, jakie niesie taka zagro\u017cona ci\u0105\u017ca, o psychice kobiety, jej prawie do zdrowia, \u017cycia, jej prawie do godno\u015bci. Kobieta mo\u017ce umrze\u0107, byleby tylko na \u015bwiecie pojawi\u0142o si\u0119 martwe albo tak chore dziecko, \u017ce umrze po swojej matce \u2013 mo\u017ce za par\u0119 dni, mo\u017ce za rok. W razie za\u015b gdyby kobieta mia\u0142a szcz\u0119\u015bcie i prze\u017cy\u0142a patologiczn\u0105 ci\u0105\u017c\u0119 i por\u00f3d, b\u0119dzie mog\u0142a poogl\u0105da\u0107 sobie zw\u0142oki swojego dziecka lub jego agoni\u0119. Ewentualnie do\u015bwiadczy cudu macierzy\u0144stwa, na co dzie\u0144 zmagaj\u0105c si\u0119 z ci\u0119\u017ck\u0105 chorob\u0105 dziecka w bezsilnym oczekiwaniu na jego \u015bmier\u0107. Taka to godno\u015b\u0107 wedle Trybuna\u0142u Konstytucyjnego.<\/p>\n\n\n\n<p>Fakty medyczne si\u0119 nie licz\u0105, zagro\u017cenie dla \u017cycia kobiety jest niewa\u017cne. \u017bycie, o kt\u00f3rym tyle si\u0119 m\u00f3wi: \u017cycie ju\u017c narodzone i ju\u017c \u015bwiadome, \u017cycie kobiety w ci\u0105\u017cy, nie ma znaczenia. B\u00f3j toczy si\u0119 o ideologi\u0119, zygot\u0119, p\u0142\u00f3d uszkodzony, z wadami genetycznymi, p\u0142\u00f3d, kt\u00f3ry nie mo\u017ce rozwin\u0105\u0107 si\u0119 w prawid\u0142owo funkcjonuj\u0105ce, zdrowe dziecko. To wojna z kobietami, to walka polityczna, by udowodni\u0107 wszystkim, kto tu naprawd\u0119 rz\u0105dzi. Dlatego Trybuna\u0142 Konstytucyjny Magister Przy\u0142\u0119bskiej orzeka to, co ma orzec na froncie ideologicznych rozgrywek, pomijaj\u0105c to, co najwa\u017cniejsze: dobro cz\u0142owieka, kobiety. W ca\u0142ej tej awanturze kobieta, sprowadzona do roli inkubatora, jest nieistotna. Uprzedmiotowienie kobiet posuni\u0119te do granic absurdu.<\/p>\n\n\n\n<p>Co si\u0119 dzieje w pa\u0144stwach o tak zaostrzonym prawie antyaborcyjnym, dobrze wiemy. W Salwadorze, Nikaragui czy Gwatemali niejedn\u0105 kobiet\u0119 po poronieniu, jeszcze w szpitalu, jeszcze gdy by\u0142a w szoku i rozpaczy, zakuwano w kajdanki i odprowadzano na komisariat. Inkubator musi by\u0107 pod \u015bcis\u0142\u0105 kontrol\u0105, nie wolno mu ufa\u0107, trzeba stale nadzorowa\u0107 i kara\u0107.<\/p>\n\n\n\n<p>Co si\u0119 dzieje w pa\u0144stwie o tak \u015bcis\u0142ym nadzorze nad obywatelami, te\u017c dobrze wiemy. To re\u017cim totalitarny. Kontrola, nieufno\u015b\u0107, zarz\u0105dzanie ka\u017cd\u0105 sfer\u0105 \u017cycia cz\u0142owieka, odebranie mu prawa do intymno\u015bci, do cia\u0142a, do bycia sob\u0105: techniki prowadz\u0105ce do ca\u0142kowitego zaw\u0142aszczenia. Nar\u00f3d poddany tak restrykcyjnemu nadzorowi ma si\u0119 sta\u0107 bierny i pos\u0142uszny. Zero sprzeciwu. Dlatego protesty kobiet nale\u017cy st\u0142umi\u0107, dlatego ju\u017c teraz nast\u0105pi\u0142a taka brutalizacja policji. Tutaj nie ma miejsca na moje czy twoje zdanie, nie ma miejsca na fakty medyczne, na prawa cz\u0142owieka, tu nie ma dyskusji, tu ju\u017c dzisiaj zaczynaj\u0105 si\u0119 rz\u0105dy totalitarne. Dlatego musimy protestowa\u0107, wspiera\u0107 Strajk Kobiet, wytrwa\u0107 w oporze. Chodzi o co\u015b wi\u0119cej ni\u017c prawa kobiet i ich zagro\u017cone \u017cycie. Wyrok Trybuna\u0142u zgodny z PiS\u2011owsk\u0105 ideologi\u0105 zastraszania oznacza, \u017ce PiS nie cofnie si\u0119 przed niczym, \u017ce d\u0105\u017cy do odebrania nam prawa do nas samych. To jest wojna z kobietami, to jest wojna z nami wszystkimi.<\/p>\n\n\n\n<hr class=\"wp-block-separator\"\/>\n\n\n\n<p><em>Felieton jest wyrazem opinii autorki. Nie prezentuje stanowiska ZR Ma\u0142opolskie KOD.<\/em><\/p>\n","protected":false},"excerpt":{"rendered":"<p>Kim jest kobieta dla Trybuna\u0142u Konstytucyjnego Magister Przy\u0142\u0119bskiej? Kim jest kobieta w dzisiejszych czasach, kim jeste\u015bmy my, obywatelki i obywatele drugiej kategorii, ci\u0105gle ograniczani w swoich prawach, ci\u0105gle marginalizowani? Droga do dyktatury wiedzie najcz\u0119\u015bciej przez zaw\u0142aszczanie cia\u0142 i \u015bwiadomo\u015bci obywateli i obywatelek, przez socjotechniki niszczenia demokracji i zdrowego rozs\u0105dku. Na razie trwa wojna z kobietami, z s\u0119dziami. Kto nast\u0119pny? Jakie b\u0119d\u0105 konsekwencje tej wojny? Co oznacza wyrok Trybuna\u0142u i dlaczego kobiet\u0119 sprowadzono do roli inkubatora? O tym s\u0142\u00f3w kilka w moim felietonie.<\/p>\n","protected":false},"author":24,"featured_media":19411,"comment_status":"closed","ping_status":"open","sticky":false,"template":"","format":"standard","meta":{"_EventAllDay":false,"_EventTimezone":"","_EventStartDate":"","_EventEndDate":"","_EventStartDateUTC":"","_EventEndDateUTC":"","_EventShowMap":false,"_EventShowMapLink":false,"_EventURL":"","_EventCost":"","_EventCostDescription":"","_EventCurrencySymbol":"","_EventCurrencyCode":"","_EventCurrencyPosition":"","_EventDateTimeSeparator":"","_EventTimeRangeSeparator":"","_EventOrganizerID":[],"_EventVenueID":[],"_OrganizerEmail":"","_OrganizerPhone":"","_OrganizerWebsite":"","_VenueAddress":"","_VenueCity":"","_VenueCountry":"","_VenueProvince":"","_VenueState":"","_VenueZip":"","_VenuePhone":"","_VenueURL":"","_VenueStateProvince":"","_VenueLat":"","_VenueLng":"","_VenueShowMap":false,"_VenueShowMapLink":false,"footnotes":""},"categories":[596],"tags":[],"class_list":["post-22894","post","type-post","status-publish","format-standard","has-post-thumbnail","hentry","category-felietony","felietony"],"_links":{"self":[{"href":"https:\/\/kodmalopolska.pl\/index.php?rest_route=\/wp\/v2\/posts\/22894","targetHints":{"allow":["GET"]}}],"collection":[{"href":"https:\/\/kodmalopolska.pl\/index.php?rest_route=\/wp\/v2\/posts"}],"about":[{"href":"https:\/\/kodmalopolska.pl\/index.php?rest_route=\/wp\/v2\/types\/post"}],"author":[{"embeddable":true,"href":"https:\/\/kodmalopolska.pl\/index.php?rest_route=\/wp\/v2\/users\/24"}],"replies":[{"embeddable":true,"href":"https:\/\/kodmalopolska.pl\/index.php?rest_route=%2Fwp%2Fv2%2Fcomments&post=22894"}],"version-history":[{"count":0,"href":"https:\/\/kodmalopolska.pl\/index.php?rest_route=\/wp\/v2\/posts\/22894\/revisions"}],"wp:featuredmedia":[{"embeddable":true,"href":"https:\/\/kodmalopolska.pl\/index.php?rest_route=\/wp\/v2\/media\/19411"}],"wp:attachment":[{"href":"https:\/\/kodmalopolska.pl\/index.php?rest_route=%2Fwp%2Fv2%2Fmedia&parent=22894"}],"wp:term":[{"taxonomy":"category","embeddable":true,"href":"https:\/\/kodmalopolska.pl\/index.php?rest_route=%2Fwp%2Fv2%2Fcategories&post=22894"},{"taxonomy":"post_tag","embeddable":true,"href":"https:\/\/kodmalopolska.pl\/index.php?rest_route=%2Fwp%2Fv2%2Ftags&post=22894"}],"curies":[{"name":"wp","href":"https:\/\/api.w.org\/{rel}","templated":true}]}}