{"id":22675,"date":"2021-01-23T11:28:01","date_gmt":"2021-01-23T10:28:01","guid":{"rendered":"https:\/\/kodmalopolska.pl\/?p=22675"},"modified":"2021-01-23T11:28:04","modified_gmt":"2021-01-23T10:28:04","slug":"reprezentant-felieton-joanny-handerek-18","status":"publish","type":"post","link":"https:\/\/kodmalopolska.pl\/?p=22675","title":{"rendered":"Reprezentant. Felieton Joanny Ha\u0144derek (18)"},"content":{"rendered":"\n<p>Ma reprezentowa\u0107 ka\u017cdego z nas, s\u0142ucha\u0107 i pomaga\u0107. Rzecznik Praw Obywatelskich to gwarant bezpiecze\u0144stwa. Brutalno\u015b\u0107 policji, niesprawiedliwo\u015b\u0107 urz\u0119du lub s\u0105du, krzywda wyrz\u0105dzona obywatelce i obywatelowi, niemoc wobec instytucji pa\u0144stwowych \u2013 w\u0142a\u015bnie do interwencji w takich sprawach rzecznika si\u0119 powo\u0142uje. To funkcja kluczowa dla demokracji i wolno\u015bci obywatelskiej.<\/p>\n\n\n\n<p>No i mamy kandydata z PiS\u2011u, rzecz jasna. W 2019 roku obecny pose\u0142 dosta\u0142 si\u0119 do parlamentu z listy tej partii. Zwi\u0105zany z funkcjami politycznymi, jakimi hojnie obdarowa\u0142o go jego w\u0142asne ugrupowanie, robi sobie spokojnie karier\u0119, stoj\u0105c wiernie za plecami wodza. I mo\u017ce nie by\u0142oby w tym nic z\u0142ego, gdyby nie ta w\u0142a\u015bnie nominacja na urz\u0105d wymagaj\u0105cy bezstronno\u015bci, zaanga\u017cowania w ochron\u0119 r\u00f3wno\u015bci i sprawiedliwo\u015bci. Rzecznik Praw Obywatelskich ma by\u0107 dla ludzi, a nie dla swojej partii. Powinien by\u0107 nie tylko apolityczny, ale przede wszystkim krytyczny wobec w\u0142adzy i wszelkich ideologii. Jak pan Wawrzyk wywi\u0105\u017ce si\u0119 z tego zadania, skoro jego partia jest ksenofobiczna, homofobiczna, antykobieca, antyr\u00f3wno\u015bciowa? Zapowiada si\u0119 nam kolejna atrapa.<\/p>\n\n\n\n<p>I tak bawimy si\u0119 w demokracj\u0119. Zabaw\u0119 funduje nam PiS. Prawo \u2013 takie, jakie akurat odpowiada rz\u0105dz\u0105cym, wolno\u015b\u0107 s\u0142owa \u2013 zastrze\u017cona dla w\u0142adzy i jej zwolennik\u00f3w, sprawiedliwo\u015b\u0107 \u2013 \u0142upy sprawiedliwie dzielone w\u015br\u00f3d najwierniejszych, praworz\u0105dno\u015b\u0107 \u2013 swoi na stanowiskach, Trybuna\u0142 Konstytucyjny \u2013 towarzyska przygoda, Rzecznik Praw Obywatelskich \u2013 sw\u00f3j ch\u0142opak. Tymczasem niepokornych prokurator\u00f3w deleguje si\u0119 do prokuratur rejonowych daleko od domu, s\u0119dziego Tuley\u0119 traktuje si\u0119 jak przest\u0119pc\u0119, protestuj\u0105cych na ulicach obywatelki i obywateli szykanuje si\u0119 coraz brutalniej. Z ka\u017cdym dniem przybywa nam niedorzecznych rozporz\u0105dze\u0144 w\u0142adzy oraz przyk\u0142ad\u00f3w \u0142amania naszych swob\u00f3d. Kandydatura cz\u0142owieka zwi\u0105zanego z parti\u0105 rz\u0105dz\u0105c\u0105 na stanowisko Rzecznika Praw Obywatelskich jest w obecnej sytuacji jasnym wskazaniem, \u017ce w Polsce nie nale\u017cy ju\u017c oczekiwa\u0107 rzetelnego podej\u015bcia do prawa. Zaczynamy by\u0107 krajem atrap wolno\u015bci, sprawiedliwo\u015bci, obywatelsko\u015bci. Nasza demokracja skurczy\u0142a si\u0119 do rozmiar\u00f3w marzenia o mocnej opozycji i pr\u00f3by przetrwania w warunkach absurdu.<\/p>\n\n\n\n<p>I jeszcze jedno, taki drobny szczeg\u00f3\u0142. Rzecznik Praw Obywatelskich sam powinien by\u0107 pomnikowy, pewny, to ma by\u0107 cz\u0142owiek z wiedz\u0105 i g\u0142\u0119bok\u0105 postaw\u0105 moraln\u0105. Dlatego historia z 2011 roku, w kt\u00f3rej obecny kandydat zosta\u0142 oskar\u017cony o plagiat pracy swojej studentki, niepokoi podw\u00f3jnie. Po pierwsze, sprawy nie wyja\u015bniono do ko\u0144ca, a sam Wawrzyk z\u0142o\u017cy\u0142 wniosek o zamkni\u0119cie przewodu habilitacyjnego, by potem napisa\u0107 now\u0105 ksi\u0105\u017ck\u0119 i na jej podstawie si\u0119 habilitowa\u0107. Po drugie, nawet je\u017celi nie by\u0142 to plagiat w \u015bcis\u0142ym sensie, ale na przyk\u0142ad parafrazowanie czy inspirowanie si\u0119 cudz\u0105 prac\u0105, to fakt, \u017ce nie zaznaczono tego wyra\u017anie w tek\u015bcie, stanowi nadu\u017cycie nie tylko w \u015bwietle prawa. Jest to tak naprawd\u0119 z\u0142amanie uczciwo\u015bci, jaka obowi\u0105zuje wyk\u0142adowc\u0119 czy wyk\u0142adowczyni\u0119 wobec studenta czy studentki. To okrutne dzia\u0142anie, nadu\u017cycie asymetrycznej relacji, \u017cerowanie na cz\u0142owieku, kt\u00f3ry cz\u0119sto od nas zale\u017cy. Je\u017celi kandydatem na urz\u0105d Rzecznika Praw Obywatelskich jest cz\u0142owiek oskar\u017cony o plagiat, o wykorzystanie naukowe studentki, to mamy nie fars\u0119, nie tragedi\u0119, ale po prostu zniesienie tego urz\u0119du.<\/p>\n\n\n\n<p>O niech\u0119ci do migrant\u00f3w, o pomys\u0142ach, by ludzi podejrzanych o terroryzm pozbawia\u0107 praw obywatelskich, ju\u017c nie wspomn\u0119. Smutne, \u017ce w naszym kraju na urz\u0105d stra\u017cnika podstawowych praw obywatelskich powo\u0142uje si\u0119 osob\u0119 lekcewa\u017c\u0105c\u0105 drugiego cz\u0142owieka. Przera\u017caj\u0105ce, \u017ce w naszym kraju na stanowisko gwarantuj\u0105ce nam bezpiecze\u0144stwo i wsparcie powo\u0142uje si\u0119 kogo\u015b o w\u0105tpliwym autorytecie. Co to za demokracja, w kt\u00f3rej rzecznik praw obywatelskich jest koleg\u0105 partyjnym pos\u0142\u00f3w i pos\u0142anek? Uczciwo\u015b\u0107 gwarantowana, ale \u2013 jak zawsze \u2013 w wersji jedynie s\u0142usznej i akceptowanej przez pana z \u017boliborza.<\/p>\n\n\n\n<hr class=\"wp-block-separator\"\/>\n\n\n\n<p><em>Felieton jest wyrazem opinii autorki. Nie prezentuje stanowiska ZR Ma\u0142opolskie KOD.<\/em><\/p>\n","protected":false},"excerpt":{"rendered":"<p>Ma reprezentowa\u0107 ka\u017cdego z nas, s\u0142ucha\u0107 i pomaga\u0107. Rzecznik Praw Obywatelskich to gwarant bezpiecze\u0144stwa. Brutalno\u015b\u0107 policji, niesprawiedliwo\u015b\u0107 urz\u0119du lub s\u0105du, [&#8230;]<\/p>\n","protected":false},"author":34,"featured_media":19411,"comment_status":"closed","ping_status":"open","sticky":false,"template":"","format":"standard","meta":{"_EventAllDay":false,"_EventTimezone":"","_EventStartDate":"","_EventEndDate":"","_EventStartDateUTC":"","_EventEndDateUTC":"","_EventShowMap":false,"_EventShowMapLink":false,"_EventURL":"","_EventCost":"","_EventCostDescription":"","_EventCurrencySymbol":"","_EventCurrencyCode":"","_EventCurrencyPosition":"","_EventDateTimeSeparator":"","_EventTimeRangeSeparator":"","_EventOrganizerID":[],"_EventVenueID":[],"_OrganizerEmail":"","_OrganizerPhone":"","_OrganizerWebsite":"","_VenueAddress":"","_VenueCity":"","_VenueCountry":"","_VenueProvince":"","_VenueState":"","_VenueZip":"","_VenuePhone":"","_VenueURL":"","_VenueStateProvince":"","_VenueLat":"","_VenueLng":"","_VenueShowMap":false,"_VenueShowMapLink":false,"footnotes":""},"categories":[596],"tags":[],"class_list":["post-22675","post","type-post","status-publish","format-standard","has-post-thumbnail","hentry","category-felietony","felietony"],"_links":{"self":[{"href":"https:\/\/kodmalopolska.pl\/index.php?rest_route=\/wp\/v2\/posts\/22675","targetHints":{"allow":["GET"]}}],"collection":[{"href":"https:\/\/kodmalopolska.pl\/index.php?rest_route=\/wp\/v2\/posts"}],"about":[{"href":"https:\/\/kodmalopolska.pl\/index.php?rest_route=\/wp\/v2\/types\/post"}],"author":[{"embeddable":true,"href":"https:\/\/kodmalopolska.pl\/index.php?rest_route=\/wp\/v2\/users\/34"}],"replies":[{"embeddable":true,"href":"https:\/\/kodmalopolska.pl\/index.php?rest_route=%2Fwp%2Fv2%2Fcomments&post=22675"}],"version-history":[{"count":0,"href":"https:\/\/kodmalopolska.pl\/index.php?rest_route=\/wp\/v2\/posts\/22675\/revisions"}],"wp:featuredmedia":[{"embeddable":true,"href":"https:\/\/kodmalopolska.pl\/index.php?rest_route=\/wp\/v2\/media\/19411"}],"wp:attachment":[{"href":"https:\/\/kodmalopolska.pl\/index.php?rest_route=%2Fwp%2Fv2%2Fmedia&parent=22675"}],"wp:term":[{"taxonomy":"category","embeddable":true,"href":"https:\/\/kodmalopolska.pl\/index.php?rest_route=%2Fwp%2Fv2%2Fcategories&post=22675"},{"taxonomy":"post_tag","embeddable":true,"href":"https:\/\/kodmalopolska.pl\/index.php?rest_route=%2Fwp%2Fv2%2Ftags&post=22675"}],"curies":[{"name":"wp","href":"https:\/\/api.w.org\/{rel}","templated":true}]}}