{"id":22348,"date":"2021-01-09T15:12:19","date_gmt":"2021-01-09T14:12:19","guid":{"rendered":"https:\/\/kodmalopolska.pl\/?p=22348"},"modified":"2021-01-09T15:12:22","modified_gmt":"2021-01-09T14:12:22","slug":"sprawy-wewnetrzne-felieton-fryderyka-zolla-263","status":"publish","type":"post","link":"https:\/\/kodmalopolska.pl\/?p=22348","title":{"rendered":"Sprawy wewn\u0119trzne. Felieton Fryderyka Zolla (263)"},"content":{"rendered":"\n<p>Objaw\u00f3w istnienia prezydenta Dudy nie mamy za wiele. Ostatnio jednak prezydent zdoby\u0142 si\u0119 na dwa akty: jeden tweet i jedno weto, dowodz\u0105ce, \u017ce jako\u015b tam istnieje. W tweecie wyja\u015bnia\u0142, \u017ce wydarzenia w Waszyngtonie s\u0105 wewn\u0119trznymi sprawami Ameryki, a wetem wobec ustawy reorganizuj\u0105cej dzia\u0142ania rz\u0105du nawo\u0142ywa\u0142 b\u0142agalnie w\u0142asny ob\u00f3z, by nie ignorowa\u0142 go ca\u0142kowicie i ostentacyjnie. Wa\u017cniejszy, paradoksalnie, jest tweet, bo \u015bwiadczy, \u017ce Duda kompletnie nie orientuje si\u0119 w \u015bwiecie pospinanym g\u0119st\u0105 sieci\u0105 zale\u017cno\u015bci. Kryzys Ameryki ma wag\u0119 globaln\u0105. Pokazuje niebezpiecze\u0144stwo, jakie na kraj, a nawet na \u015bwiat, mo\u017ce sprowadzi\u0107 w\u0142adza legalnie wybrana, ale nie szanuj\u0105ca procedur. Brzmi znajomo? U\u017cyte w TVP Info por\u00f3wnanie polskiej opozycji demokratycznej do szturmuj\u0105cych Kapitol poplecznik\u00f3w Trumpa to ca\u0142kowite odwr\u00f3cenie znacze\u0144. To Trump, mimo \u017ce jest legalnym prezydentem, podwa\u017ca\u0142 instytucje pa\u0144stwa i chcia\u0142 je zaw\u0142aszczy\u0107. Podobnie PiS w Polsce traktuje instytucje pa\u0144stwowe, a polska opozycja walczy o ich ocalenie.<\/p>\n\n\n\n<p>Losom Trumpa Duda zapewne przypatruje si\u0119 z obaw\u0105 \u2013 i s\u0142usznie, z tym \u017ce analogia nie jest pe\u0142na. Trump rz\u0105dzi\u0142 naprawd\u0119, ale mimo stara\u0144 nie zniszczy\u0142 instytucji dojrza\u0142ej demokracji (cho\u0107 to przera\u017caj\u0105ce, \u017ce taki cz\u0142owiek na stanowisku prezydenta mo\u017ce wywo\u0142a\u0107 wojn\u0119 lub odpali\u0107 rakiety \u2013 nawet je\u015bli dla Dudy to sprawy wewn\u0119trzne). Teraz te w\u0142a\u015bnie instytucje b\u0119d\u0105 Trumpa chroni\u0107, bo obejmuj\u0105 go gwarancje, jakie pa\u0144stwo prawa daje obywatelom. Duda, mimo \u017ce jako prezydent nie ma nic do powiedzenia, paradoksalnie wydaje si\u0119 skuteczniejszy od Trumpa. Stoi formalnie na czele grupy, kt\u00f3ra pa\u0144stwo prawa zniszczy\u0142a. I niewykluczone, \u017ce obr\u00f3ci si\u0119 to ostatecznie przeciwko niemu. Na to, \u017ce Dudzie grozi rola koz\u0142a ofiarnego, wskazuje jego ca\u0142kowita izolacja tak\u017ce we w\u0142asnym obozie. Dlatego teraz w sprawie nieistotnej prezydent sypie piasek w rz\u0105dowe tryby. Kryje si\u0119 za tym jednak strach. Nadchodzi kres populistycznych dyktatur. I chocia\u017c Duda, bezsilny i bezwolny, wykonywa\u0142 tylko rozkazy, mo\u017ce za to wszystko ponie\u015b\u0107 odpowiedzialno\u015b\u0107. Czy to sprawiedliwe? By\u0107 mo\u017ce nie, ale swoj\u0105 bezwolno\u015bci\u0105 sam do rozmontowania systemu gwarantuj\u0105cego sprawiedliwo\u015b\u0107 przy\u0142o\u017cy\u0142 r\u0119k\u0119.<\/p>\n\n\n\n<hr class=\"wp-block-separator\"\/>\n\n\n\n<p><em>Felieton jest wyrazem opinii autora. Nie prezentuje stanowiska ZR Ma\u0142opolskie KOD.<\/em><\/p>\n","protected":false},"excerpt":{"rendered":"<p>Objaw\u00f3w istnienia prezydenta Dudy nie mamy za wiele. Ostatnio jednak prezydent zdoby\u0142 si\u0119 na dwa akty: jeden tweet i jedno [&#8230;]<\/p>\n","protected":false},"author":34,"featured_media":12411,"comment_status":"closed","ping_status":"open","sticky":false,"template":"","format":"standard","meta":{"_EventAllDay":false,"_EventTimezone":"","_EventStartDate":"","_EventEndDate":"","_EventStartDateUTC":"","_EventEndDateUTC":"","_EventShowMap":false,"_EventShowMapLink":false,"_EventURL":"","_EventCost":"","_EventCostDescription":"","_EventCurrencySymbol":"","_EventCurrencyCode":"","_EventCurrencyPosition":"","_EventDateTimeSeparator":"","_EventTimeRangeSeparator":"","_EventOrganizerID":[],"_EventVenueID":[],"_OrganizerEmail":"","_OrganizerPhone":"","_OrganizerWebsite":"","_VenueAddress":"","_VenueCity":"","_VenueCountry":"","_VenueProvince":"","_VenueState":"","_VenueZip":"","_VenuePhone":"","_VenueURL":"","_VenueStateProvince":"","_VenueLat":"","_VenueLng":"","_VenueShowMap":false,"_VenueShowMapLink":false,"footnotes":""},"categories":[596],"tags":[],"class_list":["post-22348","post","type-post","status-publish","format-standard","has-post-thumbnail","hentry","category-felietony","felietony"],"_links":{"self":[{"href":"https:\/\/kodmalopolska.pl\/index.php?rest_route=\/wp\/v2\/posts\/22348","targetHints":{"allow":["GET"]}}],"collection":[{"href":"https:\/\/kodmalopolska.pl\/index.php?rest_route=\/wp\/v2\/posts"}],"about":[{"href":"https:\/\/kodmalopolska.pl\/index.php?rest_route=\/wp\/v2\/types\/post"}],"author":[{"embeddable":true,"href":"https:\/\/kodmalopolska.pl\/index.php?rest_route=\/wp\/v2\/users\/34"}],"replies":[{"embeddable":true,"href":"https:\/\/kodmalopolska.pl\/index.php?rest_route=%2Fwp%2Fv2%2Fcomments&post=22348"}],"version-history":[{"count":0,"href":"https:\/\/kodmalopolska.pl\/index.php?rest_route=\/wp\/v2\/posts\/22348\/revisions"}],"wp:featuredmedia":[{"embeddable":true,"href":"https:\/\/kodmalopolska.pl\/index.php?rest_route=\/wp\/v2\/media\/12411"}],"wp:attachment":[{"href":"https:\/\/kodmalopolska.pl\/index.php?rest_route=%2Fwp%2Fv2%2Fmedia&parent=22348"}],"wp:term":[{"taxonomy":"category","embeddable":true,"href":"https:\/\/kodmalopolska.pl\/index.php?rest_route=%2Fwp%2Fv2%2Fcategories&post=22348"},{"taxonomy":"post_tag","embeddable":true,"href":"https:\/\/kodmalopolska.pl\/index.php?rest_route=%2Fwp%2Fv2%2Ftags&post=22348"}],"curies":[{"name":"wp","href":"https:\/\/api.w.org\/{rel}","templated":true}]}}