{"id":22317,"date":"2021-01-07T16:40:47","date_gmt":"2021-01-07T15:40:47","guid":{"rendered":"https:\/\/kodmalopolska.pl\/?p=22317"},"modified":"2021-01-07T16:40:51","modified_gmt":"2021-01-07T15:40:51","slug":"rok-2023-felieton-dariusza-szostka-4","status":"publish","type":"post","link":"https:\/\/kodmalopolska.pl\/?p=22317","title":{"rendered":"Rok 2023. Felieton Dariusza Szostka (4)"},"content":{"rendered":"\n<p>Ogl\u0105daj\u0105c w CNN wczorajsz\u0105 (6 stycznia 2020) bezpo\u015bredni\u0105 relacj\u0119 z Waszyngtonu, przez chwil\u0119 mia\u0142em ma\u0142\u0105 iluminacj\u0119: wizj\u0119 jesieni 2023. W kraju \u015brodkowej Europy \u2013 ma\u0142ym, ale maj\u0105cym mocarstwowe ambicje (a przynajmniej maj\u0105cym polityk\u00f3w o mocarstwowych ambicjach) \u2013 setki tysi\u0119cy (nie tylko tysi\u0105ce jak w USA) szturmuj\u0105 zabarykadowany parlament po wyborach wygranych przez ob\u00f3z demokratyczny, ale zakwestionowanych przez specjalnie utworzon\u0105 Izb\u0119 S\u0105du Najwy\u017cszego i zasiadaj\u0105cych tam nie-s\u0119dzi\u00f3w, po orzeczeniu tzw. Trybuna\u0142u o wadliwo\u015bci ordynacji wyborczej, po przed\u0142u\u017ceniu kadencji dotychczasowego parlamentu i rozpisaniu nowych wybor\u00f3w, po kampanii wyborczej pe\u0142nej nienawi\u015bci, k\u0142amstwa i ob\u0142udy. Pa\u0144stwowa telewizja nadaje or\u0119dzie prawdziwego demokraty wzywaj\u0105ce (po raz kolejny, podobnie jak w roku 2020) prawdziwy nar\u00f3d do obrony \u2013 tym razem do obrony parlamentu \u2013 przed nie-narodem\u2026<br \/>Na szcz\u0119\u015bcie ockn\u0105\u0142em si\u0119 b\u0142yskawicznie. Przecie\u017c to niemo\u017cliwe!<\/p>\n\n\n\n<hr class=\"wp-block-separator\"\/>\n\n\n\n<p><em>Felieton jest wyrazem opinii autora. Nie prezentuje stanowiska ZR Ma\u0142opolskie KOD.<\/em><\/p>\n","protected":false},"excerpt":{"rendered":"<p>Ogl\u0105daj\u0105c w CNN wczorajsz\u0105 (6 stycznia 2020) bezpo\u015bredni\u0105 relacj\u0119 z Waszyngtonu, przez chwil\u0119 mia\u0142em ma\u0142\u0105 iluminacj\u0119: wizj\u0119 jesieni 2023. W [&#8230;]<\/p>\n","protected":false},"author":34,"featured_media":19897,"comment_status":"closed","ping_status":"open","sticky":false,"template":"","format":"standard","meta":{"_EventAllDay":false,"_EventTimezone":"","_EventStartDate":"","_EventEndDate":"","_EventStartDateUTC":"","_EventEndDateUTC":"","_EventShowMap":false,"_EventShowMapLink":false,"_EventURL":"","_EventCost":"","_EventCostDescription":"","_EventCurrencySymbol":"","_EventCurrencyCode":"","_EventCurrencyPosition":"","_EventDateTimeSeparator":"","_EventTimeRangeSeparator":"","_EventOrganizerID":[],"_EventVenueID":[],"_OrganizerEmail":"","_OrganizerPhone":"","_OrganizerWebsite":"","_VenueAddress":"","_VenueCity":"","_VenueCountry":"","_VenueProvince":"","_VenueState":"","_VenueZip":"","_VenuePhone":"","_VenueURL":"","_VenueStateProvince":"","_VenueLat":"","_VenueLng":"","_VenueShowMap":false,"_VenueShowMapLink":false,"footnotes":""},"categories":[596],"tags":[],"class_list":["post-22317","post","type-post","status-publish","format-standard","has-post-thumbnail","hentry","category-felietony","felietony"],"_links":{"self":[{"href":"https:\/\/kodmalopolska.pl\/index.php?rest_route=\/wp\/v2\/posts\/22317","targetHints":{"allow":["GET"]}}],"collection":[{"href":"https:\/\/kodmalopolska.pl\/index.php?rest_route=\/wp\/v2\/posts"}],"about":[{"href":"https:\/\/kodmalopolska.pl\/index.php?rest_route=\/wp\/v2\/types\/post"}],"author":[{"embeddable":true,"href":"https:\/\/kodmalopolska.pl\/index.php?rest_route=\/wp\/v2\/users\/34"}],"replies":[{"embeddable":true,"href":"https:\/\/kodmalopolska.pl\/index.php?rest_route=%2Fwp%2Fv2%2Fcomments&post=22317"}],"version-history":[{"count":0,"href":"https:\/\/kodmalopolska.pl\/index.php?rest_route=\/wp\/v2\/posts\/22317\/revisions"}],"wp:featuredmedia":[{"embeddable":true,"href":"https:\/\/kodmalopolska.pl\/index.php?rest_route=\/wp\/v2\/media\/19897"}],"wp:attachment":[{"href":"https:\/\/kodmalopolska.pl\/index.php?rest_route=%2Fwp%2Fv2%2Fmedia&parent=22317"}],"wp:term":[{"taxonomy":"category","embeddable":true,"href":"https:\/\/kodmalopolska.pl\/index.php?rest_route=%2Fwp%2Fv2%2Fcategories&post=22317"},{"taxonomy":"post_tag","embeddable":true,"href":"https:\/\/kodmalopolska.pl\/index.php?rest_route=%2Fwp%2Fv2%2Ftags&post=22317"}],"curies":[{"name":"wp","href":"https:\/\/api.w.org\/{rel}","templated":true}]}}