{"id":22235,"date":"2021-01-04T16:45:13","date_gmt":"2021-01-04T15:45:13","guid":{"rendered":"https:\/\/kodmalopolska.pl\/?p=22235"},"modified":"2021-01-04T16:45:15","modified_gmt":"2021-01-04T15:45:15","slug":"nie-wypada-sie-zaszczepic-felieton-marii-mysonianki-32","status":"publish","type":"post","link":"https:\/\/kodmalopolska.pl\/?p=22235","title":{"rendered":"(Nie) wypada si\u0119 zaszczepi\u0107. Felieton Marii Mysonianki (32)"},"content":{"rendered":"\n<p>Wreszcie mamy szczepionk\u0119 na COVID-19. Jest realna szansa na powr\u00f3t do normalnego funkcjonowania, pracy i spotka\u0144 ze znajomymi. Ale mamy te\u017c powa\u017cny problem \u2013 i to nie tylko taki, jak ze szczepionk\u0105 na gryp\u0119, kt\u00f3ra dla szarego cz\u0142owieka by\u0142a cz\u0119sto niedost\u0119pna (podobno wreszcie dotar\u0142a).<\/p>\n\n\n\n<p>Rozpocz\u0119to szczepienia. Ruch antyszczepionkowy podni\u00f3s\u0142 g\u0142ow\u0119 i zawo\u0142a\u0142: \u201eTo zamach na nasz\u0105 wolno\u015b\u0107!\u201d. Wielu ludzi boi si\u0119 zaszczepi\u0107, a w morzu sprzecznych informacji nie spos\u00f3b si\u0119 zorientowa\u0107, w jakim stopniu te obawy s\u0105 uzasadnione. Dzia\u0142ania w\u0142adzy nie pomagaj\u0105 szaremu obywatelowi w wyrobieniu sobie stanowiska. Prezydent zaszczepi si\u0119 jako ostatni \u2013 tak deklaruje. Zastanawiaj\u0105ce. Czy\u017c nie powinien dawa\u0107 przyk\u0142adu? I w\u0142a\u015bnie daje: zaszczepi si\u0119 ostatni\u2026 Czy nale\u017cy si\u0119 na nim wzorowa\u0107? Przy przyj\u0119tym tempie szczepie\u0144 i posiadanych zasobach szczepionek oznacza\u0142oby to zaszczepienie si\u0119 pod koniec roku 2022 (wersja pesymistyczna?). Wiele do tej pory mo\u017ce si\u0119 zmieni\u0107.<\/p>\n\n\n\n<p>Skoro prezydent chce by\u0107 ostatnim zaszczepionym Polakiem, nie da si\u0119 go zaszczepi\u0107 przed kamerami dla przyk\u0142adu. Prezydentowa milczy (tradycyjnie). Jak zatem zmobilizowa\u0107 nar\u00f3d, by uzna\u0142 szczepienia za co\u015b w\u0142a\u015bciwego? Potrzebna jest akcja promocyjna. Najwi\u0119kszym autorytetem cieszy si\u0119 u nas zapewne Ko\u015bci\u00f3\u0142 i\u2026 celebryci. Ko\u015bci\u00f3\u0142 ma swoje problemy, dlatego lepiej zacz\u0105\u0107 od celebryt\u00f3w. B\u0119d\u0105 twarzami akcji szczepie\u0144. O \u015bwi\u0119ta naiwno\u015bci! W\u0142adza \u017cyje aferami, z afer czerpie energi\u0119 i si\u0142\u0119 do dzia\u0142ania, na aferach buduje poparcie spo\u0142eczne. W psychologii nazywane jest to wampiryzmem emocjonalnym: energia do dzia\u0142ania pochodzi od tych, z kt\u00f3rych j\u0105 wsysamy, na og\u00f3\u0142 ca\u0142kowicie ich przy tym dyskredytuj\u0105c. Z tak\u0105 sytuacj\u0105 mamy do czynienia. Zaszczepiono znanych i lubianych aktor\u00f3w. Mieli by\u0107 twarzami akcji szczepie\u0144, a stali si\u0119 czym\u015b zupe\u0142nie innym: przestrog\u0105 dla wszystkich, kt\u00f3rzy z r\u00f3\u017cnych wzgl\u0119d\u00f3w (rodzaju pracy, chor\u00f3b wsp\u00f3\u0142istniej\u0105cych lub po prostu przez przypadek, bo byli w odpowiednim miejscu w odpowiednim czasie, jak to si\u0119 czasami zdarza) mogliby si\u0119 zaszczepi\u0107 ju\u017c teraz. Obawiam si\u0119, \u017ce w\u0142a\u015bnie wytwarza si\u0119 atmosfera typu \u201enie szczep si\u0119, na pewno nie nale\u017cysz do grupy, kt\u00f3ra powinna si\u0119 szczepi\u0107 w tym terminie i ma do tego prawo, a ty wpychasz si\u0119 bez kolejki i twoje dzia\u0142anie jest skandaliczne\u201d. A \u017ce jest wolna szczepionka, kt\u00f3ra si\u0119 zmarnuje, poniewa\u017c zbiorcza fiolka ju\u017c otwarta? \u017be uprawniony zaszczepi\u0107 si\u0119 nie chce? Trudno. Uwa\u017caj, mo\u017cesz zosta\u0107 pot\u0119piony. To nie jest senny koszmar, m\u0119cz\u0105ca mara, to nasza rzeczywisto\u015b\u0107. I tylko aktor\u00f3w szkoda\u2026<\/p>\n\n\n\n<hr class=\"wp-block-separator\"\/>\n\n\n\n<p><em>Felieton jest wyrazem opinii autorki. Nie prezentuje stanowiska ZR Ma\u0142opolskie KOD.<\/em><\/p>\n","protected":false},"excerpt":{"rendered":"<p>Wreszcie mamy szczepionk\u0119 na COVID-19. Jest realna szansa na powr\u00f3t do normalnego funkcjonowania, pracy i spotka\u0144 ze znajomymi. Ale mamy [&#8230;]<\/p>\n","protected":false},"author":34,"featured_media":17978,"comment_status":"closed","ping_status":"open","sticky":false,"template":"","format":"standard","meta":{"_EventAllDay":false,"_EventTimezone":"","_EventStartDate":"","_EventEndDate":"","_EventStartDateUTC":"","_EventEndDateUTC":"","_EventShowMap":false,"_EventShowMapLink":false,"_EventURL":"","_EventCost":"","_EventCostDescription":"","_EventCurrencySymbol":"","_EventCurrencyCode":"","_EventCurrencyPosition":"","_EventDateTimeSeparator":"","_EventTimeRangeSeparator":"","_EventOrganizerID":[],"_EventVenueID":[],"_OrganizerEmail":"","_OrganizerPhone":"","_OrganizerWebsite":"","_VenueAddress":"","_VenueCity":"","_VenueCountry":"","_VenueProvince":"","_VenueState":"","_VenueZip":"","_VenuePhone":"","_VenueURL":"","_VenueStateProvince":"","_VenueLat":"","_VenueLng":"","_VenueShowMap":false,"_VenueShowMapLink":false,"footnotes":""},"categories":[596],"tags":[],"class_list":["post-22235","post","type-post","status-publish","format-standard","has-post-thumbnail","hentry","category-felietony","felietony"],"_links":{"self":[{"href":"https:\/\/kodmalopolska.pl\/index.php?rest_route=\/wp\/v2\/posts\/22235","targetHints":{"allow":["GET"]}}],"collection":[{"href":"https:\/\/kodmalopolska.pl\/index.php?rest_route=\/wp\/v2\/posts"}],"about":[{"href":"https:\/\/kodmalopolska.pl\/index.php?rest_route=\/wp\/v2\/types\/post"}],"author":[{"embeddable":true,"href":"https:\/\/kodmalopolska.pl\/index.php?rest_route=\/wp\/v2\/users\/34"}],"replies":[{"embeddable":true,"href":"https:\/\/kodmalopolska.pl\/index.php?rest_route=%2Fwp%2Fv2%2Fcomments&post=22235"}],"version-history":[{"count":0,"href":"https:\/\/kodmalopolska.pl\/index.php?rest_route=\/wp\/v2\/posts\/22235\/revisions"}],"wp:featuredmedia":[{"embeddable":true,"href":"https:\/\/kodmalopolska.pl\/index.php?rest_route=\/wp\/v2\/media\/17978"}],"wp:attachment":[{"href":"https:\/\/kodmalopolska.pl\/index.php?rest_route=%2Fwp%2Fv2%2Fmedia&parent=22235"}],"wp:term":[{"taxonomy":"category","embeddable":true,"href":"https:\/\/kodmalopolska.pl\/index.php?rest_route=%2Fwp%2Fv2%2Fcategories&post=22235"},{"taxonomy":"post_tag","embeddable":true,"href":"https:\/\/kodmalopolska.pl\/index.php?rest_route=%2Fwp%2Fv2%2Ftags&post=22235"}],"curies":[{"name":"wp","href":"https:\/\/api.w.org\/{rel}","templated":true}]}}