{"id":22155,"date":"2020-12-31T16:28:37","date_gmt":"2020-12-31T15:28:37","guid":{"rendered":"https:\/\/kodmalopolska.pl\/?p=22155"},"modified":"2020-12-31T16:28:39","modified_gmt":"2020-12-31T15:28:39","slug":"zyczenia-noworoczne-felieton-marcina-nowaka-19","status":"publish","type":"post","link":"https:\/\/kodmalopolska.pl\/?p=22155","title":{"rendered":"\u017byczenia (nowo)roczne. Felieton Marcina Nowaka (19)"},"content":{"rendered":"\n<p>Na pocz\u0105tku chcia\u0142bym podzi\u0119kowa\u0107 \u017byciu za to, \u017ce w tym w\u0142a\u015bnie czasie da\u0142o mi pozna\u0107 tyle wspania\u0142ych, cudownych, pe\u0142nych kreatywno\u015bci, m\u0105dro\u015bci, innowacyjno\u015bci i pozytywnej energii os\u00f3b. Dzi\u0119kuj\u0119 za wasz\u0105 obecno\u015b\u0107 i za wsp\u00f3lne dzia\u0142anie, wymian\u0119 my\u015bli, do\u015bwiadcze\u0144 i za owocne rozmowy i czatowanie.<br \/>Dzi\u0119kuj\u0119.<\/p>\n\n\n\n<p>\u201eNajwa\u017cniejsze jest to, co zabierasz ze sob\u0105, a nie to, co zostaje za plecami\u201d \u2013 pisze dzisiaj Beata Pawlikowska. I cho\u0107 te s\u0142owa s\u0105 aktualne w ka\u017cdej chwili, bo ka\u017cda chwila mo\u017ce by\u0107 pocz\u0105tkiem umownego okresu zwanego rokiem, to jednak dzi\u015b dla wi\u0119kszo\u015bci mog\u0105 mie\u0107 szczeg\u00f3lne znaczenie, bo umownie przeskakujemy w kolejny rok kalendarzowy.<\/p>\n\n\n\n<p>Tak wi\u0119c \u017cycz\u0119 nam, aby to, co by\u0142o, to, co si\u0119 wydarzy\u0142o, i to, co si\u0119 nie wydarzy\u0142o z r\u00f3\u017cnych wzgl\u0119d\u00f3w, a wydarzy\u0107 si\u0119 mog\u0142o, pozosta\u0142o w tym umownym okresie roku 2020; aby\u015bmy umieli odpu\u015bci\u0107 sobie wszystko, o co tak usilnie walczymy, bo wydaje nam si\u0119 jedynym rozwi\u0105zaniem albo czym\u015b najwa\u017cniejszym, najlepszym, i aby\u015bmy otworzyli si\u0119 na zwyci\u0119stwo, kt\u00f3re \u017bycie wci\u0105\u017c przez nami stawia; aby\u015bmy przywo\u0142uj\u0105c stare, sprawdzone metody z przesz\u0142o\u015bci, umieli uaktualnia\u0107 je wed\u0142ug wyzwa\u0144 rzeczywisto\u015bci, kt\u00f3ra nadchodzi; aby\u015bmy umieli sobie przebaczy\u0107 brak odwagi, determinacji, szczero\u015bci, momenty s\u0142abo\u015bci, uwalniaj\u0105c si\u0119 od ci\u0119\u017caru poczucia winy i przekonania, \u017ce gdyby\u015bmy to lub tamto zrobili lub nie, to by\u0142oby dobrze. Do\u015b\u0107 \u017ca\u0142owania. Nie wiemy, co by si\u0119 wydarzy\u0142o, gdyby\u015bmy w przesz\u0142o\u015bci post\u0105pili tak lub inaczej. Umiejmy wzi\u0105\u0107 w nawias posiadan\u0105 wiedz\u0119 i do\u015bwiadczenie, otwieraj\u0105c si\u0119 na to, czego jeszcze nie wiemy, czego jeszcze nie znamy.<\/p>\n\n\n\n<p>Niech ten dzie\u0144 b\u0119dzie dniem uwolnienia si\u0119 od upartej my\u015bli, \u017ce jest tak, a nie inaczej, i \u017ce nic si\u0119 nie zmieni, dop\u00f3ki\u2026 Odpu\u015b\u0107my niezrealizowane plany, niewypowiedziane s\u0142owa, niepodj\u0119te dzia\u0142ania, odpu\u015b\u0107my sobie wszystko, co mogli\u015bmy zrobi\u0107, a czego z r\u00f3\u017cnych wzgl\u0119d\u00f3w nie zrobili\u015bmy. Uwolnijmy rzeczywisto\u015b\u0107, siebie, naszych bliskich, nasz umys\u0142 i posiadan\u0105 wiedz\u0119 \u2013 uwolnijmy z przekonania, \u017ce\u2026 Odpu\u015b\u0107my sobie wewn\u0119trznie, oswobod\u017amy rzeczywisto\u015b\u0107, nad kt\u00f3r\u0105 chcemy mie\u0107 kontrol\u0119. Odpu\u015b\u0107my, zostawmy i z lekkim sercem i otwartym umys\u0142em, bez zb\u0119dnego baga\u017cu targanego ze sob\u0105 latami wejd\u017amy w ten nowy, umowny okres \u2013 z now\u0105 nadziej\u0105, z now\u0105 energi\u0105, now\u0105 kreatywno\u015bci\u0105, z nowymi pomys\u0142ami i z nowym dzia\u0142aniem. W tym nowym umownym okresie wszystko mo\u017ce si\u0119 zdarzy\u0107, a \u015bwiat i \u017bycie otwieraj\u0105 nieograniczone mo\u017cliwo\u015bci i one wszystkie s\u0105 dost\u0119pne dla ka\u017cdego z nas. Je\u017celi kto\u015b mo\u017ce je ograniczy\u0107, to tylko my sami.<\/p>\n\n\n\n<p>\u017bycz\u0119 nam wszystkim owocnej wsp\u00f3\u0142pracy z \u017byciem, bo ono prowadzi nas po najlepszej z mo\u017cliwych dr\u00f3g: mojej, twojej, naszej.<\/p>\n\n\n\n<hr class=\"wp-block-separator\"\/>\n\n\n\n<p><em>Felieton jest wyrazem opinii autora. Nie prezentuje stanowiska ZR Ma\u0142opolskie KOD.<\/em><\/p>\n","protected":false},"excerpt":{"rendered":"<p>Na pocz\u0105tku chcia\u0142bym podzi\u0119kowa\u0107 \u017byciu za to, \u017ce w tym w\u0142a\u015bnie czasie da\u0142o mi pozna\u0107 tyle wspania\u0142ych, cudownych, pe\u0142nych kreatywno\u015bci, [&#8230;]<\/p>\n","protected":false},"author":34,"featured_media":18827,"comment_status":"closed","ping_status":"open","sticky":false,"template":"","format":"standard","meta":{"_EventAllDay":false,"_EventTimezone":"","_EventStartDate":"","_EventEndDate":"","_EventStartDateUTC":"","_EventEndDateUTC":"","_EventShowMap":false,"_EventShowMapLink":false,"_EventURL":"","_EventCost":"","_EventCostDescription":"","_EventCurrencySymbol":"","_EventCurrencyCode":"","_EventCurrencyPosition":"","_EventDateTimeSeparator":"","_EventTimeRangeSeparator":"","_EventOrganizerID":[],"_EventVenueID":[],"_OrganizerEmail":"","_OrganizerPhone":"","_OrganizerWebsite":"","_VenueAddress":"","_VenueCity":"","_VenueCountry":"","_VenueProvince":"","_VenueState":"","_VenueZip":"","_VenuePhone":"","_VenueURL":"","_VenueStateProvince":"","_VenueLat":"","_VenueLng":"","_VenueShowMap":false,"_VenueShowMapLink":false,"footnotes":""},"categories":[596],"tags":[],"class_list":["post-22155","post","type-post","status-publish","format-standard","has-post-thumbnail","hentry","category-felietony","felietony"],"_links":{"self":[{"href":"https:\/\/kodmalopolska.pl\/index.php?rest_route=\/wp\/v2\/posts\/22155","targetHints":{"allow":["GET"]}}],"collection":[{"href":"https:\/\/kodmalopolska.pl\/index.php?rest_route=\/wp\/v2\/posts"}],"about":[{"href":"https:\/\/kodmalopolska.pl\/index.php?rest_route=\/wp\/v2\/types\/post"}],"author":[{"embeddable":true,"href":"https:\/\/kodmalopolska.pl\/index.php?rest_route=\/wp\/v2\/users\/34"}],"replies":[{"embeddable":true,"href":"https:\/\/kodmalopolska.pl\/index.php?rest_route=%2Fwp%2Fv2%2Fcomments&post=22155"}],"version-history":[{"count":0,"href":"https:\/\/kodmalopolska.pl\/index.php?rest_route=\/wp\/v2\/posts\/22155\/revisions"}],"wp:featuredmedia":[{"embeddable":true,"href":"https:\/\/kodmalopolska.pl\/index.php?rest_route=\/wp\/v2\/media\/18827"}],"wp:attachment":[{"href":"https:\/\/kodmalopolska.pl\/index.php?rest_route=%2Fwp%2Fv2%2Fmedia&parent=22155"}],"wp:term":[{"taxonomy":"category","embeddable":true,"href":"https:\/\/kodmalopolska.pl\/index.php?rest_route=%2Fwp%2Fv2%2Fcategories&post=22155"},{"taxonomy":"post_tag","embeddable":true,"href":"https:\/\/kodmalopolska.pl\/index.php?rest_route=%2Fwp%2Fv2%2Ftags&post=22155"}],"curies":[{"name":"wp","href":"https:\/\/api.w.org\/{rel}","templated":true}]}}