{"id":22095,"date":"2020-12-30T17:03:14","date_gmt":"2020-12-30T16:03:14","guid":{"rendered":"https:\/\/kodmalopolska.pl\/?p=22095"},"modified":"2020-12-30T17:09:18","modified_gmt":"2020-12-30T16:09:18","slug":"milczenie-pierwszej-damy-felieton-marii-mysonianki-30","status":"publish","type":"post","link":"https:\/\/kodmalopolska.pl\/?p=22095","title":{"rendered":"Milczenie pierwszej damy. Felieton Marii Mysonianki (30)"},"content":{"rendered":"\n<p>Milczenie jest z\u0142otem, mowa srebrem. Czasami lepiej si\u0119 powstrzyma\u0107 od m\u00f3wienia, na przyk\u0142ad po to, by nie powiedzie\u0107 czego\u015b g\u0142upiego albo niestosownego. Jak d\u0142ugo jednak mo\u017cna milcze\u0107? Wszystko zale\u017cy od powodu milczenia. Pierwsze damy zazwyczaj nie milcz\u0105, s\u0105 aktywne i przez swoj\u0105 dzia\u0142alno\u015b\u0107, na og\u00f3\u0142 charytatywn\u0105, wspieraj\u0105 m\u0119\u017c\u00f3w \u2013 prezydent\u00f3w. Trudno natomiast znale\u017a\u0107 w mediach informacj\u0119, co robi nasza obecna pierwsza dama. Trzeba wej\u015b\u0107 na internetow\u0105 stron\u0119 rz\u0105du, by si\u0119 tego dowiedzie\u0107. Mo\u017ce jest ma\u0142o medialna? Ma sw\u00f3j styl, kt\u00f3ry mo\u017ce si\u0119 podoba\u0107 albo i nie, ale raczej to nie w stylu problem. W czym zatem? Dlaczego nie odczuwamy jej obecno\u015bci w sferze publicznej? Mo\u017ce to efekt preferowanego przez obecn\u0105 w\u0142adz\u0119 modelu rodziny? Pos\u0142uszna \u017cona w tradycyjnym ma\u0142\u017ce\u0144stwie wspomaga m\u0119\u017ca i nie odzywa si\u0119 niepytana? Stoi obok, popiera, ale jest to poparcie milcz\u0105ce, poniewa\u017c jako kobieta nie powinna si\u0119 odzywa\u0107? A mo\u017ce nie chce si\u0119 odzywa\u0107 z sobie tylko wiadomych przyczyn?<\/p>\n\n\n\n<p>Zbli\u017ca si\u0119 koniec roku \u2013 roku trudnego, roku pandemii, w kt\u00f3rym ka\u017cde ciep\u0142e s\u0142owo otuchy, wsparcia, wskazania sensu w przestrzeganiu nakaz\u00f3w, tak cz\u0119sto zmienianych przez w\u0142adze, by\u0142oby mile widziane, a nawet oczekiwane. Co powie pierwsza dama podzielonemu pod r\u00f3\u017cnymi wzgl\u0119dami narodowi? W\u0142a\u015bnie doszed\u0142 nam nowy podzia\u0142: na tych, kt\u00f3rzy maj\u0105 mo\u017cliwo\u015b\u0107 zaszczepienia si\u0119 i z niej skorzystaj\u0105, na tych, kt\u00f3rzy si\u0119 nie zaszczepi\u0105, poniewa\u017c nie chc\u0105, chocia\u017c mog\u0105, oraz na tych, kt\u00f3rzy nie mog\u0105 si\u0119 zaszczepi\u0107, poniewa\u017c nie nale\u017c\u0105 do grup szczepionych w pierwszej kolejno\u015bci i musz\u0105 z czysto praktycznych wzgl\u0119d\u00f3w poczeka\u0107. Jaki przekaz pop\u0142ynie do narodu? \u201eSzcz\u0119\u015bliwego Nowego Roku\u201d?<\/p>\n\n\n\n<p>Milcze\u0107 mo\u017cna latami. Felicjan Dulski w ko\u0144cu przem\u00f3wi\u0142: \u201eA niech was wszyscy diabli!!!\u201d.<\/p>\n\n\n\n<hr class=\"wp-block-separator\"\/>\n\n\n\n<p><em>Felieton jest wyrazem opinii autorki. Nie prezentuje stanowiska ZR Ma\u0142opolskie KOD.<\/em><\/p>\n","protected":false},"excerpt":{"rendered":"<p>Milczenie jest z\u0142otem, mowa srebrem. Czasami lepiej si\u0119 powstrzyma\u0107 od m\u00f3wienia, na przyk\u0142ad po to, by nie powiedzie\u0107 czego\u015b g\u0142upiego [&#8230;]<\/p>\n","protected":false},"author":34,"featured_media":17978,"comment_status":"closed","ping_status":"open","sticky":false,"template":"","format":"standard","meta":{"_EventAllDay":false,"_EventTimezone":"","_EventStartDate":"","_EventEndDate":"","_EventStartDateUTC":"","_EventEndDateUTC":"","_EventShowMap":false,"_EventShowMapLink":false,"_EventURL":"","_EventCost":"","_EventCostDescription":"","_EventCurrencySymbol":"","_EventCurrencyCode":"","_EventCurrencyPosition":"","_EventDateTimeSeparator":"","_EventTimeRangeSeparator":"","_EventOrganizerID":[],"_EventVenueID":[],"_OrganizerEmail":"","_OrganizerPhone":"","_OrganizerWebsite":"","_VenueAddress":"","_VenueCity":"","_VenueCountry":"","_VenueProvince":"","_VenueState":"","_VenueZip":"","_VenuePhone":"","_VenueURL":"","_VenueStateProvince":"","_VenueLat":"","_VenueLng":"","_VenueShowMap":false,"_VenueShowMapLink":false,"footnotes":""},"categories":[596],"tags":[],"class_list":["post-22095","post","type-post","status-publish","format-standard","has-post-thumbnail","hentry","category-felietony","felietony"],"_links":{"self":[{"href":"https:\/\/kodmalopolska.pl\/index.php?rest_route=\/wp\/v2\/posts\/22095","targetHints":{"allow":["GET"]}}],"collection":[{"href":"https:\/\/kodmalopolska.pl\/index.php?rest_route=\/wp\/v2\/posts"}],"about":[{"href":"https:\/\/kodmalopolska.pl\/index.php?rest_route=\/wp\/v2\/types\/post"}],"author":[{"embeddable":true,"href":"https:\/\/kodmalopolska.pl\/index.php?rest_route=\/wp\/v2\/users\/34"}],"replies":[{"embeddable":true,"href":"https:\/\/kodmalopolska.pl\/index.php?rest_route=%2Fwp%2Fv2%2Fcomments&post=22095"}],"version-history":[{"count":0,"href":"https:\/\/kodmalopolska.pl\/index.php?rest_route=\/wp\/v2\/posts\/22095\/revisions"}],"wp:featuredmedia":[{"embeddable":true,"href":"https:\/\/kodmalopolska.pl\/index.php?rest_route=\/wp\/v2\/media\/17978"}],"wp:attachment":[{"href":"https:\/\/kodmalopolska.pl\/index.php?rest_route=%2Fwp%2Fv2%2Fmedia&parent=22095"}],"wp:term":[{"taxonomy":"category","embeddable":true,"href":"https:\/\/kodmalopolska.pl\/index.php?rest_route=%2Fwp%2Fv2%2Fcategories&post=22095"},{"taxonomy":"post_tag","embeddable":true,"href":"https:\/\/kodmalopolska.pl\/index.php?rest_route=%2Fwp%2Fv2%2Ftags&post=22095"}],"curies":[{"name":"wp","href":"https:\/\/api.w.org\/{rel}","templated":true}]}}