{"id":22066,"date":"2020-12-29T14:39:22","date_gmt":"2020-12-29T13:39:22","guid":{"rendered":"https:\/\/kodmalopolska.pl\/?p=22066"},"modified":"2020-12-29T14:39:24","modified_gmt":"2020-12-29T13:39:24","slug":"covidowa-karuzela-felieton-anny-marii-rizzo-5","status":"publish","type":"post","link":"https:\/\/kodmalopolska.pl\/?p=22066","title":{"rendered":"Covidowa karuzela. Felieton Anny Marii Rizzo (5)"},"content":{"rendered":"\n<p>To, \u017ce pandemia to nie \u017carty, wie prawie ka\u017cdy. Chocia\u017c mo\u017ce nie \u2013 na pewno nie zdaje sobie z tego sprawy nasz rz\u0105d, kt\u00f3ry eksperymentuje kosztem zdrowia i \u017cycia milion\u00f3w obywateli. Raz wysy\u0142a dzieci do szko\u0142y, zdejmuje obostrzenia, og\u0142asza, \u017ce pandemia w Polsce min\u0119\u0142a, i zach\u0119ca do masowego udzia\u0142u w wyborach. Innym razem, gdy wykrywa si\u0119 u nas po kilka tysi\u0119cy zaka\u017ce\u0144 dziennie, rz\u0105d postanawia wykorzysta\u0107 \u015brodki w\u0142o\u017cone w nieu\u017cywany Stadion Narodowy i zrobi\u0107 z niego szpital polowy, trwoni\u0105c na to wi\u0119cej pieni\u0119dzy, ni\u017c by\u0142oby potrzebne na dodatkowe miejsca w szpitalach. W ko\u0144cu za\u015b zauwa\u017ca to, o czym dawno przekona\u0142a si\u0119 wi\u0119kszo\u015b\u0107 Polak\u00f3w: kiedy uczniowie nie chodz\u0105 do szko\u0142y, liczba chorych spada (a wystarczy\u0142o zapyta\u0107 lekarzy medycyny rodzinnej!). W tym roku na ulicach protestowa\u0142a ju\u017c chyba ka\u017cda grupa spo\u0142eczna: kobiety, m\u0142odzi, rolnicy, przedsi\u0119biorcy, dramatycznie pr\u00f3buj\u0105c zwr\u00f3ci\u0107 uwag\u0119 w\u0142adzy na swoje problemy. PiS jednak konsekwentnie trzyma si\u0119 strategii \u201ewykrzycz\u0105 si\u0119 i im przejdzie\u201d. Chcia\u0142abym, \u017ceby by\u0142a to strategia b\u0142\u0119dna, ale pami\u0119taj\u0105c, jak sko\u0144czy\u0142y si\u0119 protesty przeciwko bezczeszczeniu Trybuna\u0142u Konstytucyjnego, jestem nastawiona sceptycznie.<br \/>Ostatnio nasza wielce szanowna w\u0142adza postanowi\u0142a zn\u00f3w zabawi\u0107 si\u0119 kosztem obywateli. Wprowadzi\u0142a kr\u00f3tki lockdown zako\u0144czony tu\u017c przed sezonem \u015bwi\u0105tecznym. Nast\u0119pnie uzna\u0142a, \u017ce nie wolno dopu\u015bci\u0107 do wi\u0119kszych zgromadze\u0144 przy \u015bwi\u0105tecznym stole \u2013 czy to dla ochrony przed wirusem, czy to w obawie przed tajnymi knowaniami przeciw mi\u0142o\u015bciwie nam rz\u0105dz\u0105cym. Tu\u017c po ograniczeniu wieczoru wigilijnego wymy\u015blono ograniczenie sylwestra, godzin\u0119 policyjn\u0105, zakaz zgromadze\u0144 i zakup\u00f3w. Przez kilka dni trzymano nas w niepewno\u015bci, a\u017c tu nagle si\u0119 okaza\u0142o, \u017ce noc sylwestrowa jednak nie jest gro\u017ana i nie trzeba zamyka\u0107 nas w domu. Dochodz\u0119 do wniosku, \u017ce nie b\u0119d\u0119 ju\u017c si\u0119 skupia\u0107 na nowych teoriach i decyzjach rz\u0105du, bo w \u017cyciu codziennym i tak brak mi spokoju, a rz\u0105dowych zmian rozporz\u0105dze\u0144 mo\u017cna si\u0119 spodziewa\u0107 z dnia na dzie\u0144. W Polsce nie ma ju\u017c stabilno\u015bci prawa ani nastroj\u00f3w, jeste\u015bmy jednym wielkim eksperymentem, o ile nie \u017cartem. Nasze potrzeby i legitymizacja, kt\u00f3r\u0105 jako suweren powinni\u015bmy dawa\u0107 (albo nie) w\u0142adzy, s\u0105 konsekwentnie i jednoznacznie ignorowane.<\/p>\n\n\n\n<hr class=\"wp-block-separator\"\/>\n\n\n\n<p><em>Felieton jest wyrazem opinii autorki. Nie prezentuje stanowiska ZR Ma\u0142opolskie KOD.<\/em><\/p>\n","protected":false},"excerpt":{"rendered":"<p>To, \u017ce pandemia to nie \u017carty, wie prawie ka\u017cdy. Chocia\u017c mo\u017ce nie \u2013 na pewno nie zdaje sobie z tego [&#8230;]<\/p>\n","protected":false},"author":34,"featured_media":19665,"comment_status":"closed","ping_status":"open","sticky":false,"template":"","format":"standard","meta":{"_EventAllDay":false,"_EventTimezone":"","_EventStartDate":"","_EventEndDate":"","_EventStartDateUTC":"","_EventEndDateUTC":"","_EventShowMap":false,"_EventShowMapLink":false,"_EventURL":"","_EventCost":"","_EventCostDescription":"","_EventCurrencySymbol":"","_EventCurrencyCode":"","_EventCurrencyPosition":"","_EventDateTimeSeparator":"","_EventTimeRangeSeparator":"","_EventOrganizerID":[],"_EventVenueID":[],"_OrganizerEmail":"","_OrganizerPhone":"","_OrganizerWebsite":"","_VenueAddress":"","_VenueCity":"","_VenueCountry":"","_VenueProvince":"","_VenueState":"","_VenueZip":"","_VenuePhone":"","_VenueURL":"","_VenueStateProvince":"","_VenueLat":"","_VenueLng":"","_VenueShowMap":false,"_VenueShowMapLink":false,"footnotes":""},"categories":[596],"tags":[],"class_list":["post-22066","post","type-post","status-publish","format-standard","has-post-thumbnail","hentry","category-felietony","felietony"],"_links":{"self":[{"href":"https:\/\/kodmalopolska.pl\/index.php?rest_route=\/wp\/v2\/posts\/22066","targetHints":{"allow":["GET"]}}],"collection":[{"href":"https:\/\/kodmalopolska.pl\/index.php?rest_route=\/wp\/v2\/posts"}],"about":[{"href":"https:\/\/kodmalopolska.pl\/index.php?rest_route=\/wp\/v2\/types\/post"}],"author":[{"embeddable":true,"href":"https:\/\/kodmalopolska.pl\/index.php?rest_route=\/wp\/v2\/users\/34"}],"replies":[{"embeddable":true,"href":"https:\/\/kodmalopolska.pl\/index.php?rest_route=%2Fwp%2Fv2%2Fcomments&post=22066"}],"version-history":[{"count":0,"href":"https:\/\/kodmalopolska.pl\/index.php?rest_route=\/wp\/v2\/posts\/22066\/revisions"}],"wp:featuredmedia":[{"embeddable":true,"href":"https:\/\/kodmalopolska.pl\/index.php?rest_route=\/wp\/v2\/media\/19665"}],"wp:attachment":[{"href":"https:\/\/kodmalopolska.pl\/index.php?rest_route=%2Fwp%2Fv2%2Fmedia&parent=22066"}],"wp:term":[{"taxonomy":"category","embeddable":true,"href":"https:\/\/kodmalopolska.pl\/index.php?rest_route=%2Fwp%2Fv2%2Fcategories&post=22066"},{"taxonomy":"post_tag","embeddable":true,"href":"https:\/\/kodmalopolska.pl\/index.php?rest_route=%2Fwp%2Fv2%2Ftags&post=22066"}],"curies":[{"name":"wp","href":"https:\/\/api.w.org\/{rel}","templated":true}]}}