{"id":21964,"date":"2020-12-23T11:34:36","date_gmt":"2020-12-23T10:34:36","guid":{"rendered":"https:\/\/kodmalopolska.pl\/?p=21964"},"modified":"2020-12-23T11:34:41","modified_gmt":"2020-12-23T10:34:41","slug":"na-swieta-i-koniec-roku-felieton-fryderyka-zolla-257","status":"publish","type":"post","link":"https:\/\/kodmalopolska.pl\/?p=21964","title":{"rendered":"Na \u015awi\u0119ta i koniec roku. Felieton Fryderyka Zolla (257)"},"content":{"rendered":"\n<p>Zbli\u017caj\u0105 si\u0119 kolejne \u015awi\u0119ta w autorytarnej, niepraworz\u0105dnej Polsce. Z moich \u017cycze\u0144 sprzed roku nie spe\u0142ni\u0142o si\u0119 nic. Rok 2020 okaza\u0142 si\u0119 smutny i cho\u0107 ju\u017c ma\u0142o kto mo\u017ce mie\u0107 z\u0142udzenia co do natury tej w\u0142adzy, spo\u0142ecze\u0144stwo obudzi\u0142o si\u0119 za p\u00f3\u017ano. Nasze potrzeby sta\u0142y si\u0119 bardziej egzystencjalne. Pragniemy dotrwa\u0107 do czas\u00f3w normalno\u015bci. Chcia\u0142bym, by szczepionka okaza\u0142a si\u0119 skuteczna. By\u015bmy znowu mogli si\u0119 spotyka\u0107 i rozmawia\u0107 nieprzedzieleni r\u00f3\u017cnymi komunikatorami. Chcia\u0142bym, by\u015bmy poradzili sobie ekonomicznie i przeszli przez te trudne miesi\u0105ce bez potrzeby zaczynania wszystkiego od nowa. Tegoroczne \u015awi\u0119ta przypadaj\u0105 na okres wielkiego wstrz\u0105su przenikaj\u0105cego pa\u0144stwo, Ko\u015bci\u00f3\u0142, spo\u0142ecze\u0144stwo, nas samych. Od pi\u0119ciu lat tkwimy w narodowej kwarantannie. Rz\u0105du PiS\u2011u pozwoli\u0142y nam popatrze\u0107 na wiele spraw inaczej, cho\u0107 zupe\u0142nie nie wed\u0142ug zamierze\u0144 PiS\u2011owskiej propagandy. Chcia\u0142bym, by z tego innego spojrzenia wynikn\u0119\u0142o co\u015b dobrego, by ten czas nie by\u0142 dla Polski ca\u0142kiem stracony. Chcia\u0142bym, by\u015bmy wielk\u0105 smut\u0119 naszej ojczyzny przetrwali jako obywatele. Ale przyda\u0142by si\u0119 te\u017c cud. Zbli\u017caj\u0105 si\u0119 \u015awi\u0119ta, kt\u00f3re przypominaj\u0105 o nowym pocz\u0105tku i o cudach. Jednego i drugiego pilnie potrzebujemy. Tego \u017cycz\u0119 Pa\u0144stwu i sobie.<\/p>\n\n\n\n<hr class=\"wp-block-separator\"\/>\n\n\n\n<p><em>Felieton jest wyrazem opinii autora. Nie prezentuje stanowiska ZR Ma\u0142opolskie KOD.<\/em><\/p>\n","protected":false},"excerpt":{"rendered":"<p>Zbli\u017caj\u0105 si\u0119 kolejne \u015awi\u0119ta w autorytarnej, niepraworz\u0105dnej Polsce. Z moich \u017cycze\u0144 sprzed roku nie spe\u0142ni\u0142o si\u0119 nic. Rok 2020 okaza\u0142 [&#8230;]<\/p>\n","protected":false},"author":24,"featured_media":12411,"comment_status":"closed","ping_status":"open","sticky":false,"template":"","format":"standard","meta":{"_EventAllDay":false,"_EventTimezone":"","_EventStartDate":"","_EventEndDate":"","_EventStartDateUTC":"","_EventEndDateUTC":"","_EventShowMap":false,"_EventShowMapLink":false,"_EventURL":"","_EventCost":"","_EventCostDescription":"","_EventCurrencySymbol":"","_EventCurrencyCode":"","_EventCurrencyPosition":"","_EventDateTimeSeparator":"","_EventTimeRangeSeparator":"","_EventOrganizerID":[],"_EventVenueID":[],"_OrganizerEmail":"","_OrganizerPhone":"","_OrganizerWebsite":"","_VenueAddress":"","_VenueCity":"","_VenueCountry":"","_VenueProvince":"","_VenueState":"","_VenueZip":"","_VenuePhone":"","_VenueURL":"","_VenueStateProvince":"","_VenueLat":"","_VenueLng":"","_VenueShowMap":false,"_VenueShowMapLink":false,"footnotes":""},"categories":[596],"tags":[],"class_list":["post-21964","post","type-post","status-publish","format-standard","has-post-thumbnail","hentry","category-felietony","felietony"],"_links":{"self":[{"href":"https:\/\/kodmalopolska.pl\/index.php?rest_route=\/wp\/v2\/posts\/21964","targetHints":{"allow":["GET"]}}],"collection":[{"href":"https:\/\/kodmalopolska.pl\/index.php?rest_route=\/wp\/v2\/posts"}],"about":[{"href":"https:\/\/kodmalopolska.pl\/index.php?rest_route=\/wp\/v2\/types\/post"}],"author":[{"embeddable":true,"href":"https:\/\/kodmalopolska.pl\/index.php?rest_route=\/wp\/v2\/users\/24"}],"replies":[{"embeddable":true,"href":"https:\/\/kodmalopolska.pl\/index.php?rest_route=%2Fwp%2Fv2%2Fcomments&post=21964"}],"version-history":[{"count":0,"href":"https:\/\/kodmalopolska.pl\/index.php?rest_route=\/wp\/v2\/posts\/21964\/revisions"}],"wp:featuredmedia":[{"embeddable":true,"href":"https:\/\/kodmalopolska.pl\/index.php?rest_route=\/wp\/v2\/media\/12411"}],"wp:attachment":[{"href":"https:\/\/kodmalopolska.pl\/index.php?rest_route=%2Fwp%2Fv2%2Fmedia&parent=21964"}],"wp:term":[{"taxonomy":"category","embeddable":true,"href":"https:\/\/kodmalopolska.pl\/index.php?rest_route=%2Fwp%2Fv2%2Fcategories&post=21964"},{"taxonomy":"post_tag","embeddable":true,"href":"https:\/\/kodmalopolska.pl\/index.php?rest_route=%2Fwp%2Fv2%2Ftags&post=21964"}],"curies":[{"name":"wp","href":"https:\/\/api.w.org\/{rel}","templated":true}]}}