{"id":21940,"date":"2020-12-22T23:10:22","date_gmt":"2020-12-22T22:10:22","guid":{"rendered":"https:\/\/kodmalopolska.pl\/?p=21940"},"modified":"2020-12-22T23:14:29","modified_gmt":"2020-12-22T22:14:29","slug":"sprawa-dla-prokuratury-felieton-joanny-handerek-11","status":"publish","type":"post","link":"https:\/\/kodmalopolska.pl\/?p=21940","title":{"rendered":"Sprawa dla prokuratury. Felieton Joanny Ha\u0144derek (12)"},"content":{"rendered":"\n<p>Europose\u0142 Dominik Tarczy\u0144ski wykaza\u0142 si\u0119 czujno\u015bci\u0105 i postanowi\u0142 ukara\u0107 blu\u017anierc\u00f3w. Zawiadomi\u0142 wi\u0119c prokuratur\u0119 o pope\u0142nieniu przest\u0119pstwa: na ok\u0142adce jednego z czasopism widnieje Matka Boska z maseczk\u0105 i logo Strajku Kobiet. Skandal!<\/p>\n\n\n\n<p>Nie wiem, nie rozumiem, sama jestem ateistk\u0105 i nic mi do wiary, ale o ile si\u0119 orientuj\u0119, Matka Boska raczej by\u0142a mi\u0142\u0105 dziewczynk\u0105, kt\u00f3ra wcze\u015bnie urodzi\u0142a dziecko, a potem musia\u0142a patrze\u0107, jak jej syn zostaje zakatowany. Czy naprawd\u0119 kto\u015b taki nie popar\u0142aby Strajku Kobiet? Czy jej historia \u2013 historia dziewczynki zwi\u0105zanej z du\u017co starszym m\u0119\u017cczyzn\u0105, historia matki, kt\u00f3rej syn zgin\u0105\u0142 na jej oczach zam\u0119czony przez \u017co\u0142nierzy okupanta, nie wskazuje, \u017ce taka osoba nie by\u0142aby oboj\u0119tna wobec krzywdy innych?<\/p>\n\n\n\n<p>Przywodzi to na my\u015bl spraw\u0119 r\u00f3\u017ca\u0144ca przerobionego na kastet. Je\u017celi r\u00f3\u017caniec s\u0142u\u017cy do modlitwy, a modlitwa jest rozmow\u0105 z Bogiem, to jak r\u00f3\u017caniec mo\u017ce by\u0107 kastetem? M\u00f3j ateistyczny \u0142eb troch\u0119 si\u0119 przegrzewa od wsp\u00f3\u0142czesnych czas\u00f3w. Nadchodz\u0105 \u015bwi\u0119ta, wi\u0119c mo\u017ce narodowcy i skrajni prawicowcy przem\u00f3wi\u0105 ludzkim g\u0142osem i wyt\u0142umacz\u0105 mi, kogo obra\u017ca Matka Boska ze znakiem Strajku Kobiet? I co jest z\u0142ego w t\u0119czowej aureoli wok\u00f3\u0142 jej g\u0142owy? Rozumiem, \u017ce nienawi\u015b\u0107 do drugiego cz\u0142owieka zobowi\u0105zuje, a skoro si\u0119 nale\u017cy do partii, kt\u00f3ra opiera swoje dzia\u0142ania na \u0142amaniu prawa i sprzeniewierzaniu si\u0119 sprawiedliwo\u015bci, to co\u015b z takiej przynale\u017cno\u015bci musi wynika\u0107. Trzeba szuka\u0107 wroga wsz\u0119dzie. Istniej\u0105 jednak jakie\u015b granice logiki, zdrowego rozs\u0105dku. Obrazi\u0107 si\u0119 i wys\u0142a\u0107 zawiadomienie do prokuratury, jakby nie mieli tam powa\u017cniejszych problem\u00f3w \u2013 w sumie do dzisiaj marsze narodowc\u00f3w nie zosta\u0142y z demolek rozliczone \u2013 to chyba co\u015b nie tak. To nie moje \u015brodowisko, ale tak sobie my\u015bl\u0119, \u017ce dla ludzi wierz\u0105cych musi to by\u0107 bardzo przykre, gdy ich symbolami i ich wiar\u0105 wycieraj\u0105 sobie g\u0119by fanatycy op\u0119tani nienawi\u015bci\u0105 i PiS\u2011owsk\u0105 propagand\u0105.<\/p>\n\n\n\n<p>Mamy \u015bwi\u0119ta. Dla chrze\u015bcijan szalenie wa\u017cne i pi\u0119kne: rodzi si\u0119 ich zbawiciel. Dla ateist\u00f3w niezwykle przyjemne, bo miasto roz\u015bwietlaj\u0105 kolorowe lampki i mo\u017cna sobie w domu zrobi\u0107 dekoracje jak do dzieci\u0119cego pokoju marze\u0144. Ot, taki czas oderwania si\u0119 od codzienno\u015bci. I tak ca\u0142kiem przy okazji mo\u017cna sobie \u017cyczy\u0107, by \u015bwiat przesta\u0142 p\u0119dzi\u0107 w stron\u0119 orwellowskiego ob\u0142\u0119du. Je\u017celi kogo\u015b obra\u017ca ok\u0142adka z Matk\u0105 Bosk\u0105 maj\u0105c\u0105 maseczk\u0119 na twarzy i czarn\u0105 parasolk\u0119, a wcze\u015bniej obra\u017ca\u0142a t\u0119cza dorysowana do \u015bwi\u0119tego obrazu, to co\u015b tu jest nie tak. Bardzo nie tak. Oczywi\u015bcie, mo\u017cna powiedzie\u0107, \u017ce nic nie rozumiem, bo jestem ateistk\u0105. Ale rzecz w tym, \u017ce tej postaci nie przedstawiono w spos\u00f3b wulgarny czy karykaturalny. Co wi\u0119cej, jest to tylko obraz. Prokuratorskie dochodzenie powinno raczej si\u0119 koncentrowa\u0107 na policjancie \u0142ami\u0105cym r\u0119k\u0119 drobnej dziewczynie, na policjantach, kt\u00f3rzy w amoku wyci\u0105gaj\u0105 pa\u0142ki teleskopowe i bij\u0105 kobiety. To przedstawiciele partii rz\u0105dz\u0105cej powinni mie\u0107 spotkanie z prokuratur\u0105 za mow\u0119 nienawi\u015bci stosowan\u0105 na co dzie\u0144, za niszczenie Polski, za nara\u017canie \u017cycia obywatelek i obywateli przez praktyczne zaniechanie walki z pandemi\u0105.<\/p>\n\n\n\n<p>Mamy \u015bwi\u0119ta. Ju\u017c za chwil\u0119 b\u0119dziemy wszyscy \u2013 wierz\u0105cy i atei\u015bci \u2013 siedzie\u0107 przy choince, sk\u0142adaj\u0105c sobie nawzajem \u017cyczenia i ciesz\u0105c si\u0119, \u017ce uda\u0142o nam si\u0119 prze\u017cy\u0107 kolejny rok w coraz bardziej totalitarnym, dziwnym, smutnym kraju. \u017bycz\u0119 zatem Pa\u0144stwu i sobie, by wr\u00f3ci\u0142a nam normalno\u015b\u0107. By\u015bmy przestali robi\u0107 problemy tam, gdzie ich nie ma, a zacz\u0119li my\u015ble\u0107 o tym, co konieczne. Przed nami kryzys gospodarczy po pandemii, kolejna fala walki z wirusem, upadaj\u0105ca edukacja, zniszczony Trybuna\u0142 Konstytucyjny, \u0142amanie Konstytucji. Mamy co robi\u0107. Ma nas co oburza\u0107. \u017bycz\u0119 wi\u0119c Pa\u0144stwu i sobie, by\u015bmy przetrwali. Tak wigilijnie i ateistycznie: niech nas oburza to, co zniewa\u017ca prawo i Konstytucj\u0119, niech nas boli to, co niszczy nasze obywatelstwo. A w skr\u00f3cie: \u017cycz\u0119 nam wszystkim zdrowego rozs\u0105dku!<\/p>\n\n\n\n<hr class=\"wp-block-separator\"\/>\n\n\n\n<p><em>Felieton jest wyrazem opinii autorki. Nie prezentuje stanowiska ZR Ma\u0142opolskie KOD.<\/em><\/p>\n","protected":false},"excerpt":{"rendered":"<p>Europose\u0142 Dominik Tarczy\u0144ski wykaza\u0142 si\u0119 czujno\u015bci\u0105 i postanowi\u0142 ukara\u0107 blu\u017anierc\u00f3w. Zawiadomi\u0142 wi\u0119c prokuratur\u0119 o pope\u0142nieniu przest\u0119pstwa: na ok\u0142adce jednego z [&#8230;]<\/p>\n","protected":false},"author":34,"featured_media":19411,"comment_status":"closed","ping_status":"open","sticky":false,"template":"","format":"standard","meta":{"_EventAllDay":false,"_EventTimezone":"","_EventStartDate":"","_EventEndDate":"","_EventStartDateUTC":"","_EventEndDateUTC":"","_EventShowMap":false,"_EventShowMapLink":false,"_EventURL":"","_EventCost":"","_EventCostDescription":"","_EventCurrencySymbol":"","_EventCurrencyCode":"","_EventCurrencyPosition":"","_EventDateTimeSeparator":"","_EventTimeRangeSeparator":"","_EventOrganizerID":[],"_EventVenueID":[],"_OrganizerEmail":"","_OrganizerPhone":"","_OrganizerWebsite":"","_VenueAddress":"","_VenueCity":"","_VenueCountry":"","_VenueProvince":"","_VenueState":"","_VenueZip":"","_VenuePhone":"","_VenueURL":"","_VenueStateProvince":"","_VenueLat":"","_VenueLng":"","_VenueShowMap":false,"_VenueShowMapLink":false,"footnotes":""},"categories":[596],"tags":[],"class_list":["post-21940","post","type-post","status-publish","format-standard","has-post-thumbnail","hentry","category-felietony","felietony"],"_links":{"self":[{"href":"https:\/\/kodmalopolska.pl\/index.php?rest_route=\/wp\/v2\/posts\/21940","targetHints":{"allow":["GET"]}}],"collection":[{"href":"https:\/\/kodmalopolska.pl\/index.php?rest_route=\/wp\/v2\/posts"}],"about":[{"href":"https:\/\/kodmalopolska.pl\/index.php?rest_route=\/wp\/v2\/types\/post"}],"author":[{"embeddable":true,"href":"https:\/\/kodmalopolska.pl\/index.php?rest_route=\/wp\/v2\/users\/34"}],"replies":[{"embeddable":true,"href":"https:\/\/kodmalopolska.pl\/index.php?rest_route=%2Fwp%2Fv2%2Fcomments&post=21940"}],"version-history":[{"count":0,"href":"https:\/\/kodmalopolska.pl\/index.php?rest_route=\/wp\/v2\/posts\/21940\/revisions"}],"wp:featuredmedia":[{"embeddable":true,"href":"https:\/\/kodmalopolska.pl\/index.php?rest_route=\/wp\/v2\/media\/19411"}],"wp:attachment":[{"href":"https:\/\/kodmalopolska.pl\/index.php?rest_route=%2Fwp%2Fv2%2Fmedia&parent=21940"}],"wp:term":[{"taxonomy":"category","embeddable":true,"href":"https:\/\/kodmalopolska.pl\/index.php?rest_route=%2Fwp%2Fv2%2Fcategories&post=21940"},{"taxonomy":"post_tag","embeddable":true,"href":"https:\/\/kodmalopolska.pl\/index.php?rest_route=%2Fwp%2Fv2%2Ftags&post=21940"}],"curies":[{"name":"wp","href":"https:\/\/api.w.org\/{rel}","templated":true}]}}