{"id":21930,"date":"2020-12-22T22:01:27","date_gmt":"2020-12-22T21:01:27","guid":{"rendered":"https:\/\/kodmalopolska.pl\/?p=21930"},"modified":"2020-12-22T22:01:32","modified_gmt":"2020-12-22T21:01:32","slug":"zyczenia-prezesa-felieton-fryderyka-zolla-256","status":"publish","type":"post","link":"https:\/\/kodmalopolska.pl\/?p=21930","title":{"rendered":"\u017byczenia prezesa. Felieton Fryderyka Zolla (256)"},"content":{"rendered":"\n<p>Prezes przem\u00f3wi\u0142. W przychylnych dla niego mediach zapowiedzia\u0142, \u017ce dalej b\u0119dzie prezesem. Odetchn\u0119li\u015bmy wszyscy. Jak\u017ce potrzebna nam taka stabilno\u015b\u0107! Dowiedzieli\u015bmy si\u0119 r\u00f3wnie\u017c, \u017ce prezes s\u0105dom nie odpu\u015bci, bo s\u0105 zale\u017cne od opozycji. To nowa figura retoryczna, kt\u00f3ra wskazuje kierunek rozwoju prezesowskich obsesji. \u015awiat b\u0119dzie si\u0119 mierzy\u0142 z nowymi falami pandemii, a my znowu wyjdziemy na ulice w obronie s\u0105d\u00f3w. Nied\u0142ugo zreszt\u0105 nie b\u0119dzie czego tam zbiera\u0107. Tak si\u0119 sta\u0142o z Trybuna\u0142em Konstytucyjnym. To, co istnieje, zatraci\u0142o konstytutywne cechy s\u0105du. Sp\u0142aszczenie struktury s\u0105downictwa przyniesie taki sam skutek. Ale kto wie, mo\u017ce \u0142atwiej b\u0119dzie naprawia\u0107 system wymiaru sprawiedliwo\u015bci, je\u015bli prezes zniszczy go do spodu, nie zostawiaj\u0105c niedom\u00f3wie\u0144? Tak jest z Izb\u0105 Dyscyplinarn\u0105 \u2013 nies\u0105dem obsadzonym nies\u0119dziami, kt\u00f3rych nie b\u0119d\u0105 chroni\u0107 \u017cadne gwarancje. PiS my\u015bli, \u017ce zdo\u0142a oszuka\u0107 Uni\u0119: po ca\u0142kowitym przej\u0119ciu S\u0105du Najwy\u017cszego Izba Dyscyplinarna nie b\u0119dzie potrzebna i orzeczenia TSUE uderz\u0105 w pustk\u0119. Tu prezes si\u0119 przeliczy, tymczasem jednak dostarczy nam wszystkim zaj\u0119cia, tak by\u015bmy nie zd\u0105\u017cyli si\u0119 po\u0142apa\u0107, \u017ce przegrywamy z pandemi\u0105. Prezes wprawdzie nie pochwala \u0142amania r\u0105k, ale te ca\u0142e demonstracje niszcz\u0105 Polsk\u0119, wi\u0119c si\u0119 nie dziwmy, \u017ce r\u0119ce s\u0105 \u0142amane. Prezes ch\u0119tnie je dla Polski po\u015bwi\u0119ci \u2013 dla tej swojej Polski: obsesyjnej, ksenofobicznej. Z prezesowskich \u017cycze\u0144 wynika, \u017ce nie musimy si\u0119 martwi\u0107 o to, czy takie organizacje jak KOD s\u0105 jeszcze potrzebne. Wchodzimy w kolejny rok, w kt\u00f3rym zmniejsza\u0107 si\u0119 b\u0119dzie przestrze\u0144 wolno\u015bci. Prezes zapowiada to bez ogr\u00f3dek. Nie b\u0119dzie wi\u0119c dla nikogo zaskoczeniem, je\u015bli jego obietnice si\u0119 spe\u0142ni\u0105. A spe\u0142ni\u0105 si\u0119, o ile pozostaniemy bierni. Prawnicy z inicjatywy Wolne S\u0105dy trafnie ukazali z\u0142ego Miko\u0142aja w otoczeniu elf\u00f3w z neozomowskim ekwipunkiem. Zbli\u017caj\u0105 si\u0119 \u015awi\u0119ta w pa\u0144stwie, kt\u00f3re przesta\u0142o by\u0107 wsp\u00f3lnym domem. Prezydenta ma\u0142o to interesuje. Na pewno znajdzie si\u0119 jak\u0105\u015b o\u015bla \u0142\u0105czka, dzi\u0119ki kt\u00f3rej sezon nie b\u0119dzie stracony. Polska nie b\u0119dzie mog\u0142a tego o sobie powiedzie\u0107.<\/p>\n\n\n\n<hr class=\"wp-block-separator\"\/>\n\n\n\n<p><em>Felieton jest wyrazem opinii autora. Nie prezentuje stanowiska ZR Ma\u0142opolskie KOD.<\/em><\/p>\n","protected":false},"excerpt":{"rendered":"<p>Prezes przem\u00f3wi\u0142. W przychylnych dla niego mediach zapowiedzia\u0142, \u017ce dalej b\u0119dzie prezesem. Odetchn\u0119li\u015bmy wszyscy. Jak\u017ce potrzebna nam taka stabilno\u015b\u0107! Dowiedzieli\u015bmy [&#8230;]<\/p>\n","protected":false},"author":34,"featured_media":12411,"comment_status":"closed","ping_status":"open","sticky":false,"template":"","format":"standard","meta":{"_EventAllDay":false,"_EventTimezone":"","_EventStartDate":"","_EventEndDate":"","_EventStartDateUTC":"","_EventEndDateUTC":"","_EventShowMap":false,"_EventShowMapLink":false,"_EventURL":"","_EventCost":"","_EventCostDescription":"","_EventCurrencySymbol":"","_EventCurrencyCode":"","_EventCurrencyPosition":"","_EventDateTimeSeparator":"","_EventTimeRangeSeparator":"","_EventOrganizerID":[],"_EventVenueID":[],"_OrganizerEmail":"","_OrganizerPhone":"","_OrganizerWebsite":"","_VenueAddress":"","_VenueCity":"","_VenueCountry":"","_VenueProvince":"","_VenueState":"","_VenueZip":"","_VenuePhone":"","_VenueURL":"","_VenueStateProvince":"","_VenueLat":"","_VenueLng":"","_VenueShowMap":false,"_VenueShowMapLink":false,"footnotes":""},"categories":[596],"tags":[],"class_list":["post-21930","post","type-post","status-publish","format-standard","has-post-thumbnail","hentry","category-felietony","felietony"],"_links":{"self":[{"href":"https:\/\/kodmalopolska.pl\/index.php?rest_route=\/wp\/v2\/posts\/21930","targetHints":{"allow":["GET"]}}],"collection":[{"href":"https:\/\/kodmalopolska.pl\/index.php?rest_route=\/wp\/v2\/posts"}],"about":[{"href":"https:\/\/kodmalopolska.pl\/index.php?rest_route=\/wp\/v2\/types\/post"}],"author":[{"embeddable":true,"href":"https:\/\/kodmalopolska.pl\/index.php?rest_route=\/wp\/v2\/users\/34"}],"replies":[{"embeddable":true,"href":"https:\/\/kodmalopolska.pl\/index.php?rest_route=%2Fwp%2Fv2%2Fcomments&post=21930"}],"version-history":[{"count":0,"href":"https:\/\/kodmalopolska.pl\/index.php?rest_route=\/wp\/v2\/posts\/21930\/revisions"}],"wp:featuredmedia":[{"embeddable":true,"href":"https:\/\/kodmalopolska.pl\/index.php?rest_route=\/wp\/v2\/media\/12411"}],"wp:attachment":[{"href":"https:\/\/kodmalopolska.pl\/index.php?rest_route=%2Fwp%2Fv2%2Fmedia&parent=21930"}],"wp:term":[{"taxonomy":"category","embeddable":true,"href":"https:\/\/kodmalopolska.pl\/index.php?rest_route=%2Fwp%2Fv2%2Fcategories&post=21930"},{"taxonomy":"post_tag","embeddable":true,"href":"https:\/\/kodmalopolska.pl\/index.php?rest_route=%2Fwp%2Fv2%2Ftags&post=21930"}],"curies":[{"name":"wp","href":"https:\/\/api.w.org\/{rel}","templated":true}]}}