{"id":21761,"date":"2020-12-14T23:41:44","date_gmt":"2020-12-14T22:41:44","guid":{"rendered":"https:\/\/kodmalopolska.pl\/?p=21761"},"modified":"2020-12-14T23:41:48","modified_gmt":"2020-12-14T22:41:48","slug":"ulica-n-i-sedziowska-niezaleznosc-felieton-fryderyka-zolla-253","status":"publish","type":"post","link":"https:\/\/kodmalopolska.pl\/?p=21761","title":{"rendered":"Ulica N. i s\u0119dziowska niezale\u017cno\u015b\u0107. Felieton Fryderyka Zolla (253)"},"content":{"rendered":"\n<p>Uzasadnienie orzeczenia uchylaj\u0105cego immunitet s\u0119dziemu Igorowi Tuleyi przejdzie do historii pisania uzasadnie\u0144. Byt nazywaj\u0105cy si\u0119 Izb\u0105 Dyscyplinarn\u0105 nie poprzesta\u0142 na podaniu motyw\u00f3w rozstrzygni\u0119cia, ale po\u015bwi\u0119ci\u0142 ko\u0144cowy fragment sobie samemu i w\u0142asnej martyrologii. Jest bowiem Izba przedmiotem nagonki. Padaj\u0105 zarzuty, \u017ce jej orzeczenie zosta\u0142o napisane na ulicy N. Jak dowiadujemy si\u0119 z tej literackiej analizy, s\u0119dziowie, tak\u017ce s\u0119dzia Tuleya, organizuj\u0105 r\u00f3\u017cnego rodzaju nieprzyja\u017anie pomrukuj\u0105ce wiece. Mo\u017cemy jednak by\u0107 spokojni: Izba Dyscyplinarna kieruje si\u0119 wy\u0142\u0105cznie prawem i sumieniem, a nie wol\u0105 ulicy. Uzasadnienie to czyta\u0142em wiele razy, ledwo wierz\u0105c w\u0142asnym oczom. Autorzy relacjonuj\u0105 dzia\u0142alno\u015b\u0107 s\u0119dziego Tuleyi w ramach ulicznych protest\u00f3w, b\u0119d\u0105c\u0105 w og\u00f3le poza przedmiotem rozpoznania, bo przecie\u017c w tym zakresie nie prowadz\u0105 \u017cadnego post\u0119powania dowodowego. Z ich s\u0142\u00f3w jasno wynika, \u017ce orzekaj\u0105cy w Izbie Dyscyplinarnej s\u0105 do s\u0119dziego Tulei uprzedzeni, po prostu go nienawidz\u0105 i daj\u0105 tej nienawi\u015bci upust. Gdyby to by\u0142 s\u0105d, by\u0142oby oczywiste, \u017ce na decyzj\u0119 o uchyleniu immunitetu wp\u0142yn\u0119\u0142y okoliczno\u015bci spoza sprawy, zwi\u0105zane z osobistymi odczuciami i niech\u0119ci\u0105 do pods\u0105dnego. A sk\u0105d sk\u0142adowi orzekaj\u0105cemu przysz\u0142o na my\u015bl, \u017ce orzeczenie mia\u0142oby zosta\u0107 napisane na ulicy N.? W pa\u0144stwie autorytarnym dobry podw\u0142adny odczytuje wol\u0119 w\u0142adcy, nawet kiedy w\u0142adca s\u0142ownie tej woli nie wyrazi. Orzeczenie nie musia\u0142o by\u0107 napisane na ulicy N., bo ulica N. jest w g\u0142owach i w sercach sk\u0142adu orzekaj\u0105cego. Dop\u00f3ki ulica N. rz\u0105dzi, s\u0119dziowie Izby Dyscyplinarnej mog\u0105 udawa\u0107 s\u0105d i pobiera\u0107 o 40% wy\u017csze wynagrodzenie ni\u017c s\u0119dziowie S\u0105du Najwy\u017cszego. Dop\u00f3ki ulica N. trzyma w\u0142adz\u0119, mo\u017cna tworzy\u0107 uzasadnienia z literack\u0105 charakterystyk\u0105 cierpie\u0144 ich autor\u00f3w. O tym dokumencie nie b\u0119dzie mo\u017cna zapomnie\u0107. Jest kwintesencj\u0105 systemu, w kt\u00f3rym ulica N. decyduje o wszystkim. Trybuna\u0142 Sprawiedliwo\u015bci Unii Europejskiej zawiesi\u0142 Izb\u0119 Dyscyplinarn\u0105, nie b\u0119d\u0105c pewnym, czy mo\u017cna uzna\u0107 j\u0105 za s\u0105d. Po lekturze tego uzasadnienia europejscy s\u0119dziowie prze\u017cyj\u0105 szok, ale przynajmniej pozb\u0119d\u0105 si\u0119 wszelkich w\u0105tpliwo\u015bci, a raczej z\u0142udze\u0144.<\/p>\n\n\n\n<hr class=\"wp-block-separator\"\/>\n\n\n\n<p><em>Felieton jest wyrazem opinii autora. Nie prezentuje stanowiska ZR Ma\u0142opolskie KOD.<\/em><\/p>\n","protected":false},"excerpt":{"rendered":"<p>Uzasadnienie orzeczenia uchylaj\u0105cego immunitet s\u0119dziemu Igorowi Tuleyi przejdzie do historii pisania uzasadnie\u0144. Byt nazywaj\u0105cy si\u0119 Izb\u0105 Dyscyplinarn\u0105 nie poprzesta\u0142 na [&#8230;]<\/p>\n","protected":false},"author":34,"featured_media":12411,"comment_status":"closed","ping_status":"open","sticky":false,"template":"","format":"standard","meta":{"_EventAllDay":false,"_EventTimezone":"","_EventStartDate":"","_EventEndDate":"","_EventStartDateUTC":"","_EventEndDateUTC":"","_EventShowMap":false,"_EventShowMapLink":false,"_EventURL":"","_EventCost":"","_EventCostDescription":"","_EventCurrencySymbol":"","_EventCurrencyCode":"","_EventCurrencyPosition":"","_EventDateTimeSeparator":"","_EventTimeRangeSeparator":"","_EventOrganizerID":[],"_EventVenueID":[],"_OrganizerEmail":"","_OrganizerPhone":"","_OrganizerWebsite":"","_VenueAddress":"","_VenueCity":"","_VenueCountry":"","_VenueProvince":"","_VenueState":"","_VenueZip":"","_VenuePhone":"","_VenueURL":"","_VenueStateProvince":"","_VenueLat":"","_VenueLng":"","_VenueShowMap":false,"_VenueShowMapLink":false,"footnotes":""},"categories":[596],"tags":[],"class_list":["post-21761","post","type-post","status-publish","format-standard","has-post-thumbnail","hentry","category-felietony","felietony"],"_links":{"self":[{"href":"https:\/\/kodmalopolska.pl\/index.php?rest_route=\/wp\/v2\/posts\/21761","targetHints":{"allow":["GET"]}}],"collection":[{"href":"https:\/\/kodmalopolska.pl\/index.php?rest_route=\/wp\/v2\/posts"}],"about":[{"href":"https:\/\/kodmalopolska.pl\/index.php?rest_route=\/wp\/v2\/types\/post"}],"author":[{"embeddable":true,"href":"https:\/\/kodmalopolska.pl\/index.php?rest_route=\/wp\/v2\/users\/34"}],"replies":[{"embeddable":true,"href":"https:\/\/kodmalopolska.pl\/index.php?rest_route=%2Fwp%2Fv2%2Fcomments&post=21761"}],"version-history":[{"count":0,"href":"https:\/\/kodmalopolska.pl\/index.php?rest_route=\/wp\/v2\/posts\/21761\/revisions"}],"wp:featuredmedia":[{"embeddable":true,"href":"https:\/\/kodmalopolska.pl\/index.php?rest_route=\/wp\/v2\/media\/12411"}],"wp:attachment":[{"href":"https:\/\/kodmalopolska.pl\/index.php?rest_route=%2Fwp%2Fv2%2Fmedia&parent=21761"}],"wp:term":[{"taxonomy":"category","embeddable":true,"href":"https:\/\/kodmalopolska.pl\/index.php?rest_route=%2Fwp%2Fv2%2Fcategories&post=21761"},{"taxonomy":"post_tag","embeddable":true,"href":"https:\/\/kodmalopolska.pl\/index.php?rest_route=%2Fwp%2Fv2%2Ftags&post=21761"}],"curies":[{"name":"wp","href":"https:\/\/api.w.org\/{rel}","templated":true}]}}