{"id":21514,"date":"2020-12-06T14:06:40","date_gmt":"2020-12-06T13:06:40","guid":{"rendered":"https:\/\/kodmalopolska.pl\/?p=21514"},"modified":"2020-12-06T14:06:43","modified_gmt":"2020-12-06T13:06:43","slug":"madry-polak-po-szkodzie-felieton-marii-mysonianki-26","status":"publish","type":"post","link":"https:\/\/kodmalopolska.pl\/?p=21514","title":{"rendered":"M\u0105dry Polak po szkodzie? Felieton Marii Mysonianki (26)"},"content":{"rendered":"\n<p>Grozi nam szkoda, czyli zawetowanie bud\u017cetu Unii Europejskiej na nast\u0119pne lata, kt\u00f3re to weto postawi nas po przeciwnej stronie ni\u017c inne pa\u0144stwa cz\u0142onkowskie (W\u0119gry na pewno co\u015b w ostatniej chwili wymy\u015bl\u0105 i Polska zostanie sama ze swoim twardym stanowiskiem). Polak zawsze chcia\u0142 by\u0107 r\u00f3wny innym \u2013 \u201eszlachcic na zagrodzie r\u00f3wny wojewodzie\u201d. A tu masz, za chwil\u0119 si\u0119 oka\u017ce, \u017ce dumnej i nieugi\u0119tej postawy ugotowa\u0107 na obiad si\u0119 nie da. Zapewne kto\u015b mi zarzuci, \u017ce pragmatyzm przez mnie przemawia, \u017ce odk\u0142adam idee na bok, a przecie\u017c o idee tu chodzi. A i owszem, o idee tu chodzi. O wsp\u00f3ln\u0105 Europ\u0119 i miejsce, kt\u00f3re w niej Polska ma. Jeszcze ma.<\/p>\n\n\n\n<p>Trudne czasy wymagaj\u0105 trzymania si\u0119 razem, realistycznego podej\u015bcia, dostrzegania r\u00f3\u017cnych aspekt\u00f3w i rezygnacji z mocno egoistycznie uj\u0119tych ambicji. Bycie razem \u2013 co \u015bwietnie wie ka\u017cdy, kto nale\u017cy do jakiej\u015b wsp\u00f3lnoty i chce si\u0119 w niej cieszy\u0107 pe\u0142ni\u0105 praw \u2013 cz\u0119sto narzuca pewne kompromisy, ograniczenia. Ale warto! Bo przecie\u017c to nasza wsp\u00f3lnota, nale\u017cymy do niej i j\u0105 wsp\u00f3\u0142tworzymy, bez nas by\u0142aby zupe\u0142nie inna, a i my byliby\u015bmy inni\u2026<\/p>\n\n\n\n<p>Wsp\u00f3lnot\u0119 tworz\u0105 jednostki. W Unii Europejskiej tymi jednostkami s\u0105 pa\u0144stwa. Jednostki bez swoich wsp\u00f3lnot s\u0105 s\u0142abe i samotne, a pa\u0144stwa w zglobalizowanym \u015bwiecie ulegaj\u0105 marginalizacji. Odej\u015bcie jednostek os\u0142abia wsp\u00f3lnot\u0119. \u015awietnie to w teorii wiemy. I co? I nic\u2026 Za chwil\u0119 ambicje wyprowadz\u0105 Polsk\u0119 i Polak\u00f3w ze wsp\u00f3lnej Europy. Ju\u017c kiedy\u015b tak by\u0142o, wcale nie tak dawno, tylko wtedy niewiele mieli\u015bmy do powiedzenia \u2013 tak si\u0119 losy Polski potoczy\u0142y, \u017ce zostali\u015bmy po lewej stronie bez mo\u017cliwo\u015bci wyboru i bez prawa g\u0142osu. M\u0105dry Polak po szkodzie, kt\u00f3rej w\u00f3wczas nie zawini\u0142: ju\u017c w 1989 roku, tu\u017c po zmianie politycznej, pukali\u015bmy do bram Europy i starali\u015bmy si\u0119, \u017ceby nas przyj\u0119to. Du\u017co si\u0119 zmieni\u0142o i a\u017c si\u0119 prosi, by przywo\u0142a\u0107 s\u0142owa, kt\u00f3re do starego przys\u0142owia \u201em\u0105dry Polak po szkodzie\u201d dopisa\u0142 Jan Kochanowski: \u201eNow\u0105 przypowie\u015b\u0107 Polak sobie kupi \/ \u017ce i przed szkod\u0105, i po szkodzie g\u0142upi\u201d\u2026<\/p>\n\n\n\n<hr class=\"wp-block-separator\"\/>\n\n\n\n<p><em>Felieton jest wyrazem opinii autorki. Nie prezentuje stanowiska ZR Ma\u0142opolskie KOD.<\/em><\/p>\n","protected":false},"excerpt":{"rendered":"<p>Grozi nam szkoda, czyli zawetowanie bud\u017cetu Unii Europejskiej na nast\u0119pne lata, kt\u00f3re to weto postawi nas po przeciwnej stronie ni\u017c [&#8230;]<\/p>\n","protected":false},"author":34,"featured_media":17978,"comment_status":"closed","ping_status":"open","sticky":false,"template":"","format":"standard","meta":{"_EventAllDay":false,"_EventTimezone":"","_EventStartDate":"","_EventEndDate":"","_EventStartDateUTC":"","_EventEndDateUTC":"","_EventShowMap":false,"_EventShowMapLink":false,"_EventURL":"","_EventCost":"","_EventCostDescription":"","_EventCurrencySymbol":"","_EventCurrencyCode":"","_EventCurrencyPosition":"","_EventDateTimeSeparator":"","_EventTimeRangeSeparator":"","_EventOrganizerID":[],"_EventVenueID":[],"_OrganizerEmail":"","_OrganizerPhone":"","_OrganizerWebsite":"","_VenueAddress":"","_VenueCity":"","_VenueCountry":"","_VenueProvince":"","_VenueState":"","_VenueZip":"","_VenuePhone":"","_VenueURL":"","_VenueStateProvince":"","_VenueLat":"","_VenueLng":"","_VenueShowMap":false,"_VenueShowMapLink":false,"footnotes":""},"categories":[596],"tags":[],"class_list":["post-21514","post","type-post","status-publish","format-standard","has-post-thumbnail","hentry","category-felietony","felietony"],"_links":{"self":[{"href":"https:\/\/kodmalopolska.pl\/index.php?rest_route=\/wp\/v2\/posts\/21514","targetHints":{"allow":["GET"]}}],"collection":[{"href":"https:\/\/kodmalopolska.pl\/index.php?rest_route=\/wp\/v2\/posts"}],"about":[{"href":"https:\/\/kodmalopolska.pl\/index.php?rest_route=\/wp\/v2\/types\/post"}],"author":[{"embeddable":true,"href":"https:\/\/kodmalopolska.pl\/index.php?rest_route=\/wp\/v2\/users\/34"}],"replies":[{"embeddable":true,"href":"https:\/\/kodmalopolska.pl\/index.php?rest_route=%2Fwp%2Fv2%2Fcomments&post=21514"}],"version-history":[{"count":0,"href":"https:\/\/kodmalopolska.pl\/index.php?rest_route=\/wp\/v2\/posts\/21514\/revisions"}],"wp:featuredmedia":[{"embeddable":true,"href":"https:\/\/kodmalopolska.pl\/index.php?rest_route=\/wp\/v2\/media\/17978"}],"wp:attachment":[{"href":"https:\/\/kodmalopolska.pl\/index.php?rest_route=%2Fwp%2Fv2%2Fmedia&parent=21514"}],"wp:term":[{"taxonomy":"category","embeddable":true,"href":"https:\/\/kodmalopolska.pl\/index.php?rest_route=%2Fwp%2Fv2%2Fcategories&post=21514"},{"taxonomy":"post_tag","embeddable":true,"href":"https:\/\/kodmalopolska.pl\/index.php?rest_route=%2Fwp%2Fv2%2Ftags&post=21514"}],"curies":[{"name":"wp","href":"https:\/\/api.w.org\/{rel}","templated":true}]}}