{"id":21261,"date":"2020-11-27T15:40:20","date_gmt":"2020-11-27T14:40:20","guid":{"rendered":"https:\/\/kodmalopolska.pl\/?p=21261"},"modified":"2020-11-27T16:12:21","modified_gmt":"2020-11-27T15:12:21","slug":"mamy-prawo-strajkkobiet-glos-to-za-malo","status":"publish","type":"post","link":"https:\/\/kodmalopolska.pl\/?p=21261","title":{"rendered":"Mamy prawo! #strajkkobiet G\u0142os to za ma\u0142o!"},"content":{"rendered":"\n<h2 class=\"wp-block-heading\">28.11.2020, KRAK\u00d3W, RYNEK PODG\u00d3RSKI, godz. 13.00<\/h2>\n\n\n\n<h3 class=\"wp-block-heading\"><a href=\"https:\/\/www.facebook.com\/events\/158476345987119\/\" target=\"_blank\" rel=\"noreferrer noopener\">Wydarzenie organizowane przez Og\u00f3lnopolski Strajk Kobiet &#8211; Krak\u00f3w<\/a><\/h3>\n\n\n\n<p>Mamy prawo! <a href=\"https:\/\/www.facebook.com\/hashtag\/mamyprawo?__eep__=6&amp;__cft__[0]=AZWmPFQ8AL1WxZHY56NE2crXpwHD3hE83q6--B9VxPzW_cXxCQwY4vajx-_NXEJj3aIr1bKq4o5-sLVtSf1Agjykch9MprM3QfC47SL4YeyW_GiDYWIwgl4PfUAHMSO6vdY&amp;__tn__=q\">#mamyprawo<\/a><br \/>G\u0142os to za ma\u0142o! #strajkkobiet<br \/>Po 102 latach od wywalczenia praw wyborczych dla kobiet nadal musimy wychodzi\u0107 na ulice, by domaga\u0107 si\u0119 naszych praw!<br \/>Ta walka trwa!<br \/>Po ponad 100 latach musimy nadal broni\u0107 praw cz\u0142owieka, prawa do samostanowienia, do wolno\u015bci i niepodleg\u0142o\u015bci Polek.<br \/>Nasze prababki nie dosta\u0142y praw wyborczych w prezencie \u2013 walczy\u0142y o nie latami z ogromn\u0105 determinacj\u0105! One nie da\u0142y si\u0119 zastraszy\u0107 ponad 100 lat temu i teraz my tak\u017ce nie damy si\u0119 zastraszy\u0107!<br \/>Nie ugniemy si\u0119 ani przed pseudo TK, ani przed rz\u0105dem, ani przed policj\u0105 realizuj\u0105c\u0105 rz\u0105dowe nakazy.<br \/>MOC JEST Z NAMI! Poka\u017cemy j\u0105 w najbli\u017csz\u0105 sobot\u0119 w ca\u0142ej Polsce!<a href=\"https:\/\/www.facebook.com\/hashtag\/strajkkobietkrakow?__eep__=6&amp;__cft__[0]=AZWmPFQ8AL1WxZHY56NE2crXpwHD3hE83q6--B9VxPzW_cXxCQwY4vajx-_NXEJj3aIr1bKq4o5-sLVtSf1Agjykch9MprM3QfC47SL4YeyW_GiDYWIwgl4PfUAHMSO6vdY&amp;__tn__=q\">#strajkkobietkrakow<\/a><a href=\"https:\/\/www.facebook.com\/hashtag\/strajkkobiet?__eep__=6&amp;__cft__[0]=AZWmPFQ8AL1WxZHY56NE2crXpwHD3hE83q6--B9VxPzW_cXxCQwY4vajx-_NXEJj3aIr1bKq4o5-sLVtSf1Agjykch9MprM3QfC47SL4YeyW_GiDYWIwgl4PfUAHMSO6vdY&amp;__tn__=q\">#strajkkobiet<\/a><a href=\"https:\/\/www.facebook.com\/hashtag\/legalnaaborcja?__eep__=6&amp;__cft__[0]=AZWmPFQ8AL1WxZHY56NE2crXpwHD3hE83q6--B9VxPzW_cXxCQwY4vajx-_NXEJj3aIr1bKq4o5-sLVtSf1Agjykch9MprM3QfC47SL4YeyW_GiDYWIwgl4PfUAHMSO6vdY&amp;__tn__=q\">#legalnaaborcja<\/a><a href=\"https:\/\/www.facebook.com\/hashtag\/prawakobiet?__eep__=6&amp;__cft__[0]=AZWmPFQ8AL1WxZHY56NE2crXpwHD3hE83q6--B9VxPzW_cXxCQwY4vajx-_NXEJj3aIr1bKq4o5-sLVtSf1Agjykch9MprM3QfC47SL4YeyW_GiDYWIwgl4PfUAHMSO6vdY&amp;__tn__=q\">#prawakobiet<\/a><\/p>\n","protected":false},"excerpt":{"rendered":"<p>28.11.2020, KRAK\u00d3W, RYNEK PODG\u00d3RSKI, godz. 13.00 Wydarzenie organizowane przez Og\u00f3lnopolski Strajk Kobiet &#8211; Krak\u00f3w Mamy prawo! #mamyprawoG\u0142os to za ma\u0142o! [&#8230;]<\/p>\n","protected":false},"author":2,"featured_media":19465,"comment_status":"closed","ping_status":"open","sticky":false,"template":"","format":"standard","meta":{"_EventAllDay":false,"_EventTimezone":"","_EventStartDate":"","_EventEndDate":"","_EventStartDateUTC":"","_EventEndDateUTC":"","_EventShowMap":false,"_EventShowMapLink":false,"_EventURL":"","_EventCost":"","_EventCostDescription":"","_EventCurrencySymbol":"","_EventCurrencyCode":"","_EventCurrencyPosition":"","_EventDateTimeSeparator":"","_EventTimeRangeSeparator":"","_EventOrganizerID":[],"_EventVenueID":[],"_OrganizerEmail":"","_OrganizerPhone":"","_OrganizerWebsite":"","_VenueAddress":"","_VenueCity":"","_VenueCountry":"","_VenueProvince":"","_VenueState":"","_VenueZip":"","_VenuePhone":"","_VenueURL":"","_VenueStateProvince":"","_VenueLat":"","_VenueLng":"","_VenueShowMap":false,"_VenueShowMapLink":false,"footnotes":""},"categories":[28,354],"tags":[],"class_list":["post-21261","post","type-post","status-publish","format-standard","has-post-thumbnail","hentry","category-malopolskie-news","category-dzialania-wspierane-przez-kod-mlp","malopolskie-news","dzialania-wspierane-przez-kod-mlp"],"_links":{"self":[{"href":"https:\/\/kodmalopolska.pl\/index.php?rest_route=\/wp\/v2\/posts\/21261","targetHints":{"allow":["GET"]}}],"collection":[{"href":"https:\/\/kodmalopolska.pl\/index.php?rest_route=\/wp\/v2\/posts"}],"about":[{"href":"https:\/\/kodmalopolska.pl\/index.php?rest_route=\/wp\/v2\/types\/post"}],"author":[{"embeddable":true,"href":"https:\/\/kodmalopolska.pl\/index.php?rest_route=\/wp\/v2\/users\/2"}],"replies":[{"embeddable":true,"href":"https:\/\/kodmalopolska.pl\/index.php?rest_route=%2Fwp%2Fv2%2Fcomments&post=21261"}],"version-history":[{"count":0,"href":"https:\/\/kodmalopolska.pl\/index.php?rest_route=\/wp\/v2\/posts\/21261\/revisions"}],"wp:featuredmedia":[{"embeddable":true,"href":"https:\/\/kodmalopolska.pl\/index.php?rest_route=\/wp\/v2\/media\/19465"}],"wp:attachment":[{"href":"https:\/\/kodmalopolska.pl\/index.php?rest_route=%2Fwp%2Fv2%2Fmedia&parent=21261"}],"wp:term":[{"taxonomy":"category","embeddable":true,"href":"https:\/\/kodmalopolska.pl\/index.php?rest_route=%2Fwp%2Fv2%2Fcategories&post=21261"},{"taxonomy":"post_tag","embeddable":true,"href":"https:\/\/kodmalopolska.pl\/index.php?rest_route=%2Fwp%2Fv2%2Ftags&post=21261"}],"curies":[{"name":"wp","href":"https:\/\/api.w.org\/{rel}","templated":true}]}}