{"id":21173,"date":"2020-11-26T16:25:56","date_gmt":"2020-11-26T15:25:56","guid":{"rendered":"https:\/\/kodmalopolska.pl\/?p=21173"},"modified":"2020-11-26T16:26:00","modified_gmt":"2020-11-26T15:26:00","slug":"rownosc-felieton-fryderyka-zolla-246","status":"publish","type":"post","link":"https:\/\/kodmalopolska.pl\/?p=21173","title":{"rendered":"R\u00f3wno\u015b\u0107. Felieton Fryderyka Zolla (246)"},"content":{"rendered":"\n<p>Wczoraj mia\u0142em przyjemno\u015b\u0107 wzi\u0105\u0107 udzia\u0142 w organizowanym przez Wiar\u0119 i Spo\u0142ecze\u0144stwo seminarium na temat sumienia i prawa. Dyskutowali prof. Magdalena \u015aroda, prof. Ma\u0142gorzata Fuszara, Lana Dadu, o. Pawe\u0142 Gu\u017cy\u0144ski i ja. W pewnym momencie o. Gu\u017cy\u0144ski poskar\u017cy\u0142 si\u0119, \u017ce podczas solidarno\u015bciowej demonstracji w Eindhoven nie dopuszczono go do g\u0142osu, poniewa\u017c jest duchownym. W ocenie Lany Dadu wynika\u0142o to raczej st\u0105d, \u017ce o. Gu\u017cy\u0144ski jest m\u0119\u017cczyzn\u0105, a na obecnych protestach g\u0142os przede wszystkim maj\u0105 kobiety. Lan\u0119 Dadu wspar\u0142a prof. \u015aroda, wskazuj\u0105c na 2000 lat patriarchalnego ucisku, kt\u00f3ry wymaga zamiany r\u00f3l. Dotkn\u0119\u0142o mnie to. Nie ponosz\u0119 odpowiedzialno\u015bci za 2000 lat patriarchalnego ucisku ani za swoj\u0105 p\u0142e\u0107. Nie odczuwam te\u017c solidarno\u015bci z moj\u0105 p\u0142ci\u0105. Jestem solidarny z lud\u017ami i chcia\u0142bym \u015bwiata, w kt\u00f3rym ludzie b\u0119d\u0105 wolni i b\u0119d\u0105 si\u0119 dobrze czuli niezale\u017cnie od p\u0142ci, orientacji seksualnej czy innych wrodzonych cech. \u017byjemy tu i teraz i chcemy tu i teraz sprawiedliwo\u015bci. Jest oczywiste, \u017ce zwalczanie dyskryminacji nie mo\u017ce si\u0119 ogranicza\u0107 do poziomu formalnego, bez dotkni\u0119cia fundamentalnych przyczyn. Nadrz\u0119dn\u0105 zasad\u0105 musi by\u0107 jednak r\u00f3wno\u015b\u0107. Nie zbudujemy sprawiedliwego spo\u0142ecze\u0144stwa, pr\u00f3buj\u0105c odegra\u0107 si\u0119 za 2000 lat niesprawiedliwo\u015bci. Je\u017celi obecna rewolucja ma przynie\u015b\u0107 trwa\u0142\u0105 zmian\u0119, musi by\u0107 wierna wizji demokracji, w kt\u00f3rej p\u0142e\u0107 nie determinuje szans rozwoju i miejsca w spo\u0142ecze\u0144stwie. Dla tego projektu trzeba zdoby\u0107 poparcie wi\u0119kszo\u015bci. Projekt dyskryminacji <em>\u00e0 rebours<\/em> sko\u0144czy si\u0119 pora\u017ck\u0105, a ostateczny cios zadadz\u0105 mu matki syn\u00f3w, kt\u00f3rym odebrano g\u0142os, bo byli m\u0119\u017cczyznami. Przysz\u0142o\u015b\u0107 wolna od dyskryminacji i zemsty jest ambitnym i atrakcyjnym programem. I do takiej Polski trzeba d\u0105\u017cy\u0107 wszystkimi si\u0142ami.<\/p>\n\n\n\n<hr class=\"wp-block-separator\"\/>\n\n\n\n<p><em>Felieton jest wyrazem opinii autora. Nie prezentuje stanowiska ZR Ma\u0142opolskie KOD.<\/em><\/p>\n","protected":false},"excerpt":{"rendered":"<p>Wczoraj mia\u0142em przyjemno\u015b\u0107 wzi\u0105\u0107 udzia\u0142 w organizowanym przez Wiar\u0119 i Spo\u0142ecze\u0144stwo seminarium na temat sumienia i prawa. Dyskutowali prof. Magdalena [&#8230;]<\/p>\n","protected":false},"author":34,"featured_media":18337,"comment_status":"closed","ping_status":"open","sticky":false,"template":"","format":"standard","meta":{"_EventAllDay":false,"_EventTimezone":"","_EventStartDate":"","_EventEndDate":"","_EventStartDateUTC":"","_EventEndDateUTC":"","_EventShowMap":false,"_EventShowMapLink":false,"_EventURL":"","_EventCost":"","_EventCostDescription":"","_EventCurrencySymbol":"","_EventCurrencyCode":"","_EventCurrencyPosition":"","_EventDateTimeSeparator":"","_EventTimeRangeSeparator":"","_EventOrganizerID":[],"_EventVenueID":[],"_OrganizerEmail":"","_OrganizerPhone":"","_OrganizerWebsite":"","_VenueAddress":"","_VenueCity":"","_VenueCountry":"","_VenueProvince":"","_VenueState":"","_VenueZip":"","_VenuePhone":"","_VenueURL":"","_VenueStateProvince":"","_VenueLat":"","_VenueLng":"","_VenueShowMap":false,"_VenueShowMapLink":false,"footnotes":""},"categories":[596],"tags":[],"class_list":["post-21173","post","type-post","status-publish","format-standard","has-post-thumbnail","hentry","category-felietony","felietony"],"_links":{"self":[{"href":"https:\/\/kodmalopolska.pl\/index.php?rest_route=\/wp\/v2\/posts\/21173","targetHints":{"allow":["GET"]}}],"collection":[{"href":"https:\/\/kodmalopolska.pl\/index.php?rest_route=\/wp\/v2\/posts"}],"about":[{"href":"https:\/\/kodmalopolska.pl\/index.php?rest_route=\/wp\/v2\/types\/post"}],"author":[{"embeddable":true,"href":"https:\/\/kodmalopolska.pl\/index.php?rest_route=\/wp\/v2\/users\/34"}],"replies":[{"embeddable":true,"href":"https:\/\/kodmalopolska.pl\/index.php?rest_route=%2Fwp%2Fv2%2Fcomments&post=21173"}],"version-history":[{"count":0,"href":"https:\/\/kodmalopolska.pl\/index.php?rest_route=\/wp\/v2\/posts\/21173\/revisions"}],"wp:featuredmedia":[{"embeddable":true,"href":"https:\/\/kodmalopolska.pl\/index.php?rest_route=\/wp\/v2\/media\/18337"}],"wp:attachment":[{"href":"https:\/\/kodmalopolska.pl\/index.php?rest_route=%2Fwp%2Fv2%2Fmedia&parent=21173"}],"wp:term":[{"taxonomy":"category","embeddable":true,"href":"https:\/\/kodmalopolska.pl\/index.php?rest_route=%2Fwp%2Fv2%2Fcategories&post=21173"},{"taxonomy":"post_tag","embeddable":true,"href":"https:\/\/kodmalopolska.pl\/index.php?rest_route=%2Fwp%2Fv2%2Ftags&post=21173"}],"curies":[{"name":"wp","href":"https:\/\/api.w.org\/{rel}","templated":true}]}}