{"id":20988,"date":"2020-11-19T18:31:04","date_gmt":"2020-11-19T17:31:04","guid":{"rendered":"https:\/\/kodmalopolska.pl\/?p=20988"},"modified":"2020-11-19T18:31:10","modified_gmt":"2020-11-19T17:31:10","slug":"powtorka-slynnego-planu-m-felieton-marii-mysonianki-21","status":"publish","type":"post","link":"https:\/\/kodmalopolska.pl\/?p=20988","title":{"rendered":"Powt\u00f3rka s\u0142ynnego planu M. Felieton Marii Mysonianki (21)"},"content":{"rendered":"\n<p>Pandemia pustoszy \u015bwiat. Dotkni\u0119ci s\u0105 ni\u0105 wszyscy. Ludzie choruj\u0105 i umieraj\u0105, system opieki zdrowotnej z powodu nadmiaru pacjent\u00f3w staje si\u0119 niewydolny, firmy bankrutuj\u0105, pracownicy z dnia na dzie\u0144 trac\u0105 prac\u0119. Lockdown wy\u0142\u0105czy\u0142 ca\u0142e bran\u017ce gospodarki. \u017bycie przenios\u0142o si\u0119 do sieci \u2013 biznes, edukacja, wszystko, co si\u0119 da (nawet lekcje wuefu), jest online. W j\u0119zyku te\u017c odczuwa si\u0119 zmian\u0119: zaczynamy m\u00f3wi\u0107 o spotkaniach analogowych i cyfrowych\u2026<\/p>\n\n\n\n<p>Jedno natomiast pozostaje niezmienne. Po katastrofie (a mamy nadziej\u0119, \u017ce pandemia w ko\u0144cu minie) potrzebny jest plan naprawczy, najlepiej plan szeroko zakrojony, poniewa\u017c w zglobalizowanym \u015bwiecie wszystko albo jest ze sob\u0105 faktycznie po\u0142\u0105czone, albo takie si\u0119 wydaje. Unia Europejska przygotowuje wielki projekt odbudowy. Projekt, kt\u00f3rego celem jest zapobieganie dalszym stratom, przeciwdzia\u0142anie regresowi, ratunek dla firm i pojedynczych os\u00f3b. W Brukseli trwa debata nad bud\u017cetem na lata 2021\u20132027. Polska jest cz\u0142onkiem Unii Europejskiej, cz\u0142onkiem pe\u0142noprawnym, realnym, nie za \u017celazn\u0105 kurtyn\u0105, nie w bloku pa\u0144stw podporz\u0105dkowanych systemowi ze wschodu. Wydawa\u0142oby si\u0119, \u017ce mo\u017cemy odetchn\u0105\u0107 z ulg\u0105: Unia traktuje swoich cz\u0142onk\u00f3w r\u00f3wno, a zatem je\u015bli projekt zostanie uchwalony, to dla wszystkich, dla Polski te\u017c. Mamy podstawy, by spokojnie (w miar\u0119) patrze\u0107 w przysz\u0142o\u015b\u0107. Jeste\u015bmy we wsp\u00f3lnym domu, nale\u017cymy do Europy.<\/p>\n\n\n\n<p>Niestety, z\u0142udne to nadzieje, \u017ce mo\u017cemy odetchn\u0105\u0107 i spokojnie czeka\u0107 na realizacj\u0119 unijnego planu naprawczego. Polska ma ambicje, wszystkie jej struktury ulegaj\u0105 zmianom, a zmiany nie s\u0105 zgodne z wymaganiami wobec pa\u0144stw demokratycznych &#8211; wed\u0142ug Unii Europejskiej. Zmian nikt Polsce nie narzuca, polski rz\u0105d sam je wprowadza, by nas wie\u015b\u0107 ku lepszej, niezale\u017cnej, wspania\u0142ej przysz\u0142o\u015bci.<\/p>\n\n\n\n<p>Plan naprawczy na lata 2021\u20132027 przypomina s\u0142ynny plan M. Polska nie mog\u0142a w\u00f3wczas otrzyma\u0107 wsparcia, mimo \u017ce zniszczenia II wojny \u015bwiatowej bardzo mocno j\u0105 dotkn\u0119\u0142y. Dzisiaj sami zdecydujemy, czy wzi\u0105\u0107 udzia\u0142 w unijnych dzia\u0142aniach naprawczych. Unia nam je proponuje, a jedyne wymaganie to praworz\u0105dno\u015b\u0107 i demokratyczne rz\u0105dy. W 2004 roku Polska spe\u0142nia\u0142a wszystkie warunki unijne, tak \u017ce stopniowo przed Polakami otwiera\u0142y si\u0119 granice i rynki.<\/p>\n\n\n\n<p>W 1947 roku Polska znalaz\u0142a si\u0119 po drugiej stronie \u2013 tej, kt\u00f3ra z planu M. skorzysta\u0107 nie mog\u0142a z przyczyn ideologicznych. Anno Domini 2020 Polska staje znowu po drugiej stronie, tym razem nie z przymusu.<\/p>\n\n\n\n<p>Szary obywatel patrzy. My\u015bli. Za chwil\u0119 zacznie (mam nadziej\u0119) pyta\u0107: dlaczego inni otrzymuj\u0105 wsparcie, a nam go nie dano? Dlaczego ustawiamy si\u0119 po drugiej stronie? B\u0119dziemy tam zapewne tkwi\u0107 samotnie, bo Victor Orban w ostatniej chwili co\u015b wymy\u015bli. Szykuje nam si\u0119 pyrrusowe zwyci\u0119stwo, a szary obywatel za wszystko zap\u0142aci, nie posiadaj\u0105c si\u0119 ze zdumienia, jak to wszystko jest mo\u017cliwe. Znowu obok, tym razem na w\u0142asne \u017cyczenie\u2026<\/p>\n\n\n\n<hr class=\"wp-block-separator\"\/>\n\n\n\n<p><em>Felieton jest wyrazem opinii autorki. Nie prezentuje stanowiska ZR Ma\u0142opolskie KOD.<\/em><\/p>\n","protected":false},"excerpt":{"rendered":"<p>Pandemia pustoszy \u015bwiat. Dotkni\u0119ci s\u0105 ni\u0105 wszyscy. Ludzie choruj\u0105 i umieraj\u0105, system opieki zdrowotnej z powodu nadmiaru pacjent\u00f3w staje si\u0119 [&#8230;]<\/p>\n","protected":false},"author":34,"featured_media":17978,"comment_status":"closed","ping_status":"open","sticky":false,"template":"","format":"standard","meta":{"_EventAllDay":false,"_EventTimezone":"","_EventStartDate":"","_EventEndDate":"","_EventStartDateUTC":"","_EventEndDateUTC":"","_EventShowMap":false,"_EventShowMapLink":false,"_EventURL":"","_EventCost":"","_EventCostDescription":"","_EventCurrencySymbol":"","_EventCurrencyCode":"","_EventCurrencyPosition":"","_EventDateTimeSeparator":"","_EventTimeRangeSeparator":"","_EventOrganizerID":[],"_EventVenueID":[],"_OrganizerEmail":"","_OrganizerPhone":"","_OrganizerWebsite":"","_VenueAddress":"","_VenueCity":"","_VenueCountry":"","_VenueProvince":"","_VenueState":"","_VenueZip":"","_VenuePhone":"","_VenueURL":"","_VenueStateProvince":"","_VenueLat":"","_VenueLng":"","_VenueShowMap":false,"_VenueShowMapLink":false,"footnotes":""},"categories":[596],"tags":[],"class_list":["post-20988","post","type-post","status-publish","format-standard","has-post-thumbnail","hentry","category-felietony","felietony"],"_links":{"self":[{"href":"https:\/\/kodmalopolska.pl\/index.php?rest_route=\/wp\/v2\/posts\/20988","targetHints":{"allow":["GET"]}}],"collection":[{"href":"https:\/\/kodmalopolska.pl\/index.php?rest_route=\/wp\/v2\/posts"}],"about":[{"href":"https:\/\/kodmalopolska.pl\/index.php?rest_route=\/wp\/v2\/types\/post"}],"author":[{"embeddable":true,"href":"https:\/\/kodmalopolska.pl\/index.php?rest_route=\/wp\/v2\/users\/34"}],"replies":[{"embeddable":true,"href":"https:\/\/kodmalopolska.pl\/index.php?rest_route=%2Fwp%2Fv2%2Fcomments&post=20988"}],"version-history":[{"count":0,"href":"https:\/\/kodmalopolska.pl\/index.php?rest_route=\/wp\/v2\/posts\/20988\/revisions"}],"wp:featuredmedia":[{"embeddable":true,"href":"https:\/\/kodmalopolska.pl\/index.php?rest_route=\/wp\/v2\/media\/17978"}],"wp:attachment":[{"href":"https:\/\/kodmalopolska.pl\/index.php?rest_route=%2Fwp%2Fv2%2Fmedia&parent=20988"}],"wp:term":[{"taxonomy":"category","embeddable":true,"href":"https:\/\/kodmalopolska.pl\/index.php?rest_route=%2Fwp%2Fv2%2Fcategories&post=20988"},{"taxonomy":"post_tag","embeddable":true,"href":"https:\/\/kodmalopolska.pl\/index.php?rest_route=%2Fwp%2Fv2%2Ftags&post=20988"}],"curies":[{"name":"wp","href":"https:\/\/api.w.org\/{rel}","templated":true}]}}