{"id":20937,"date":"2020-11-17T17:37:09","date_gmt":"2020-11-17T16:37:09","guid":{"rendered":"https:\/\/kodmalopolska.pl\/?p=20937"},"modified":"2020-11-17T17:37:12","modified_gmt":"2020-11-17T16:37:12","slug":"igrzyska-glodowe-wersja-nieco-zubozona-felieton-adama-jaskowa-9","status":"publish","type":"post","link":"https:\/\/kodmalopolska.pl\/?p=20937","title":{"rendered":"Igrzyska g\u0142odowe, wersja nieco zubo\u017cona. Felieton Adama Ja\u015bkowa (9)"},"content":{"rendered":"\n<p>Chleba i igrzysk domaga\u0142 si\u0119 podobno lud rzymski (cho\u0107 mam wra\u017cenie, \u017ce bez igrzysk jako\u015b by sobie poradzono). W Grecji igrzyska mia\u0142y charakter pospo\u0142u religijny, integracyjny i intelektualny, ale Rzymianie zrobili z nich istny show. P\u00f3\u017aniej tradycja nieomal zanik\u0142a i odrodzi\u0142a si\u0119 tak naprawd\u0119 dopiero w USA.<\/p>\n\n\n\n<p>Klasyczne igrzyska zbli\u017cone s\u0105 bardziej do greckich, cho\u0107 ju\u017c bez religijnego charakteru \u2013 co nie oznacza, \u017ce pozbawione s\u0105 rytua\u0142\u00f3w. Przyznam, \u017ce osobi\u015bcie wol\u0119 przekazywany z r\u0105k do r\u0105k ogie\u0144 \u201eolimpijski\u201d ni\u017c obronny \u0142a\u0144cuch r\u00f3\u017ca\u0144cowy.<\/p>\n\n\n\n<p>Dzi\u015b Igrzyska Olimpijskie to biznes i gra interes\u00f3w. Igrzyska Europejskie natomiast to jakby dziecko gorszego boga, olimpijskiego. Dop\u00f3ki kraje europejskie gromi\u0142y \u2013 sportowo oczywi\u015bcie \u2013 inne kontynenty (a warto pami\u0119ta\u0107 o Igrzyskach Panameryka\u0144skich i Azjatyckich organizowanych od 1951 roku oraz Igrzyskach Afryka\u0144skich od roku 1965), nikt si\u0119 tu nie bawi\u0142 w imprezy lokalne. Rozpad systemu kraj\u00f3w socjalistycznych i pojawienie si\u0119 w szeroko rozumianej Europie wielu nowych kraj\u00f3w wzbudzi\u0142y jednak g\u0142\u00f3d sportowych medali. St\u0105d pomys\u0142 na nowe igrzyska. I nie powinno dziwi\u0107 to, \u017ce z ich inicjatyw\u0105 wyst\u0105pi\u0142a malutka Chorwacja.<\/p>\n\n\n\n<p>Dot\u0105d Igrzyska Europejskie odby\u0142y si\u0119 dwa razy. Mo\u017ce niekoniecznie w samym centrum Europy, ale za to pod patronatem Europejskiego Komitetu Olimpijskiego, kt\u00f3ry nale\u017cy do rodziny Mi\u0119dzynarodowego Komitetu Olimpijskiego i zrzesza narodowe (krajowe) komitety olimpijskie z 50 kraj\u00f3w Europy.<\/p>\n\n\n\n<p>Organizacja igrzysk, nawet tych nieco mniejszych, to sprawa nie\u0142atwa, i coraz trudniej znale\u017a\u0107 ch\u0119tnych. W zasadzie je\u015bli chodzi o Igrzyska Europejskie 2023, oficjalnie wp\u0142yn\u0119\u0142a tylko jedna oferta. Najlepsza. Ma\u0142opolska. To znaczy, podobno oferta by\u0142a wsp\u00f3lna, ale miasto Krak\u00f3w (podobno) d\u0142ugo wzdraga\u0142o si\u0119 przed oficjaln\u0105 deklaracj\u0105, sugeruj\u0105c, \u017ce to pomys\u0142 w\u0142adz wojew\u00f3dztwa. W kwietniu 2019 roku jednak marsza\u0142ek Koz\u0142owski i prezydent Majchrowski podpisali wniosek o organizacj\u0119 igrzysk, kt\u00f3ry nast\u0119pnie PKOL z\u0142o\u017cy\u0142 w siedzibie Europejskiego Komitetu Olimpijskiego. Inicjatyw\u0119 marsza\u0142ka Koz\u0142owskiego gor\u0105co wspiera\u0142a premier Beata Szyd\u0142o a\u017c do ko\u0144ca swojego (wice)premierowania.<\/p>\n\n\n\n<p>A wi\u0119c igrzyska czas zacz\u0105\u0107. W zatwierdzonym we wrze\u015bniu 2020 programie znalaz\u0142y si\u0119: \u0142ucznictwo, p\u0142ywanie synchroniczne, badminton, koszyk\u00f3wka 3\u00d73, pi\u0142ka r\u0119czna pla\u017cowa, siatk\u00f3wka pla\u017cowa, taniec sportowy \u2013 breaking, kajakarstwo (slalom, sprint), kolarstwo (MTB, szosowe), szermierka, gimnastyka, judo, karate, pi\u0119ciob\u00f3j nowoczesny, biegi g\u00f3rskie, rugby 7-osobowe, strzelectwo sportowe, skoki narciarskie na igelicie, wspinaczka sportowa, tenis sto\u0142owy, triathlon, pi\u0142ka siatkowa, podnoszenie ci\u0119\u017car\u00f3w, zapasy. Czyli luz, wszystko do zrobienia.<\/p>\n\n\n\n<p>Luz tym wi\u0119kszy, \u017ce Krak\u00f3w r\u0119kami prezydenta przedstawi\u0142 list\u0119 inwestycji, co do kt\u00f3rych oczekuje pe\u0142nego finasowania ze strony rz\u0105du. S\u0105 tu opr\u00f3cz basenu olimpijskiego (50-metrowego) trasa balicka, modernizacja stadionu Wis\u0142y i zakup nowych tramwaj\u00f3w. Podpisanie umowy mi\u0119dzy organizatorami: rz\u0105dem, wojew\u00f3dztwem i miastem, zapowiadano na wrzesie\u0144. Jest listopad i oto mamy pe\u0142nomocnika rz\u0105du do spraw igrzysk. Czyli kroczek naprz\u00f3d.<\/p>\n\n\n\n<p>Mo\u017cna i nale\u017cy zapyta\u0107, kto i czego oczekuje po igrzyskach. Impreza ma si\u0119 odby\u0107 w roku 2023 \u2013 roku wybor\u00f3w parlamentarnych i samorz\u0105dowych. W roku, w kt\u00f3rym sukcesy b\u0119d\u0105 bardzo potrzebne, a koszt\u00f3w przedsi\u0119wzi\u0119cia raczej si\u0119 nie podsumuje, bo organizatorom przecie\u017c nie b\u0119dzie si\u0119 spieszy\u0142o.<\/p>\n\n\n\n<p>Prezydent Krakowa liczy na pieni\u0105dze. Miasto nie ma ju\u017c praktycznie \u017cadnych w\u0142asnych funduszy na inwestycje i opiera si\u0119 wy\u0142\u0105cznie na funduszach europejskich. Krak\u00f3w poni\u00f3s\u0142 chyba najwi\u0119ksze straty finansowe w wyniku wiosennego lockdownu, a nawr\u00f3t epidemii sprawia, \u017ce \u015bwiat\u0142a w tunelu nie wida\u0107. Wida\u0107 za to, w jakim stopniu bud\u017cet miasta zale\u017cy od pieni\u0119dzy pozostawianych tu przez turyst\u00f3w. Szacuje si\u0119, \u017ce jest to ponad 7 miliard\u00f3w z\u0142otych (2019). Dla por\u00f3wnania, wszystkie wp\u0142ywy bud\u017cetowe Krakowa w 2019 roku wynios\u0142y niespe\u0142na 6 miliard\u00f3w. Wyliczenia na rok 2020 oscyluj\u0105 znacznie bli\u017cej zera, a niewykluczone, \u017ce rok 2021 b\u0119dzie bardzo podobny. Mo\u017cna wi\u0119c zrozumie\u0107, dlaczego prezydent Krakowa chwyta si\u0119 brzytwy, pardon \u2013 igrzysk. Bez basenu co prawda da si\u0119 \u017cy\u0107, bez trasy balickiej tak\u017ce, ale za tramwaje trzeba czym\u015b zap\u0142aci\u0107. A jest te\u017c cie\u0144 szansy, \u017ce i hotele si\u0119 zape\u0142ni\u0105 przynajmniej na czas imprezy.<\/p>\n\n\n\n<p>Wojew\u00f3dztwo samorz\u0105dowe zadowoli si\u0119 chyba samym sukcesem, tj. igrzyskami, cho\u0107 pewnie ma swoj\u0105 list\u0119 inwestycji do sfinansowania. Kwestia finans\u00f3w jest tym delikatniejsza, \u017ce 29 kwietnia 2019 roku sejmik przyj\u0105\u0142 rezolucj\u0119 \u201ew sprawie sprzeciwu wobec wprowadzenia ideologii \u00bbLGBT\u00ab do wsp\u00f3lnot samorz\u0105dowych\u201d. Radni zadeklarowali tam \u201ewsparcie dla rodziny opartej na tradycyjnych warto\u015bciach oraz obron\u0119 systemu o\u015bwiaty przed propagand\u0105 LGBT zagra\u017caj\u0105c\u0105 prawid\u0142owemu rozwojowi m\u0142odego pokolenia\u201d. Francuski Region Centralny-Dolina Loary, wsp\u00f3\u0142pracuj\u0105cy do tej pory z Ma\u0142opolsk\u0105, teraz za t\u0119 wsp\u00f3\u0142prac\u0119 podzi\u0119kowa\u0142. Nale\u017cy si\u0119 te\u017c liczy\u0107 z zawieszeniem finansowania inwestycji wojew\u00f3dzkich z funduszy europejskich.<\/p>\n\n\n\n<p>Je\u015bli wi\u0119c nie b\u0119dzie igrzysk\u2026 to nie b\u0119dzie niczego. Nawet Kononowicza.<\/p>\n\n\n\n<p>A czemu rz\u0105dowi do szcz\u0119\u015bcia potrzebne s\u0105 igrzyska? No c\u00f3\u017c, wa\u017cne s\u0105 medale, bo wtedy mo\u017cna ociepli\u0107 sw\u00f3j wizerunek zdj\u0119ciem ze sportowcem. Wa\u017cne s\u0105 igrzyska, bo igrzyska wa\u017cne s\u0105 zawsze.<\/p>\n\n\n\n<p>Przypominam jednak, \u017ce rok 2023 to rok wyborczy. Igrzyska przemin\u0105 i zapewne odb\u0119d\u0105 si\u0119 wybory podw\u00f3jne \u2013 samorz\u0105dowe i parlamentarne. Nie bez powodu rz\u0105dowym pe\u0142nomocnikiem ds. igrzysk zosta\u0142 Jacek Sasin, prawa r\u0119ka nad(wice)premiera. Zorganizowa\u0142 przecie\u017c wiosenne wybory. To nie jego wina, \u017ce si\u0119 nie odby\u0142y. On by\u0142 got\u00f3w i nawet zna\u0142 ich wynik. Podobno. To cz\u0142owiek o nies\u0142ychanej intuicji i szcz\u0119\u015bciu. Mia\u0142 lecie\u0107 samolotem do Smole\u0144ska, ale pojecha\u0142 samochodem. Za to wr\u00f3ci\u0142 pierwszym dost\u0119pnym lotem, by koordynowa\u0107 akcj\u0119 z centrali. Koordynowa\u0142 do ko\u0144ca.<br \/>W 2015 roku zosta\u0142 pos\u0142em, na pewno nie szeregowym. Przewodniczy\u0142 sejmowej komisji finans\u00f3w. Potem wyznaczono go na wicepremiera, by \u2013 jak m\u00f3wi\u0142 \u2013 koncentrowa\u0142 si\u0119 na nowych propozycjach dla Polak\u00f3w. Reszt\u0119 ju\u017c znamy.<\/p>\n\n\n\n<p>Wybory w demokracji, i nie tylko, to kosztowna sprawa. Plan zwi\u0119kszenia dotacji dla partii politycznych nie wypali\u0142. PiS musi wi\u0119c sobie jako\u015b poradzi\u0107 ze zbieraniem funduszy wyborczych i oko\u0142owyborczych. Dlatego wcale si\u0119 nie zdziwi\u0119, je\u015bli ca\u0142a obs\u0142uga promocyjna Igrzysk Europejskich zostanie powierzona jednej agencji. Zw\u0142aszcza gdy tylko jedna agencja z\u0142o\u017cy ofert\u0119.<\/p>\n\n\n\n<p>Reszta to ju\u017c inna bajka lub opowie\u015b\u0107 Hoffmanna. Czy jako\u015b podobnie.<\/p>\n\n\n\n<p><em>r\u00f3wnie\u017c na <a href=\"http:\/\/aristoskr.wordpress.com\/\" target=\"_blank\" rel=\"noreferrer noopener\">aristoskr.wordpress.com<\/a><\/em><\/p>\n\n\n\n<hr class=\"wp-block-separator\"\/>\n\n\n\n<p><em>Felieton jest wyrazem opinii autora. Nie prezentuje stanowiska ZR Ma\u0142opolskie KOD.<\/em><\/p>\n","protected":false},"excerpt":{"rendered":"<p>Chleba i igrzysk domaga\u0142 si\u0119 podobno lud rzymski (cho\u0107 mam wra\u017cenie, \u017ce bez igrzysk jako\u015b by sobie poradzono). W Grecji [&#8230;]<\/p>\n","protected":false},"author":34,"featured_media":20415,"comment_status":"closed","ping_status":"open","sticky":false,"template":"","format":"standard","meta":{"_EventAllDay":false,"_EventTimezone":"","_EventStartDate":"","_EventEndDate":"","_EventStartDateUTC":"","_EventEndDateUTC":"","_EventShowMap":false,"_EventShowMapLink":false,"_EventURL":"","_EventCost":"","_EventCostDescription":"","_EventCurrencySymbol":"","_EventCurrencyCode":"","_EventCurrencyPosition":"","_EventDateTimeSeparator":"","_EventTimeRangeSeparator":"","_EventOrganizerID":[],"_EventVenueID":[],"_OrganizerEmail":"","_OrganizerPhone":"","_OrganizerWebsite":"","_VenueAddress":"","_VenueCity":"","_VenueCountry":"","_VenueProvince":"","_VenueState":"","_VenueZip":"","_VenuePhone":"","_VenueURL":"","_VenueStateProvince":"","_VenueLat":"","_VenueLng":"","_VenueShowMap":false,"_VenueShowMapLink":false,"footnotes":""},"categories":[596],"tags":[],"class_list":["post-20937","post","type-post","status-publish","format-standard","has-post-thumbnail","hentry","category-felietony","felietony"],"_links":{"self":[{"href":"https:\/\/kodmalopolska.pl\/index.php?rest_route=\/wp\/v2\/posts\/20937","targetHints":{"allow":["GET"]}}],"collection":[{"href":"https:\/\/kodmalopolska.pl\/index.php?rest_route=\/wp\/v2\/posts"}],"about":[{"href":"https:\/\/kodmalopolska.pl\/index.php?rest_route=\/wp\/v2\/types\/post"}],"author":[{"embeddable":true,"href":"https:\/\/kodmalopolska.pl\/index.php?rest_route=\/wp\/v2\/users\/34"}],"replies":[{"embeddable":true,"href":"https:\/\/kodmalopolska.pl\/index.php?rest_route=%2Fwp%2Fv2%2Fcomments&post=20937"}],"version-history":[{"count":0,"href":"https:\/\/kodmalopolska.pl\/index.php?rest_route=\/wp\/v2\/posts\/20937\/revisions"}],"wp:featuredmedia":[{"embeddable":true,"href":"https:\/\/kodmalopolska.pl\/index.php?rest_route=\/wp\/v2\/media\/20415"}],"wp:attachment":[{"href":"https:\/\/kodmalopolska.pl\/index.php?rest_route=%2Fwp%2Fv2%2Fmedia&parent=20937"}],"wp:term":[{"taxonomy":"category","embeddable":true,"href":"https:\/\/kodmalopolska.pl\/index.php?rest_route=%2Fwp%2Fv2%2Fcategories&post=20937"},{"taxonomy":"post_tag","embeddable":true,"href":"https:\/\/kodmalopolska.pl\/index.php?rest_route=%2Fwp%2Fv2%2Ftags&post=20937"}],"curies":[{"name":"wp","href":"https:\/\/api.w.org\/{rel}","templated":true}]}}