{"id":20915,"date":"2020-11-16T19:24:28","date_gmt":"2020-11-16T18:24:28","guid":{"rendered":"https:\/\/kodmalopolska.pl\/?p=20915"},"modified":"2020-11-16T19:24:32","modified_gmt":"2020-11-16T18:24:32","slug":"obywatel-jak-ryba-felieton-marii-mysonianki-20","status":"publish","type":"post","link":"https:\/\/kodmalopolska.pl\/?p=20915","title":{"rendered":"Obywatel jak ryba. Felieton Marii Mysonianki (20)"},"content":{"rendered":"\n<p>W 2023 roku w Krakowie i Ma\u0142opolsce maj\u0105 si\u0119 odby\u0107 Igrzyska Europejskie. Wspania\u0142a impreza sportowa ku chwale organizator\u00f3w \u2013 maj\u0119tnych albo i nie, potem si\u0119 zobaczy, przecie\u017c to igrzyska, wi\u0119c stara polska zasada \u201ezastaw si\u0119, a postaw si\u0119\u201d obowi\u0105zuje. Bo jak\u017ce by to by\u0142o, gdyby Igrzyska Europejskie w Krakowie mia\u0142y by\u0107 ni\u017csze rang\u0105 ni\u017c gdzie indziej? Wszak to Krak\u00f3w!<\/p>\n\n\n\n<p>No w\u0142a\u015bnie: Krak\u00f3w. Miasto zabytk\u00f3w, uniwersytet\u00f3w i kultury (kolejno\u015b\u0107 dowolna). Miasto, w kt\u00f3rym ju\u017c kilka lat temu spo\u0142ecze\u0144stwo \u2013 obywatele \u2013 jasno wyrazi\u0142o w referendum swoje negatywne zdanie na ten temat. Igrzysk, olimpiad itd. tu nie chcemy. Podkre\u015blmy: nie chcemy \u2013 my obywatele. W Krakowie wiele jest do zrobienia dla mieszka\u0144c\u00f3w, cho\u0107by ulepszenie komunikacji publicznej, bo nie ka\u017cdy jest w stanie pomyka\u0107 rowerem po nowych trasach rowerowych, a siedzie\u0107 w aucie tkwi\u0105cym w korku to \u017cadna przyjemno\u015b\u0107. Z komunikacji skorzysta wi\u0119kszo\u015b\u0107. No, ale w Krakowie bardziej potrzebne s\u0105 Igrzyska Europejskie. Tylko potrzebne komu? W\u0142adzy na pewno. Mieszka\u0144cy ju\u017c powiedzieli, co o takich imprezach my\u015bl\u0105. Wol\u0105 \u015bcie\u017cki rowerowe, dobr\u0105 komunikacj\u0119. Jakie\u015b dzia\u0142ania na rzecz czystego powietrza te\u017c by si\u0119 przyda\u0142y. Mo\u017ce wi\u0119cej zieleni? Skoro jeste\u015bmy tak bogaci, mo\u017ce warto zach\u0119ci\u0107 cenowo do przejazd\u00f3w tramwajem i autobusem? Ale nie, szykuj\u0105 si\u0119 nam Igrzyska Europejskie, wi\u0119c i podwy\u017cki cen bilet\u00f3w, bo w kasie miejskiej pusto. Podwy\u017cki op\u0142at w strefie p\u0142atnego parkowania te\u017c s\u0105 w planach. \u201eZastaw si\u0119, a postaw si\u0119\u201d kosztem obywateli, kt\u00f3rych zdanie zlekcewa\u017cono. Obywatel jak ryba \u2013 g\u0142osu nie ma, zw\u0142aszcza w sprawie tak miastu niepotrzebnej w czasach kryzysu jak Igrzyska Europejskie. Kilka tygodni temu wycink\u0119 drzew na bulwarze nad Wis\u0142\u0105 miasto skwitowa\u0142o s\u0142owami: \u201eMieszka\u0144cy nawet nie zauwa\u017c\u0105, \u017ce drzewa wyci\u0119to\u201d. Niestety, zauwa\u017cyli, i to od razu. Wcze\u015bniej te\u017c o planach wiedzieli i protestowali, ale c\u00f3\u017c, obywatelski g\u0142os jest potrzebny w wyborach, a p\u00f3\u017aniej mo\u017cna ju\u017c obywatela sprowadzi\u0107 do poziomu ryby \u2013 jego opinia si\u0119 nie liczy\u2026<\/p>\n\n\n\n<p>\u201eJak si\u0119 nie podoba, mo\u017cna si\u0119 wyprowadzi\u0107\u201d. Przypomn\u0119: miasto bez mieszka\u0144c\u00f3w jest puste i martwe. Turysta (kt\u00f3rego w dobie pandemii nie ma i jeszcze przez chwil\u0119 zapewne nie b\u0119dzie) mieszka\u0144ca nie zast\u0105pi. Ale co ma zrobi\u0107 mieszkaniec, gdy si\u0119 go lekcewa\u017cy?<\/p>\n\n\n\n<hr class=\"wp-block-separator\"\/>\n\n\n\n<p><em>Felieton jest wyrazem opinii autorki. Nie prezentuje stanowiska ZR Ma\u0142opolskie KOD.<\/em><\/p>\n","protected":false},"excerpt":{"rendered":"<p>W 2023 roku w Krakowie i Ma\u0142opolsce maj\u0105 si\u0119 odby\u0107 Igrzyska Europejskie. Wspania\u0142a impreza sportowa ku chwale organizator\u00f3w \u2013 maj\u0119tnych [&#8230;]<\/p>\n","protected":false},"author":34,"featured_media":17978,"comment_status":"closed","ping_status":"open","sticky":false,"template":"","format":"standard","meta":{"_EventAllDay":false,"_EventTimezone":"","_EventStartDate":"","_EventEndDate":"","_EventStartDateUTC":"","_EventEndDateUTC":"","_EventShowMap":false,"_EventShowMapLink":false,"_EventURL":"","_EventCost":"","_EventCostDescription":"","_EventCurrencySymbol":"","_EventCurrencyCode":"","_EventCurrencyPosition":"","_EventDateTimeSeparator":"","_EventTimeRangeSeparator":"","_EventOrganizerID":[],"_EventVenueID":[],"_OrganizerEmail":"","_OrganizerPhone":"","_OrganizerWebsite":"","_VenueAddress":"","_VenueCity":"","_VenueCountry":"","_VenueProvince":"","_VenueState":"","_VenueZip":"","_VenuePhone":"","_VenueURL":"","_VenueStateProvince":"","_VenueLat":"","_VenueLng":"","_VenueShowMap":false,"_VenueShowMapLink":false,"footnotes":""},"categories":[596],"tags":[],"class_list":["post-20915","post","type-post","status-publish","format-standard","has-post-thumbnail","hentry","category-felietony","felietony"],"_links":{"self":[{"href":"https:\/\/kodmalopolska.pl\/index.php?rest_route=\/wp\/v2\/posts\/20915","targetHints":{"allow":["GET"]}}],"collection":[{"href":"https:\/\/kodmalopolska.pl\/index.php?rest_route=\/wp\/v2\/posts"}],"about":[{"href":"https:\/\/kodmalopolska.pl\/index.php?rest_route=\/wp\/v2\/types\/post"}],"author":[{"embeddable":true,"href":"https:\/\/kodmalopolska.pl\/index.php?rest_route=\/wp\/v2\/users\/34"}],"replies":[{"embeddable":true,"href":"https:\/\/kodmalopolska.pl\/index.php?rest_route=%2Fwp%2Fv2%2Fcomments&post=20915"}],"version-history":[{"count":0,"href":"https:\/\/kodmalopolska.pl\/index.php?rest_route=\/wp\/v2\/posts\/20915\/revisions"}],"wp:featuredmedia":[{"embeddable":true,"href":"https:\/\/kodmalopolska.pl\/index.php?rest_route=\/wp\/v2\/media\/17978"}],"wp:attachment":[{"href":"https:\/\/kodmalopolska.pl\/index.php?rest_route=%2Fwp%2Fv2%2Fmedia&parent=20915"}],"wp:term":[{"taxonomy":"category","embeddable":true,"href":"https:\/\/kodmalopolska.pl\/index.php?rest_route=%2Fwp%2Fv2%2Fcategories&post=20915"},{"taxonomy":"post_tag","embeddable":true,"href":"https:\/\/kodmalopolska.pl\/index.php?rest_route=%2Fwp%2Fv2%2Ftags&post=20915"}],"curies":[{"name":"wp","href":"https:\/\/api.w.org\/{rel}","templated":true}]}}