{"id":20674,"date":"2020-11-11T22:47:15","date_gmt":"2020-11-11T21:47:15","guid":{"rendered":"https:\/\/kodmalopolska.pl\/?p=20674"},"modified":"2020-11-11T22:52:24","modified_gmt":"2020-11-11T21:52:24","slug":"niepodlegla-roznorodna-relacja","status":"publish","type":"post","link":"https:\/\/kodmalopolska.pl\/?p=20674","title":{"rendered":"Niepodleg\u0142a r\u00f3\u017cnorodna [Relacja]"},"content":{"rendered":"\n<p>\u201eNiepodleg\u0142a R\u00f3\u017cnorodna\u201d &#8211; patriotyczny przejazd rowerowy z okazji 11 listopada. Bo wolno\u015b\u0107 to tak\u017ce r\u00f3\u017cnorodno\u015b\u0107, prawo ka\u017cdego do bycia sob\u0105, w\u0142asnej ekspresji i poszanowanie wszystkich obywateli Polski. By\u0142o r\u00f3\u017cnorodnie!<\/p>\n\n\n\n<blockquote class=\"wp-block-quote is-layout-flow wp-block-quote-is-layout-flow\"><p><img loading=\"lazy\" decoding=\"async\" width=\"1250\" height=\"938\" class=\"wp-image-20678\" style=\"width: 1250px;\" src=\"https:\/\/kodmalopolska.pl\/wp-content\/uploads\/2020\/11\/124967371_10218414101451884_1582284143218619372_o.jpg\" alt=\"\" srcset=\"https:\/\/kodmalopolska.pl\/wp-content\/uploads\/2020\/11\/124967371_10218414101451884_1582284143218619372_o.jpg 2048w, https:\/\/kodmalopolska.pl\/wp-content\/uploads\/2020\/11\/124967371_10218414101451884_1582284143218619372_o-400x300.jpg 400w, https:\/\/kodmalopolska.pl\/wp-content\/uploads\/2020\/11\/124967371_10218414101451884_1582284143218619372_o-1024x768.jpg 1024w, https:\/\/kodmalopolska.pl\/wp-content\/uploads\/2020\/11\/124967371_10218414101451884_1582284143218619372_o-1536x1152.jpg 1536w, https:\/\/kodmalopolska.pl\/wp-content\/uploads\/2020\/11\/124967371_10218414101451884_1582284143218619372_o-657x493.jpg 657w\" sizes=\"auto, (max-width: 1250px) 100vw, 1250px\" \/><\/p><\/blockquote>\n\n\n\n<blockquote class=\"wp-block-quote is-layout-flow wp-block-quote-is-layout-flow\"><p><img loading=\"lazy\" decoding=\"async\" width=\"1250\" height=\"938\" class=\"wp-image-20677\" style=\"width: 1250px;\" src=\"https:\/\/kodmalopolska.pl\/wp-content\/uploads\/2020\/11\/124942439_2769865819950755_1600370081703160354_o.jpg\" alt=\"\" srcset=\"https:\/\/kodmalopolska.pl\/wp-content\/uploads\/2020\/11\/124942439_2769865819950755_1600370081703160354_o.jpg 2048w, https:\/\/kodmalopolska.pl\/wp-content\/uploads\/2020\/11\/124942439_2769865819950755_1600370081703160354_o-400x300.jpg 400w, https:\/\/kodmalopolska.pl\/wp-content\/uploads\/2020\/11\/124942439_2769865819950755_1600370081703160354_o-1024x768.jpg 1024w, https:\/\/kodmalopolska.pl\/wp-content\/uploads\/2020\/11\/124942439_2769865819950755_1600370081703160354_o-1536x1152.jpg 1536w, https:\/\/kodmalopolska.pl\/wp-content\/uploads\/2020\/11\/124942439_2769865819950755_1600370081703160354_o-657x493.jpg 657w\" sizes=\"auto, (max-width: 1250px) 100vw, 1250px\" \/><\/p><\/blockquote>\n\n\n\n<blockquote class=\"wp-block-quote is-layout-flow wp-block-quote-is-layout-flow\"><p><img loading=\"lazy\" decoding=\"async\" width=\"1250\" height=\"938\" class=\"wp-image-20676\" style=\"width: 1250px;\" src=\"https:\/\/kodmalopolska.pl\/wp-content\/uploads\/2020\/11\/124800311_2769865389950798_5243506888121965683_o.jpg\" alt=\"\" srcset=\"https:\/\/kodmalopolska.pl\/wp-content\/uploads\/2020\/11\/124800311_2769865389950798_5243506888121965683_o.jpg 2048w, https:\/\/kodmalopolska.pl\/wp-content\/uploads\/2020\/11\/124800311_2769865389950798_5243506888121965683_o-400x300.jpg 400w, https:\/\/kodmalopolska.pl\/wp-content\/uploads\/2020\/11\/124800311_2769865389950798_5243506888121965683_o-1024x768.jpg 1024w, https:\/\/kodmalopolska.pl\/wp-content\/uploads\/2020\/11\/124800311_2769865389950798_5243506888121965683_o-1536x1152.jpg 1536w, https:\/\/kodmalopolska.pl\/wp-content\/uploads\/2020\/11\/124800311_2769865389950798_5243506888121965683_o-657x493.jpg 657w\" sizes=\"auto, (max-width: 1250px) 100vw, 1250px\" \/><\/p><\/blockquote>\n\n\n\n<p>Relacje prasowe:<\/p>\n\n\n\n<blockquote class=\"wp-block-quote is-layout-flow wp-block-quote-is-layout-flow\"><p>Gazeta Wyborcza:<br \/><a rel=\"noreferrer noopener\" href=\"https:\/\/krakow.wyborcza.pl\/krakow\/7,44425,26502209,niepodlegla-roznorodna-w-krakowie-przejechal-kolorowy-rajd.html\" target=\"_blank\">https:\/\/krakow.wyborcza.pl\/krakow\/7,44425,26502209,niepodlegla-roznorodna-w-krakowie-przejechal-kolorowy-rajd.html<\/a><\/p><p>Radio Krak\u00f3w:<br \/><a rel=\"noreferrer noopener\" href=\"https:\/\/www.radiokrakow.pl\/wiadomosci\/krakow\/przejazd-rowerow-w-krakowie-pod-haslem-niepodlegla-roznorodna\/\" target=\"_blank\">https:\/\/www.radiokrakow.pl\/wiadomosci\/krakow\/przejazd-rowerow-w-krakowie-pod-haslem-niepodlegla-roznorodna\/<\/a><\/p><p>Krak\u00f3w Nasze Miasto:<br \/><a rel=\"noreferrer noopener\" href=\"https:\/\/krakow.naszemiasto.pl\/krakowskimi-ulicami-przejechal-protest-rowerowy-z-bialo\/ga\/c1-7992709\/zd\/57797629\" target=\"_blank\">https:\/\/krakow.naszemiasto.pl\/krakowskimi-ulicami-przejechal-protest-rowerowy-z-bialo\/ga\/c1-7992709\/zd\/57797629<\/a><\/p><p>Dziennik Polski:<br \/><a rel=\"noreferrer noopener\" href=\"https:\/\/dziennikpolski24.pl\/krakowskimi-ulicami-przejechal-protest-rowerowy-z-bialoczerwonymi-i-teczowymi-flagami-zdjecia\/ar\/c1-15286322\" target=\"_blank\">https:\/\/dziennikpolski24.pl\/krakowskimi-ulicami-przejechal-protest-rowerowy-z-bialoczerwonymi-i-teczowymi-flagami-zdjecia\/ar\/c1-15286322 <\/a><br \/><a rel=\"noreferrer noopener\" href=\"https:\/\/dziennikpolski24.pl\/obchody-102-rocznicy-odzyskania-niepodleglosci-msza-swieta-kwiaty-hymn-na-rynku-i-protest-rowerowy-zdjecia\/ar\/c1-15286482\" target=\"_blank\">https:\/\/dziennikpolski24.pl\/obchody-102-rocznicy-odzyskania-niepodleglosci-msza-swieta-kwiaty-hymn-na-rynku-i-protest-rowerowy-zdjecia\/ar\/c1-15286482<\/a><\/p><\/blockquote>\n","protected":false},"excerpt":{"rendered":"<p>\u201eNiepodleg\u0142a R\u00f3\u017cnorodna\u201d &#8211; patriotyczny przejazd rowerowy z okazji 11 listopada. Bo wolno\u015b\u0107 to tak\u017ce r\u00f3\u017cnorodno\u015b\u0107, prawo ka\u017cdego do bycia sob\u0105, [&#8230;]<\/p>\n","protected":false},"author":32,"featured_media":20675,"comment_status":"closed","ping_status":"open","sticky":false,"template":"","format":"standard","meta":{"_EventAllDay":false,"_EventTimezone":"","_EventStartDate":"","_EventEndDate":"","_EventStartDateUTC":"","_EventEndDateUTC":"","_EventShowMap":false,"_EventShowMapLink":false,"_EventURL":"","_EventCost":"","_EventCostDescription":"","_EventCurrencySymbol":"","_EventCurrencyCode":"","_EventCurrencyPosition":"","_EventDateTimeSeparator":"","_EventTimeRangeSeparator":"","_EventOrganizerID":[],"_EventVenueID":[],"_OrganizerEmail":"","_OrganizerPhone":"","_OrganizerWebsite":"","_VenueAddress":"","_VenueCity":"","_VenueCountry":"","_VenueProvince":"","_VenueState":"","_VenueZip":"","_VenuePhone":"","_VenueURL":"","_VenueStateProvince":"","_VenueLat":"","_VenueLng":"","_VenueShowMap":false,"_VenueShowMapLink":false,"footnotes":""},"categories":[28,29],"tags":[],"class_list":["post-20674","post","type-post","status-publish","format-standard","has-post-thumbnail","hentry","category-malopolskie-news","category-krakow-okregi","malopolskie-news","krakow-okregi"],"_links":{"self":[{"href":"https:\/\/kodmalopolska.pl\/index.php?rest_route=\/wp\/v2\/posts\/20674","targetHints":{"allow":["GET"]}}],"collection":[{"href":"https:\/\/kodmalopolska.pl\/index.php?rest_route=\/wp\/v2\/posts"}],"about":[{"href":"https:\/\/kodmalopolska.pl\/index.php?rest_route=\/wp\/v2\/types\/post"}],"author":[{"embeddable":true,"href":"https:\/\/kodmalopolska.pl\/index.php?rest_route=\/wp\/v2\/users\/32"}],"replies":[{"embeddable":true,"href":"https:\/\/kodmalopolska.pl\/index.php?rest_route=%2Fwp%2Fv2%2Fcomments&post=20674"}],"version-history":[{"count":0,"href":"https:\/\/kodmalopolska.pl\/index.php?rest_route=\/wp\/v2\/posts\/20674\/revisions"}],"wp:featuredmedia":[{"embeddable":true,"href":"https:\/\/kodmalopolska.pl\/index.php?rest_route=\/wp\/v2\/media\/20675"}],"wp:attachment":[{"href":"https:\/\/kodmalopolska.pl\/index.php?rest_route=%2Fwp%2Fv2%2Fmedia&parent=20674"}],"wp:term":[{"taxonomy":"category","embeddable":true,"href":"https:\/\/kodmalopolska.pl\/index.php?rest_route=%2Fwp%2Fv2%2Fcategories&post=20674"},{"taxonomy":"post_tag","embeddable":true,"href":"https:\/\/kodmalopolska.pl\/index.php?rest_route=%2Fwp%2Fv2%2Ftags&post=20674"}],"curies":[{"name":"wp","href":"https:\/\/api.w.org\/{rel}","templated":true}]}}