{"id":20649,"date":"2020-11-11T16:43:44","date_gmt":"2020-11-11T15:43:44","guid":{"rendered":"https:\/\/kodmalopolska.pl\/?p=20649"},"modified":"2020-11-11T16:43:48","modified_gmt":"2020-11-11T15:43:48","slug":"niepodleglosc-ale-czyja-felieton-marii-mysonianki-18","status":"publish","type":"post","link":"https:\/\/kodmalopolska.pl\/?p=20649","title":{"rendered":"Niepodleg\u0142o\u015b\u0107, ale czyja? Felieton Marii Mysonianki (18)"},"content":{"rendered":"\n<p>11 listopada, \u015bwi\u0119to niepodleg\u0142o\u015bci. W kontek\u015bcie wydarze\u0144 z ubieg\u0142ych dni mo\u017cna zapyta\u0107, czyj\u0105 niepodleg\u0142o\u015b\u0107 \u015bwi\u0119tujemy. Niepodleg\u0142o\u015b\u0107 Polski \u2013 to Polska ma by\u0107 niepodleg\u0142a. Pytajmy dalej: Polska, czyli co? Albo lepiej: kto? Nie m\u00f3wimy raczej o obszarze geograficznym, ale o czym\u015b wi\u0119cej: o narodzie, oczywi\u015bcie polskim. Ups. Nar\u00f3d polski, czyli? Termin \u201eprawdziwy Polak\u201d budzi we mnie niesmak, bo wyra\u017anie nie dotyczy tego, kto si\u0119 czuje Polakiem, ale jakiego\u015b nowo zdefiniowanego bytu, kt\u00f3ry poza posiadaniem polskiego obywatelstwa spe\u0142nia tajemnicze kryteria okre\u015blane przez si\u0142y narodowe. I znowu problem: si\u0142y narodowe, czyli kto konkretnie? Mo\u017cna odnie\u015b\u0107 wra\u017cenie, \u017ce istnieje jakie\u015b gremium \u2013 zapewne trzymaj\u0105ce w\u0142adz\u0119 (lub spragnione w\u0142adzy) \u2013 kt\u00f3re okre\u015bla, kto jest, a kto nie jest Polakiem.<br \/>Pytajmy dalej. Na ulicach protestuj\u0105 kobiety (i nie tylko kobiety), przed kt\u00f3rymi nale\u017cy, jak s\u0142yszymy, broni\u0107 narodu i Ko\u015bcio\u0142a. Czy o ich niepodleg\u0142o\u015b\u0107 tak\u017ce chodzi? Mam coraz wi\u0119ksze obawy, \u017ce nie. Skoro zagra\u017caj\u0105 narodowi, to nie zaliczaj\u0105 si\u0119 do grona wybranych. I tak dzisiejsze pi\u0119kne \u015bwi\u0119to okazuje si\u0119 \u015bwi\u0119tem nie dla wszystkich, kt\u00f3rzy tutaj s\u0105 i chc\u0105 by\u0107. Nie zgadzam si\u0119 na to.<\/p>\n\n\n\n<hr class=\"wp-block-separator\"\/>\n\n\n\n<p><em>Felieton jest wyrazem opinii autorki. Nie prezentuje stanowiska ZR Ma\u0142opolskie KOD.<\/em><\/p>\n","protected":false},"excerpt":{"rendered":"<p>11 listopada, \u015bwi\u0119to niepodleg\u0142o\u015bci. W kontek\u015bcie wydarze\u0144 z ubieg\u0142ych dni mo\u017cna zapyta\u0107, czyj\u0105 niepodleg\u0142o\u015b\u0107 \u015bwi\u0119tujemy. Niepodleg\u0142o\u015b\u0107 Polski \u2013 to Polska [&#8230;]<\/p>\n","protected":false},"author":34,"featured_media":17978,"comment_status":"closed","ping_status":"open","sticky":false,"template":"","format":"standard","meta":{"_EventAllDay":false,"_EventTimezone":"","_EventStartDate":"","_EventEndDate":"","_EventStartDateUTC":"","_EventEndDateUTC":"","_EventShowMap":false,"_EventShowMapLink":false,"_EventURL":"","_EventCost":"","_EventCostDescription":"","_EventCurrencySymbol":"","_EventCurrencyCode":"","_EventCurrencyPosition":"","_EventDateTimeSeparator":"","_EventTimeRangeSeparator":"","_EventOrganizerID":[],"_EventVenueID":[],"_OrganizerEmail":"","_OrganizerPhone":"","_OrganizerWebsite":"","_VenueAddress":"","_VenueCity":"","_VenueCountry":"","_VenueProvince":"","_VenueState":"","_VenueZip":"","_VenuePhone":"","_VenueURL":"","_VenueStateProvince":"","_VenueLat":"","_VenueLng":"","_VenueShowMap":false,"_VenueShowMapLink":false,"footnotes":""},"categories":[596],"tags":[],"class_list":["post-20649","post","type-post","status-publish","format-standard","has-post-thumbnail","hentry","category-felietony","felietony"],"_links":{"self":[{"href":"https:\/\/kodmalopolska.pl\/index.php?rest_route=\/wp\/v2\/posts\/20649","targetHints":{"allow":["GET"]}}],"collection":[{"href":"https:\/\/kodmalopolska.pl\/index.php?rest_route=\/wp\/v2\/posts"}],"about":[{"href":"https:\/\/kodmalopolska.pl\/index.php?rest_route=\/wp\/v2\/types\/post"}],"author":[{"embeddable":true,"href":"https:\/\/kodmalopolska.pl\/index.php?rest_route=\/wp\/v2\/users\/34"}],"replies":[{"embeddable":true,"href":"https:\/\/kodmalopolska.pl\/index.php?rest_route=%2Fwp%2Fv2%2Fcomments&post=20649"}],"version-history":[{"count":0,"href":"https:\/\/kodmalopolska.pl\/index.php?rest_route=\/wp\/v2\/posts\/20649\/revisions"}],"wp:featuredmedia":[{"embeddable":true,"href":"https:\/\/kodmalopolska.pl\/index.php?rest_route=\/wp\/v2\/media\/17978"}],"wp:attachment":[{"href":"https:\/\/kodmalopolska.pl\/index.php?rest_route=%2Fwp%2Fv2%2Fmedia&parent=20649"}],"wp:term":[{"taxonomy":"category","embeddable":true,"href":"https:\/\/kodmalopolska.pl\/index.php?rest_route=%2Fwp%2Fv2%2Fcategories&post=20649"},{"taxonomy":"post_tag","embeddable":true,"href":"https:\/\/kodmalopolska.pl\/index.php?rest_route=%2Fwp%2Fv2%2Ftags&post=20649"}],"curies":[{"name":"wp","href":"https:\/\/api.w.org\/{rel}","templated":true}]}}