{"id":20629,"date":"2020-11-10T18:04:11","date_gmt":"2020-11-10T17:04:11","guid":{"rendered":"https:\/\/kodmalopolska.pl\/?p=20629"},"modified":"2020-11-10T18:04:18","modified_gmt":"2020-11-10T17:04:18","slug":"podzielony-narod-i-minister-glinski-felieton-fryderyka-zolla-240","status":"publish","type":"post","link":"https:\/\/kodmalopolska.pl\/?p=20629","title":{"rendered":"Podzielony nar\u00f3d i minister Gli\u0144ski. Felieton Fryderyka Zolla (240)"},"content":{"rendered":"\n<p>Na portalu niezale\u017cna.pl minister Gli\u0144ski dzieli si\u0119 swoimi przemy\u015bleniami na temat przysz\u0142o\u015bci narodu. Przysz\u0142o\u015b\u0107 ta nie wygl\u0105da dobrze. S\u0105 w kraju si\u0142y polityczne i konkretni ludzie, kt\u00f3rzy pr\u00f3buj\u0105 na obecnej pseudorewolucji zbi\u0107 kapita\u0142 polityczny. Osoby te zapisuj\u0105 si\u0119 na czarnych kartach naszej historii. Chc\u0105 obali\u0107 demokratyczny werdykt. Musimy pami\u0119ta\u0107, kto na tym stara si\u0119 skorzysta\u0107. Zatroskany minister pyta dalej, kto skorzysta na tym, \u017ce nar\u00f3d jest tak sk\u0142\u00f3cony wewn\u0119trznie i do czego to b\u0119dzie prowadzi\u0142o.<\/p>\n\n\n\n<p>Fascynuj\u0105ce, \u017ce mo\u017cna tak bardzo straci\u0107 kontakt z rzeczywisto\u015bci\u0105 lub tak bardzo pokry\u0107 si\u0119 cynizmem. To przecie\u017c popierany przez Gli\u0144skiego prezes wyodr\u0119bni\u0142 z narodu gorszy sort i umie\u015bci\u0142 go tam, gdzie sta\u0142o ZOMO (w \u015bwietle ostatnich wypadk\u00f3w jest to prawdziwy chichot historii). To nikt inny jak cz\u0142owiek, kt\u00f3ry zosta\u0142 w tym rz\u0105dzie ministrem nauki i edukacji, nazwa\u0142 wsp\u00f3\u0142obywateli nie w pe\u0142ni lud\u017ami. To PiS\u2011owska w\u0142adza przeci\u0119\u0142a kraj strefami w r\u00f3\u017cnym stopniu wolnymi od LGBT. To trybuna\u0142 przy\u0142\u0119bski, mimo \u017ce zwleka\u0142 wcze\u015bniej przez dwa i p\u00f3\u0142 roku, wyda\u0142 teraz w czasie zarazy, w rytm strategii i taktyki prezesa, orzeczenie w najbardziej polaryzuj\u0105cej nas sprawie. To prezes chcia\u0142 skierowa\u0107 niech\u0119\u0107 ludzi na Ko\u015bci\u00f3\u0142, aby innych wys\u0142a\u0107 na odsiecz i zosta\u0107 defensorem fidei przeciwko m\u0142odym Polakom. To sam minister Gli\u0144ski niszczy\u0142 kolejne teatry, by nar\u00f3d straci\u0142 miejsce wsp\u00f3lnego prze\u017cywania emocji i kszta\u0142towania sumie\u0144. Ca\u0142a koncepcja utrzymania w\u0142adzy przez PiS polega na napuszczaniu jednych na drugich, na rozbijaniu wsp\u00f3lnoty. To w\u0142adza PiS\u2011u uderza\u0142a w s\u0119dzi\u00f3w i uczonych, nauczycieli i lekarzy. To w\u0142adza PiS\u2011u podwa\u017ca\u0142a jednocz\u0105cy nas mit Lecha Wa\u0142\u0119sy i zaw\u0142aszcza\u0142a nale\u017cn\u0105 ca\u0142emu narodowi legend\u0119 \u201eSolidarno\u015bci\u201d. To w\u0142adza PiS\u2011u wykorzysta\u0142a tragedi\u0119 10 kwietnia do sk\u0142\u00f3cenia wszystkich ze wszystkimi, zamiast na tej podstawie budowa\u0107 wsp\u00f3lnot\u0119. To w\u0142adza PiS\u2011u stworzy\u0142a nomenklatur\u0119, zamykaj\u0105c normalne drogi rozwoju wszystkim, kt\u00f3rzy nie chc\u0105 si\u0119 przed ni\u0105 ukorzy\u0107. To w\u0142adza PiS\u2011u por\u00f3\u017cni\u0142a Polsk\u0119 z s\u0105siadami. To za tej w\u0142adzy wynikiem 27 do 1 przegrali\u015bmy walk\u0119 o odsuni\u0119cie naszego rodaka od jednego z najwa\u017cniejszych urz\u0119d\u00f3w wsp\u00f3\u0142czesnego \u015bwiata. Jutro 11 listopada \u2013 dzie\u0144, kt\u00f3ry m\u00f3g\u0142by by\u0107 naszym wsp\u00f3lnym \u015bwi\u0119tem. Nie jest. By\u0142oby dobrze, gdyby minister Gli\u0144ski zada\u0142 sobie pytanie dlaczego.<\/p>\n\n\n\n<hr class=\"wp-block-separator\"\/>\n\n\n\n<p><em>Felieton jest wyrazem opinii autora. Nie prezentuje stanowiska ZR Ma\u0142opolskie KOD.<\/em><\/p>\n","protected":false},"excerpt":{"rendered":"<p>Na portalu niezale\u017cna.pl minister Gli\u0144ski dzieli si\u0119 swoimi przemy\u015bleniami na temat przysz\u0142o\u015bci narodu. Przysz\u0142o\u015b\u0107 ta nie wygl\u0105da dobrze. S\u0105 w [&#8230;]<\/p>\n","protected":false},"author":34,"featured_media":18337,"comment_status":"closed","ping_status":"open","sticky":false,"template":"","format":"standard","meta":{"_EventAllDay":false,"_EventTimezone":"","_EventStartDate":"","_EventEndDate":"","_EventStartDateUTC":"","_EventEndDateUTC":"","_EventShowMap":false,"_EventShowMapLink":false,"_EventURL":"","_EventCost":"","_EventCostDescription":"","_EventCurrencySymbol":"","_EventCurrencyCode":"","_EventCurrencyPosition":"","_EventDateTimeSeparator":"","_EventTimeRangeSeparator":"","_EventOrganizerID":[],"_EventVenueID":[],"_OrganizerEmail":"","_OrganizerPhone":"","_OrganizerWebsite":"","_VenueAddress":"","_VenueCity":"","_VenueCountry":"","_VenueProvince":"","_VenueState":"","_VenueZip":"","_VenuePhone":"","_VenueURL":"","_VenueStateProvince":"","_VenueLat":"","_VenueLng":"","_VenueShowMap":false,"_VenueShowMapLink":false,"footnotes":""},"categories":[596],"tags":[],"class_list":["post-20629","post","type-post","status-publish","format-standard","has-post-thumbnail","hentry","category-felietony","felietony"],"_links":{"self":[{"href":"https:\/\/kodmalopolska.pl\/index.php?rest_route=\/wp\/v2\/posts\/20629","targetHints":{"allow":["GET"]}}],"collection":[{"href":"https:\/\/kodmalopolska.pl\/index.php?rest_route=\/wp\/v2\/posts"}],"about":[{"href":"https:\/\/kodmalopolska.pl\/index.php?rest_route=\/wp\/v2\/types\/post"}],"author":[{"embeddable":true,"href":"https:\/\/kodmalopolska.pl\/index.php?rest_route=\/wp\/v2\/users\/34"}],"replies":[{"embeddable":true,"href":"https:\/\/kodmalopolska.pl\/index.php?rest_route=%2Fwp%2Fv2%2Fcomments&post=20629"}],"version-history":[{"count":0,"href":"https:\/\/kodmalopolska.pl\/index.php?rest_route=\/wp\/v2\/posts\/20629\/revisions"}],"wp:featuredmedia":[{"embeddable":true,"href":"https:\/\/kodmalopolska.pl\/index.php?rest_route=\/wp\/v2\/media\/18337"}],"wp:attachment":[{"href":"https:\/\/kodmalopolska.pl\/index.php?rest_route=%2Fwp%2Fv2%2Fmedia&parent=20629"}],"wp:term":[{"taxonomy":"category","embeddable":true,"href":"https:\/\/kodmalopolska.pl\/index.php?rest_route=%2Fwp%2Fv2%2Fcategories&post=20629"},{"taxonomy":"post_tag","embeddable":true,"href":"https:\/\/kodmalopolska.pl\/index.php?rest_route=%2Fwp%2Fv2%2Ftags&post=20629"}],"curies":[{"name":"wp","href":"https:\/\/api.w.org\/{rel}","templated":true}]}}