{"id":20591,"date":"2020-11-09T13:23:57","date_gmt":"2020-11-09T12:23:57","guid":{"rendered":"https:\/\/kodmalopolska.pl\/?p=20591"},"modified":"2020-11-09T13:24:11","modified_gmt":"2020-11-09T12:24:11","slug":"prezes-zamierza-bic-felieton-fryderyka-zolla-239","status":"publish","type":"post","link":"https:\/\/kodmalopolska.pl\/?p=20591","title":{"rendered":"Prezes zamierza bi\u0107. Felieton Fryderyka Zolla (239)"},"content":{"rendered":"\n<p>Rozmawia\u0142em ostatnio z niemieckim profesorem prawa o zakazie demonstracji w czasie pandemii. Powiedzia\u0142, \u017ce w Niemczech taki zakaz by\u0142by nieproporcjonalny i niekonstytucyjny. W trakcie demonstracji mo\u017cna zachowywa\u0107 odst\u0119py i nosi\u0107 maseczki i jest to wystarczaj\u0105ce zabezpieczenie. Nie ma powodu do ograniczania podstawowych praw obywatelskich. W Polsce obowi\u0105zuje ta sama zasada, dotycz\u0105ca zreszt\u0105 nie tylko protest\u00f3w przeciwko werdyktowi przy\u0142\u0119bskiemu, ale tak\u017ce Marszu Niepodleg\u0142o\u015bci. Tak dzia\u0142a Konstytucja, nie na darmo te\u017c Temida ma na oczach opask\u0119. Prawa obywatelskie przys\u0142uguj\u0105 zar\u00f3wno tym, kt\u00f3rych popieramy, jak i naszym politycznym przeciwnikom. To ABC pa\u0144stwa prawa.<br \/>Zasada obowi\u0105zuje, ale jako\u015b nie bardzo si\u0119 przebija do szerszej \u015bwiadomo\u015bci. Nies\u0142usznie zarzuca si\u0119 prezesowi, \u017ce nic dot\u0105d nie zrobi\u0142 jako szef polskiej bezpieki. Zrobi\u0142. Szuka\u0142 ch\u0119tnych do bicia \u2013 najpierw w policji, a gdy mu odm\u00f3wiono, w\u015br\u00f3d boj\u00f3wek nacjonalistycznych. Efekt jest taki, \u017ce szef tych boj\u00f3wek domaga si\u0119 od policjant\u00f3w pilnowania mu domu, bo si\u0119 boi, gdy sam pilnuje gdzie indziej. Poszukiwanie kolejnych ch\u0119tnych trwa. Najpewniej odejdzie aktualny szef policji, kt\u00f3ry do bicia si\u0119 nie rwa\u0142. Jego nast\u0119pca b\u0119dzie ju\u017c bardziej spolegliwy. Rodzice polskich dzieci, s\u0142yszycie? Jaros\u0142aw Kaczy\u0144ski chce, \u017ceby policja by\u0142a bezwzgl\u0119dna wobec demonstrant\u00f3w, wobec naszych dzieci! Jeszcze tylko tego brakuje w obecnej katastrofalnej sytuacji, \u017ceby powt\u00f3rzy\u0142a si\u0119 historia Grzesia Przemyka, \u017ceby znowu kogo\u015b przeszy\u0142o nieludzkie cierpienie! Dochodzimy do \u015bciany. Ka\u017cdy, kto maj\u0105c tak\u0105 mo\u017cliwo\u015b\u0107, nie stara si\u0119 odsun\u0105\u0107 tego cz\u0142owieka od w\u0142adzy, b\u0119dzie wsp\u00f3\u0142odpowiedzialny za jego czyny. Opozycjo, szukaj sojusznik\u00f3w! Czas zako\u0144czy\u0107 te rz\u0105dy.<\/p>\n\n\n\n<hr class=\"wp-block-separator\"\/>\n\n\n\n<p><em>Felieton jest wyrazem opinii autora. Nie prezentuje stanowiska ZR Ma\u0142opolskie KOD.<\/em><\/p>\n","protected":false},"excerpt":{"rendered":"<p>Rozmawia\u0142em ostatnio z niemieckim profesorem prawa o zakazie demonstracji w czasie pandemii. Powiedzia\u0142, \u017ce w Niemczech taki zakaz by\u0142by nieproporcjonalny [&#8230;]<\/p>\n","protected":false},"author":24,"featured_media":12411,"comment_status":"closed","ping_status":"open","sticky":false,"template":"","format":"standard","meta":{"_EventAllDay":false,"_EventTimezone":"","_EventStartDate":"","_EventEndDate":"","_EventStartDateUTC":"","_EventEndDateUTC":"","_EventShowMap":false,"_EventShowMapLink":false,"_EventURL":"","_EventCost":"","_EventCostDescription":"","_EventCurrencySymbol":"","_EventCurrencyCode":"","_EventCurrencyPosition":"","_EventDateTimeSeparator":"","_EventTimeRangeSeparator":"","_EventOrganizerID":[],"_EventVenueID":[],"_OrganizerEmail":"","_OrganizerPhone":"","_OrganizerWebsite":"","_VenueAddress":"","_VenueCity":"","_VenueCountry":"","_VenueProvince":"","_VenueState":"","_VenueZip":"","_VenuePhone":"","_VenueURL":"","_VenueStateProvince":"","_VenueLat":"","_VenueLng":"","_VenueShowMap":false,"_VenueShowMapLink":false,"footnotes":""},"categories":[596],"tags":[],"class_list":["post-20591","post","type-post","status-publish","format-standard","has-post-thumbnail","hentry","category-felietony","felietony"],"_links":{"self":[{"href":"https:\/\/kodmalopolska.pl\/index.php?rest_route=\/wp\/v2\/posts\/20591","targetHints":{"allow":["GET"]}}],"collection":[{"href":"https:\/\/kodmalopolska.pl\/index.php?rest_route=\/wp\/v2\/posts"}],"about":[{"href":"https:\/\/kodmalopolska.pl\/index.php?rest_route=\/wp\/v2\/types\/post"}],"author":[{"embeddable":true,"href":"https:\/\/kodmalopolska.pl\/index.php?rest_route=\/wp\/v2\/users\/24"}],"replies":[{"embeddable":true,"href":"https:\/\/kodmalopolska.pl\/index.php?rest_route=%2Fwp%2Fv2%2Fcomments&post=20591"}],"version-history":[{"count":0,"href":"https:\/\/kodmalopolska.pl\/index.php?rest_route=\/wp\/v2\/posts\/20591\/revisions"}],"wp:featuredmedia":[{"embeddable":true,"href":"https:\/\/kodmalopolska.pl\/index.php?rest_route=\/wp\/v2\/media\/12411"}],"wp:attachment":[{"href":"https:\/\/kodmalopolska.pl\/index.php?rest_route=%2Fwp%2Fv2%2Fmedia&parent=20591"}],"wp:term":[{"taxonomy":"category","embeddable":true,"href":"https:\/\/kodmalopolska.pl\/index.php?rest_route=%2Fwp%2Fv2%2Fcategories&post=20591"},{"taxonomy":"post_tag","embeddable":true,"href":"https:\/\/kodmalopolska.pl\/index.php?rest_route=%2Fwp%2Fv2%2Ftags&post=20591"}],"curies":[{"name":"wp","href":"https:\/\/api.w.org\/{rel}","templated":true}]}}