{"id":20527,"date":"2020-11-07T13:32:38","date_gmt":"2020-11-07T12:32:38","guid":{"rendered":"https:\/\/kodmalopolska.pl\/?p=20527"},"modified":"2020-11-07T14:49:47","modified_gmt":"2020-11-07T13:49:47","slug":"zdzisiek-wagner-felieton-fryderyka-zolla-238","status":"publish","type":"post","link":"https:\/\/kodmalopolska.pl\/?p=20527","title":{"rendered":"Zdzisiek Wagner. Felieton Fryderyka Zolla (238)"},"content":{"rendered":"\n<p>By\u0142 w KOD\u2011zie od samego pocz\u0105tku. Bra\u0142 udzia\u0142 we wszystkich dzia\u0142aniach, dokumentowa\u0142 trudny czas PiS\u2011owskiej nocy. Walczy\u0142 dzielnie z chorob\u0105 i patrzy\u0142 z bliska na coraz bardziej za\u0142amuj\u0105cy si\u0119 system ochrony zdrowia. Pisa\u0142 o tym KOD\u2011erskie tweety. A by\u0142 bardzo twardy. Zmagania z chorob\u0105 nie stanowi\u0142y dla niego wym\u00f3wki. Pracowa\u0142 na rzecz demokratycznej Polski, kontynuuj\u0105c swoj\u0105 misj\u0119, kt\u00f3ra zacz\u0119\u0142a si\u0119 pami\u0119tnego czasu w nowohuckiej \u201eSolidarno\u015bci\u201d. Nie doczeka\u0142 upadku PiS\u2011u. Gdy jednak PiS w ko\u0144cu upadnie, to b\u0119dzie tak\u017ce Zdzi\u015bka Wagnera zas\u0142uga.<\/p>\n\n\n\n<hr class=\"wp-block-separator\"\/>\n\n\n\n<p><em>Felieton jest wyrazem opinii autora. Nie prezentuje stanowiska ZR Ma\u0142opolskie KOD.<\/em><\/p>\n","protected":false},"excerpt":{"rendered":"<p>By\u0142 w KOD\u2011zie od samego pocz\u0105tku. Bra\u0142 udzia\u0142 we wszystkich dzia\u0142aniach, dokumentowa\u0142 trudny czas PiS\u2011owskiej nocy. Walczy\u0142 dzielnie z chorob\u0105 [&#8230;]<\/p>\n","protected":false},"author":24,"featured_media":19814,"comment_status":"closed","ping_status":"open","sticky":false,"template":"","format":"standard","meta":{"_EventAllDay":false,"_EventTimezone":"","_EventStartDate":"","_EventEndDate":"","_EventStartDateUTC":"","_EventEndDateUTC":"","_EventShowMap":false,"_EventShowMapLink":false,"_EventURL":"","_EventCost":"","_EventCostDescription":"","_EventCurrencySymbol":"","_EventCurrencyCode":"","_EventCurrencyPosition":"","_EventDateTimeSeparator":"","_EventTimeRangeSeparator":"","_EventOrganizerID":[],"_EventVenueID":[],"_OrganizerEmail":"","_OrganizerPhone":"","_OrganizerWebsite":"","_VenueAddress":"","_VenueCity":"","_VenueCountry":"","_VenueProvince":"","_VenueState":"","_VenueZip":"","_VenuePhone":"","_VenueURL":"","_VenueStateProvince":"","_VenueLat":"","_VenueLng":"","_VenueShowMap":false,"_VenueShowMapLink":false,"footnotes":""},"categories":[28,596],"tags":[],"class_list":["post-20527","post","type-post","status-publish","format-standard","has-post-thumbnail","hentry","category-malopolskie-news","category-felietony","malopolskie-news","felietony"],"_links":{"self":[{"href":"https:\/\/kodmalopolska.pl\/index.php?rest_route=\/wp\/v2\/posts\/20527","targetHints":{"allow":["GET"]}}],"collection":[{"href":"https:\/\/kodmalopolska.pl\/index.php?rest_route=\/wp\/v2\/posts"}],"about":[{"href":"https:\/\/kodmalopolska.pl\/index.php?rest_route=\/wp\/v2\/types\/post"}],"author":[{"embeddable":true,"href":"https:\/\/kodmalopolska.pl\/index.php?rest_route=\/wp\/v2\/users\/24"}],"replies":[{"embeddable":true,"href":"https:\/\/kodmalopolska.pl\/index.php?rest_route=%2Fwp%2Fv2%2Fcomments&post=20527"}],"version-history":[{"count":0,"href":"https:\/\/kodmalopolska.pl\/index.php?rest_route=\/wp\/v2\/posts\/20527\/revisions"}],"wp:featuredmedia":[{"embeddable":true,"href":"https:\/\/kodmalopolska.pl\/index.php?rest_route=\/wp\/v2\/media\/19814"}],"wp:attachment":[{"href":"https:\/\/kodmalopolska.pl\/index.php?rest_route=%2Fwp%2Fv2%2Fmedia&parent=20527"}],"wp:term":[{"taxonomy":"category","embeddable":true,"href":"https:\/\/kodmalopolska.pl\/index.php?rest_route=%2Fwp%2Fv2%2Fcategories&post=20527"},{"taxonomy":"post_tag","embeddable":true,"href":"https:\/\/kodmalopolska.pl\/index.php?rest_route=%2Fwp%2Fv2%2Ftags&post=20527"}],"curies":[{"name":"wp","href":"https:\/\/api.w.org\/{rel}","templated":true}]}}