{"id":20495,"date":"2020-11-06T20:51:44","date_gmt":"2020-11-06T19:51:44","guid":{"rendered":"https:\/\/kodmalopolska.pl\/?p=20495"},"modified":"2020-11-06T20:52:19","modified_gmt":"2020-11-06T19:52:19","slug":"wolnosc-od-versus-wolnosc-do-felieton-marcina-nowaka-7","status":"publish","type":"post","link":"https:\/\/kodmalopolska.pl\/?p=20495","title":{"rendered":"Wolno\u015b\u0107 od\u201d versus \u201ewolno\u015b\u0107 do\u201d. Felieton Marcina Nowaka (8)"},"content":{"rendered":"\n<p>To, co wydarzy\u0142o si\u0119 w 1918 roku, bardzo odbiega od tego, co od dobrych kilku lat uwypuklaj\u0105 oficjalne pa\u0144stwowe obchody, cz\u0119sto po\u0142\u0105czone z manifestowaniem specyficznie rozumianego narodowo-katolickiego patriotyzmu. W 1918 roku Polska, Polki i Polacy odzyskali swoj\u0105 podmiotowo\u015b\u0107, swoj\u0105 godno\u015b\u0107. Otrzymali prawo do samostanowienia. Rozpocz\u0105\u0142 si\u0119 proces jednoczenia Polak\u00f3w mieszkaj\u0105cych na terenach by\u0142ych zabor\u00f3w: rosyjskiego, niemieckiego i austriackiego.<\/p>\n\n\n\n<p>Dzi\u015b patrzy si\u0119 na tamte wydarzenia wy\u0142\u0105cznie przez pryzmat wolno\u015bci od naje\u017ad\u017ac\u00f3w, wrog\u00f3w ojczyzny, a to zabarwia wszystko na czerwono krwi\u0105 \u201em\u0119czennik\u00f3w\u201d, kt\u00f3rzy walczyli o wyzwolenie Polski. W imi\u0119 tej idei wypowiada si\u0119 wojn\u0119 \u015brodowiskom postrzeganym jako czyhaj\u0105ce na nasz\u0105 wolno\u015b\u0107 i d\u0105\u017c\u0105cym do ponownego zniewolenia dumnego polskiego narodu. Strach le\u017c\u0105cy u podstaw tego przekazu wzywa do niszczenia pewnych grup spo\u0142ecznych, a obecnie ju\u017c ponad po\u0142owy spo\u0142ecze\u0144stwa, poniewa\u017c w\u0105ska grupa zmanipulowanych zwolennik\u00f3w Zjednoczonej Prawicy wierzy g\u0142\u0119boko w dziejowy spisek przeciw polsko\u015bci. Jedyn\u0105 form\u0105 obrony jest dla tych ludzi pokazanie polskiej si\u0142y, determinacji, notoryczny sprzeciw, a nawet odrzucenie oferowanej pomocy. Rz\u0105dz\u0105cy przekonani o swojej dziejowej misji nie chc\u0105 \u017cadnej kontroli nad sob\u0105, bo ta okaza\u0142aby si\u0119 mi\u0119kk\u0105 form\u0105 zniewolenia i obna\u017ca\u0142aby ich s\u0142abo\u015b\u0107. Nie \u017cycz\u0105 sobie nawet zale\u017cno\u015bci wynikaj\u0105cej z partnerstwa w Unii Europejskiej, kt\u00f3ra zreszt\u0105 te\u017c jest rzekomo elementem bli\u017cej nieokre\u015blonego frontu zmierzaj\u0105cego do odebrania Polsce niepodleg\u0142o\u015bci. Tak wi\u0119c Zjednoczona Prawica i jej wyznawcy walcz\u0105 o wolno\u015b\u0107 od si\u0142, kt\u00f3re w ich mniemaniu chc\u0105 zaw\u0142adn\u0105\u0107 Polsk\u0105, Polkami i Polakami.<\/p>\n\n\n\n<p>Tymczasem w 1918 roku wszyscy mieszka\u0144cy teren\u00f3w Polski odzyskali podmiotowo\u015b\u0107. Odzyskali wolno\u015b\u0107 do samostanowienia, do tworzenia prawa, kt\u00f3re b\u0119dzie chroni\u0142o ich wszystkich i sprzyja\u0142o rodz\u0105cemu si\u0119 na nowo \u017cyciu spo\u0142ecznemu i ekonomicznemu, a tak\u017ce wsp\u00f3\u0142pracy mi\u0119dzynarodowej przy uznaniu Polski za pe\u0142noprawny podmiot i partnera. Mo\u017cna by powiedzie\u0107, \u017ce by\u0142o to nie tyle odrodzenie, co swoistego rodzaju zjednoczenie Polski. Rozpocz\u0105\u0142 si\u0119 wielki projekt scalania jej trzech odr\u0119bnych cz\u0119\u015bci w jeden organizm. Wszyscy zamieszkuj\u0105cy te tereny otrzymali polskie obywatelstwo. Stali si\u0119 podmiotem polskich praw obywatelskich.<\/p>\n\n\n\n<p>Trudno zrozumie\u0107, \u017ce po 102 latach od tych wydarze\u0144 istnieje w kr\u0119gach rz\u0105dz\u0105cych w Polsce moda na odmawianie polskiej podmiotowo\u015bci ponad po\u0142owie spo\u0142ecze\u0144stwa, kt\u00f3rego wi\u0119kszo\u015b\u0107 zamieszkuje od tamtych lat mniej wi\u0119cej te same obszary. Ponad 70% Polek i Polak\u00f3w popiera Strajk Kobiet. Grupa ta znalaz\u0142a si\u0119 na celowniku rz\u0105dz\u0105cych, kt\u00f3rzy za wszelk\u0105 cen\u0119 chc\u0105 wm\u00f3wi\u0107 spo\u0142ecze\u0144stwu, \u017ce to wrogowie ojczyzny, bo wyst\u0119puj\u0105 przeciw ich wypaczonej wizji polsko\u015bci opartej na \u201ewolno\u015bci od\u201d. Zreszt\u0105, z dnia na dzie\u0144 wyd\u0142u\u017ca si\u0119 lista nieprzyjaci\u00f3\u0142, kt\u00f3rych nale\u017cy si\u0119 ba\u0107. Z dnia na dzie\u0144 wyd\u0142u\u017ca si\u0119 te\u017c lista Polek i Polak\u00f3w, kt\u00f3rym odbiera si\u0119 podmiotowo\u015b\u0107 i prawo do samostanowienia.<\/p>\n\n\n\n<p>Tu ma\u0142a dygresja. Wyrok pseudo-Trybuna\u0142u Konstytucyjnego nie odebra\u0142 mo\u017cliwo\u015bci wyboru wy\u0142\u0105cznie tym kobietom, kt\u00f3re chcia\u0142yby dokona\u0107 aborcji. Odebra\u0142 mo\u017cliwo\u015b\u0107 wyboru wszystkim kobietom bez wyj\u0105tku. Kobiety, kt\u00f3re nie chcia\u0142yby dokona\u0107 aborcji, te\u017c s\u0105 tej mo\u017cliwo\u015bci pozbawione.<\/p>\n\n\n\n<p>Opr\u00f3cz kobiet s\u0105 na li\u015bcie wrog\u00f3w ojczyzny osoby LGBTIA. S\u0105 wegetarianie i weganie, bo nie jedz\u0105 polskiego schabowego i w ten spos\u00f3b nie wspieraj\u0105 polskich hodowc\u00f3w zwierz\u0105t. S\u0105 nauczyciele, wyk\u0142adowcy i studenci, bo popieraj\u0105 Strajk Kobiet i \u017c\u0105daj\u0105 rzetelnej edukacji seksualnej. S\u0105 lekarze, bo ich ci\u0119\u017cka i pe\u0142na po\u015bwi\u0119ce\u0144 praca nie zgadza si\u0119 z estymacjami wyliczonymi w Excelu. S\u0105 s\u0119dziowie, bo nie orzekaj\u0105 po my\u015bli rz\u0105dz\u0105cych. Jest i Polonia, bo popar\u0142a Trzaskowskiego. Te wszystkie Polki i tych wszystkich Polak\u00f3w nie tylko pozbawia si\u0119 podmiotowo\u015bci, podwa\u017caj\u0105c ich polskie obywatelstwo i ka\u017c\u0105c im wyje\u017cd\u017ca\u0107 za granic\u0119, ale te\u017c odmawia si\u0119 im cz\u0142owiecze\u0144stwa. A przecie\u017c oni wszyscy nosz\u0105 Polsk\u0119 w sercu, czuj\u0105 si\u0119 Polakami, ale czuj\u0105 si\u0119 te\u017c Europejczykami, a nawet obywatelami \u015bwiata. Poza Poloni\u0105 wszyscy mieszkaj\u0105 i pracuj\u0105 w Polsce, tu odprowadzaj\u0105 podatki i przyczyniaj\u0105 si\u0119 do wzrostu PKB, tu spotykaj\u0105 si\u0119 ze znajomymi i zwiedzaj\u0105 kraj. Nie mo\u017cna i nie wolno pozbawia\u0107 ich podmiotowo\u015bci. Wszyscy mamy do niej prawo.<\/p>\n\n\n\n<p>Rz\u0105dz\u0105cy pomylili role. Nie s\u0105 ojcami ani matkami narodu. Wybrano ich, aby koordynowali wsp\u00f3\u0142prac\u0119 mi\u0119dzy Polakami, instytucjami i przedsi\u0119biorcami. Nie s\u0105 uprawieni do podejmowania decyzji za Polki i Polak\u00f3w w sferze ich \u017cycia prywatnego. Powinni raczej dba\u0107 o to, by prawo nikogo nie wyklucza\u0142o, ale by\u0142o integruj\u0105ce, jasne i przejrzyste i traktowa\u0142o wszystkich r\u00f3wno. Powinni dba\u0107, by ka\u017cdy obywatel by\u0142 podmiotem, a nie przedmiotem, i jako podmiot mia\u0142 swoje miejsce w spo\u0142ecze\u0144stwie.<\/p>\n\n\n\n<p>W 1918 roku rozpocz\u0119\u0142a si\u0119 wielka integracja oparta na wolno\u015bci do wsp\u00f3\u0142pracy, do akceptowania odmienno\u015bci, do otwarto\u015bci na siebie nawzajem i do tworzenia polskiej przestrzeni spo\u0142ecznej, w kt\u00f3rej odnajdzie si\u0119 ka\u017cdy obywatel. Nadawano obywatelstwo mieszka\u0144com teren\u00f3w utworzonej Rzeczpospolitej \u2013 nie tylko rdzennej ludno\u015bci, ale te\u017c tym, kt\u00f3rzy w ci\u0105gu tych 123 lat przemieszczali si\u0119 w granicach pa\u0144stw zaborczych. Odzyskanie podmiotowo\u015bci przez pa\u0144stwo polskie na scenie mi\u0119dzynarodowej to tak\u017ce wolno\u015b\u0107 do wsp\u00f3\u0142pracy i partnerstwa w ramach r\u00f3\u017cnego rodzaju organizacji mi\u0119dzynarodowych.<\/p>\n\n\n\n<p>\u015awi\u0119to Niepodleg\u0142o\u015bci nie jest \u015bwi\u0119towaniem \u201ewolno\u015bci od\u201d, lecz \u015bwi\u0119towaniem \u201ewolno\u015bci do\u201d.<\/p>\n\n\n\n<hr class=\"wp-block-separator\"\/>\n\n\n\n<p><em>Felieton jest wyrazem opinii autora. Nie prezentuje stanowiska ZR Ma\u0142opolskie KOD.<\/em><\/p>\n","protected":false},"excerpt":{"rendered":"<p>To, co wydarzy\u0142o si\u0119 w 1918 roku, bardzo odbiega od tego, co od dobrych kilku lat uwypuklaj\u0105 oficjalne pa\u0144stwowe obchody, [&#8230;]<\/p>\n","protected":false},"author":34,"featured_media":18827,"comment_status":"closed","ping_status":"open","sticky":false,"template":"","format":"standard","meta":{"_EventAllDay":false,"_EventTimezone":"","_EventStartDate":"","_EventEndDate":"","_EventStartDateUTC":"","_EventEndDateUTC":"","_EventShowMap":false,"_EventShowMapLink":false,"_EventURL":"","_EventCost":"","_EventCostDescription":"","_EventCurrencySymbol":"","_EventCurrencyCode":"","_EventCurrencyPosition":"","_EventDateTimeSeparator":"","_EventTimeRangeSeparator":"","_EventOrganizerID":[],"_EventVenueID":[],"_OrganizerEmail":"","_OrganizerPhone":"","_OrganizerWebsite":"","_VenueAddress":"","_VenueCity":"","_VenueCountry":"","_VenueProvince":"","_VenueState":"","_VenueZip":"","_VenuePhone":"","_VenueURL":"","_VenueStateProvince":"","_VenueLat":"","_VenueLng":"","_VenueShowMap":false,"_VenueShowMapLink":false,"footnotes":""},"categories":[596],"tags":[],"class_list":["post-20495","post","type-post","status-publish","format-standard","has-post-thumbnail","hentry","category-felietony","felietony"],"_links":{"self":[{"href":"https:\/\/kodmalopolska.pl\/index.php?rest_route=\/wp\/v2\/posts\/20495","targetHints":{"allow":["GET"]}}],"collection":[{"href":"https:\/\/kodmalopolska.pl\/index.php?rest_route=\/wp\/v2\/posts"}],"about":[{"href":"https:\/\/kodmalopolska.pl\/index.php?rest_route=\/wp\/v2\/types\/post"}],"author":[{"embeddable":true,"href":"https:\/\/kodmalopolska.pl\/index.php?rest_route=\/wp\/v2\/users\/34"}],"replies":[{"embeddable":true,"href":"https:\/\/kodmalopolska.pl\/index.php?rest_route=%2Fwp%2Fv2%2Fcomments&post=20495"}],"version-history":[{"count":0,"href":"https:\/\/kodmalopolska.pl\/index.php?rest_route=\/wp\/v2\/posts\/20495\/revisions"}],"wp:featuredmedia":[{"embeddable":true,"href":"https:\/\/kodmalopolska.pl\/index.php?rest_route=\/wp\/v2\/media\/18827"}],"wp:attachment":[{"href":"https:\/\/kodmalopolska.pl\/index.php?rest_route=%2Fwp%2Fv2%2Fmedia&parent=20495"}],"wp:term":[{"taxonomy":"category","embeddable":true,"href":"https:\/\/kodmalopolska.pl\/index.php?rest_route=%2Fwp%2Fv2%2Fcategories&post=20495"},{"taxonomy":"post_tag","embeddable":true,"href":"https:\/\/kodmalopolska.pl\/index.php?rest_route=%2Fwp%2Fv2%2Ftags&post=20495"}],"curies":[{"name":"wp","href":"https:\/\/api.w.org\/{rel}","templated":true}]}}