{"id":20275,"date":"2020-11-03T23:40:19","date_gmt":"2020-11-03T22:40:19","guid":{"rendered":"https:\/\/kodmalopolska.pl\/?p=20275"},"modified":"2020-11-04T00:25:14","modified_gmt":"2020-11-03T23:25:14","slug":"protest-krakow","status":"publish","type":"post","link":"https:\/\/kodmalopolska.pl\/?p=20275","title":{"rendered":"Protest [Krak\u00f3w] &#8211; film"},"content":{"rendered":"\n<p>Wspieramy Strajk Kobiet nasz\u0105 obecno\u015bci\u0105, plakatami, reklam\u0105 i pot\u0119\u017cnymi kolumnami nag\u0142o\u015bnieniowymi, dzi\u0119ki kt\u00f3rym w \u015brod\u0119 plac pod Muzeum Narodowym w Krakowie zamieni\u0142 si\u0119 w ogromny muzyczny protest przeciwko destrukcyjnej w\u0142adzy. Maciej zabra\u0142 tam g\u0142os w imieniu stowarzyszenia. Ale wspieramy tak\u017ce protesty w Suchej Beskidzkiej, My\u015blenicach, Limanowej, Olkuszu, Gorlicach i innych miastach &#8230;. wi\u0119cej relacji wkr\u00f3tce&nbsp;<img loading=\"lazy\" decoding=\"async\" height=\"16\" width=\"16\" alt=\"?\" src=\"https:\/\/static.xx.fbcdn.net\/images\/emoji.php\/v9\/t8a\/3\/16\/1f642.png\"\/><\/p>\n\n\n\n<p>Relacja filmowa z Krakowa 28.10.2020:<\/p>\n\n\n\n<p><a href=\"https:\/\/fb.watch\/1xE3CBsHnU\/\">https:\/\/fb.watch\/1xE3CBsHnU\/<\/a><\/p>\n","protected":false},"excerpt":{"rendered":"<p>Wspieramy Strajk Kobiet nasz\u0105 obecno\u015bci\u0105, plakatami, reklam\u0105 i pot\u0119\u017cnymi kolumnami nag\u0142o\u015bnieniowymi, dzi\u0119ki kt\u00f3rym w \u015brod\u0119 plac pod Muzeum Narodowym w [&#8230;]<\/p>\n","protected":false},"author":31,"featured_media":19414,"comment_status":"closed","ping_status":"open","sticky":false,"template":"","format":"standard","meta":{"_EventAllDay":false,"_EventTimezone":"","_EventStartDate":"","_EventEndDate":"","_EventStartDateUTC":"","_EventEndDateUTC":"","_EventShowMap":false,"_EventShowMapLink":false,"_EventURL":"","_EventCost":"","_EventCostDescription":"","_EventCurrencySymbol":"","_EventCurrencyCode":"","_EventCurrencyPosition":"","_EventDateTimeSeparator":"","_EventTimeRangeSeparator":"","_EventOrganizerID":[],"_EventVenueID":[],"_OrganizerEmail":"","_OrganizerPhone":"","_OrganizerWebsite":"","_VenueAddress":"","_VenueCity":"","_VenueCountry":"","_VenueProvince":"","_VenueState":"","_VenueZip":"","_VenuePhone":"","_VenueURL":"","_VenueStateProvince":"","_VenueLat":"","_VenueLng":"","_VenueShowMap":false,"_VenueShowMapLink":false,"footnotes":""},"categories":[28],"tags":[],"class_list":["post-20275","post","type-post","status-publish","format-standard","has-post-thumbnail","hentry","category-malopolskie-news","malopolskie-news"],"_links":{"self":[{"href":"https:\/\/kodmalopolska.pl\/index.php?rest_route=\/wp\/v2\/posts\/20275","targetHints":{"allow":["GET"]}}],"collection":[{"href":"https:\/\/kodmalopolska.pl\/index.php?rest_route=\/wp\/v2\/posts"}],"about":[{"href":"https:\/\/kodmalopolska.pl\/index.php?rest_route=\/wp\/v2\/types\/post"}],"author":[{"embeddable":true,"href":"https:\/\/kodmalopolska.pl\/index.php?rest_route=\/wp\/v2\/users\/31"}],"replies":[{"embeddable":true,"href":"https:\/\/kodmalopolska.pl\/index.php?rest_route=%2Fwp%2Fv2%2Fcomments&post=20275"}],"version-history":[{"count":0,"href":"https:\/\/kodmalopolska.pl\/index.php?rest_route=\/wp\/v2\/posts\/20275\/revisions"}],"wp:featuredmedia":[{"embeddable":true,"href":"https:\/\/kodmalopolska.pl\/index.php?rest_route=\/wp\/v2\/media\/19414"}],"wp:attachment":[{"href":"https:\/\/kodmalopolska.pl\/index.php?rest_route=%2Fwp%2Fv2%2Fmedia&parent=20275"}],"wp:term":[{"taxonomy":"category","embeddable":true,"href":"https:\/\/kodmalopolska.pl\/index.php?rest_route=%2Fwp%2Fv2%2Fcategories&post=20275"},{"taxonomy":"post_tag","embeddable":true,"href":"https:\/\/kodmalopolska.pl\/index.php?rest_route=%2Fwp%2Fv2%2Ftags&post=20275"}],"curies":[{"name":"wp","href":"https:\/\/api.w.org\/{rel}","templated":true}]}}