{"id":20132,"date":"2020-11-02T21:18:57","date_gmt":"2020-11-02T20:18:57","guid":{"rendered":"https:\/\/kodmalopolska.pl\/?p=20132"},"modified":"2020-11-03T16:51:40","modified_gmt":"2020-11-03T15:51:40","slug":"nie-damy-sie-zastraszyc-nie-tym-razem-felieton-marcina-nowaka-7","status":"publish","type":"post","link":"https:\/\/kodmalopolska.pl\/?p=20132","title":{"rendered":"Nie damy si\u0119 zastraszy\u0107, nie tym razem. Felieton Marcina Nowaka (7)"},"content":{"rendered":"\n<p>Prokuratura Krajowa straszy sankcjami karnymi osoby organizuj\u0105ce protesty. Ministerstwo Edukacji \u017c\u0105da od dyrektor\u00f3w szk\u00f3\u0142, w trybie pilnym informacji na temat uczni\u00f3w i nauczycieli bior\u0105cych udzia\u0142 w Strajku Kobiet lub podejmuj\u0105cych akcje wspomagaj\u0105ce. Episkopat rozbudza poczucie winy, nazywaj\u0105c udzia\u0142 w tych demonstracjach grzechem. TVP wykrzywia rzeczywisto\u015b\u0107 tak, by pasowa\u0142a do przekazu o rzekomej agresji, o prawdopodobnej przemocy i przypuszczalnym barbarzy\u0144stwie. Policja i wojsko s\u0105 anga\u017cowane do obrony budynk\u00f3w. O\u015brodek toru\u0144ski wzywa do krucjaty modlitewnej za Polsk\u0119. Wydaje si\u0119, \u017ce wszystkie te dzia\u0142ania koncentruj\u0105 si\u0119 na wywo\u0142ywaniu strachu i wstydu. Zastrasza si\u0119 i pr\u00f3buje si\u0119 zawstydzi\u0107 wszystkich bez wyj\u0105tku. Ma to by\u0107 pewnego rodzaju manifestacja w\u0142adzy zjednoczonych si\u0142 polityczno-religijnych.<\/p>\n\n\n\n<p>\u201eOdbierzemy ci wolno\u015b\u0107, wsadzimy ci\u0119 do wi\u0119zienia\u201d. \u201ePozbawimy ci\u0119 mo\u017cliwo\u015bci pe\u0142nego uczestnictwa we mszy, musisz si\u0119 wyspowiada\u0107, \u017ceby powr\u00f3ci\u0107 do wsp\u00f3lnoty ko\u015bcio\u0142a\u201d. TVP dwoi i troi informacje o agresji i wulgarnym j\u0119zyku, przeinacza zwyk\u0142e niefortunne zdarzenia i pokazuje aran\u017cowane prowokacje, a wszystko po to, by zastraszy\u0107 pozosta\u0142\u0105 cz\u0119\u015b\u0107 spo\u0142ecze\u0144stwa. Telewizji wt\u00f3ruj\u0105 media braci Karnowskich. Cejrowski w jednym ze swoich tweet\u00f3w pisa\u0142 o j\u0119kach os\u00f3b egzorcyzmowanych na ulicach. O\u015brodek toru\u0144ski nawo\u0142uje cz\u0142onk\u00f3w swojej sekty do wzmo\u017conej modlitwy za Polsk\u0119, znajduj\u0105c\u0105 si\u0119 w bli\u017cej nieokre\u015blonym, ale straszliwym niebezpiecze\u0144stwie (jak zwykle zreszt\u0105). Obecno\u015b\u0107 wojska i policji ma dodatkowo zwi\u0119kszy\u0107 poczucie zagro\u017cenia tak z jednej, jak i z drugiej strony.<\/p>\n\n\n\n<p>Tak w\u0142a\u015bnie partyjno-katolicka w\u0142adza trzyma wszystkich w szachu l\u0119ku. Wyprodukowa\u0142a ba\u0144ki i pozamyka\u0142a w nich r\u00f3\u017cne grupy, by przez d\u0142ugie miesi\u0105ce karmi\u0107 je odpowiedni\u0105 narracj\u0105. Dzi\u0119ki temu zyska\u0142a nad Polkami i Polakami w\u0142adz\u0119 \u2013 wystarczy\u0142o jednych napu\u015bci\u0107 na drugich. Ba\u0144ka libera\u0142\u00f3w skupiona wok\u00f3\u0142 Koalicji Obywatelskiej i Lewicy z \u201eGazet\u0105 Wyborcz\u0105\u201d i TVN. Ba\u0144ka narodowo-konserwatywna skupiona wok\u00f3\u0142 Zjednoczonej Prawicy, brutalnie przej\u0119tej TVP i pseudo-Trybuna\u0142u Konstytucyjnego. Ba\u0144ka fundamentalizmu katolickiego skupiona wok\u00f3\u0142 episkopatu, o\u015brodka toru\u0144skiego, Ordo Iuris, medi\u00f3w braci Karnowskich.<\/p>\n\n\n\n<p>Wydawa\u0142o si\u0119, \u017ce po wygranych wyborach w 2015 roku nic ju\u017c tej uruchomionej machiny nie zatrzyma. Wszystko by\u0142o pod kontrol\u0105, wszystko dzia\u0142a\u0142o modelowo, zgodnie z planem. \u017bycie jednak pisze swoje scenariusze. Spo\u0142ecze\u0144stwem na szcz\u0119\u015bcie wstrz\u0105sn\u0119\u0142a pandemia. Pisz\u0119 \u201ena szcz\u0119\u015bcie\u201d, bo cho\u0107 zagro\u017cenie jest realne i go nie bagatelizuj\u0119, koronawirus zr\u00f3wna\u0142 nas wszystkich. Nie ma ju\u017c r\u00f3wnych i r\u00f3wniejszych, ka\u017cdy z nas jest jednakowo nara\u017cony na zaka\u017cenie. Dla wirusa nie jest wa\u017cne, kto m\u0142ody, a kto stary, biedny czy bogaty, artysta, polityk, ksi\u0105dz, menad\u017cer, kasjer, budowlaniec, kamerzysta, pokerzysta, chrze\u015bcijanin, muzu\u0142manin, buddysta, protestant, Afryka\u0144czyk, Chi\u0144czyk, bia\u0142y, Latynos. Wszyscy jeste\u015bmy tak samo atrakcyjni.<\/p>\n\n\n\n<p>Utrzymywane ogromnym nak\u0142adem si\u0142 i \u015brodk\u00f3w ba\u0144ki pop\u0119ka\u0142y, a ich dotychczasowi mieszka\u0144cy dostrzegaj\u0105, \u017ce \u015bwiat niezupe\u0142nie wygl\u0105da tak, jak im podawano do wierzenia. Wobec koronawirusa nie tylko jeste\u015bmy r\u00f3wni, ale te\u017c przestali\u015bmy obwinia\u0107 si\u0119 nawzajem, a przede wszystkim okazujemy sobie solidarno\u015b\u0107. Wsp\u00f3\u0142pracujemy ze sob\u0105, cz\u0119sto ponad podzia\u0142ami (np. w akcji \u201eKup i przynie\u015b zakupy dla seniora\u201d), i pomagamy tym, kt\u00f3rzy w wyniku pandemii i chaotycznych dzia\u0142a\u0144 rz\u0105du trac\u0105 \u017ar\u00f3d\u0142a dochodu, tak jak obecnie sprzedawcy chryzantem.<\/p>\n\n\n\n<p>Nie wszystkim ta sytuacja odpowiada. Ba\u0144ki p\u0119k\u0142y, wszyscy r\u00f3wni, solidarni, narracja prawicowo-narodowa okazuje si\u0119 fa\u0142szem. Zjednoczona Prawica traci kontrol\u0119, bo Polki i Polacy ju\u017c widz\u0105, \u017ce ta w\u0142adza nie s\u0142u\u017cy im, tylko sobie. Rz\u0105dz\u0105cy wykonuj\u0105 chaotyczne ruchy, uderzaj\u0105 na o\u015blep, si\u0119gaj\u0105 po sprawdzone k\u0142amstwa, wierz\u0105c, \u017ce znowu nadmuchaj\u0105 ba\u0144ki i b\u0119dzie po staremu.<\/p>\n\n\n\n<p>Ostatnia kampania wyborcza by\u0142a pierwsz\u0105 pr\u00f3b\u0105 ponownego wepchni\u0119cia ludzi do baniek. Drug\u0105, r\u00f3wnie nieudan\u0105, atak na osoby LGBTIA. Teraz Zjednoczona Prawica wywo\u0142a\u0142a temat aborcji, obalaj\u0105c kompromis, kt\u00f3ry mo\u017ce nie by\u0142 najlepszy, ale funkcjonowa\u0142. I tu te\u017c pora\u017cka.<\/p>\n\n\n\n<p>Wobec narastaj\u0105cego poczucia przegranej polityczno-religijna w\u0142adza wzmaga zastraszanie i zawstydzanie, pr\u00f3buj\u0105c sklei\u0107 porozbijane ba\u0144ki i na nowo nas w nich pozamyka\u0107. Tym razem sprawdzone metody zawodz\u0105. Polacy maj\u0105 tego serdecznie do\u015b\u0107.<\/p>\n\n\n\n<p>Dzi\u015b Polki i Polacy nie daj\u0105 si\u0119 zastraszy\u0107, nie daj\u0105 si\u0119 zawstydzi\u0107, ale z wysoko podniesion\u0105 g\u0142ow\u0105 walcz\u0105 o swoje prawo do samostanowienia, o prawo do wolnego wyboru, do \u017cycia zgodnego ze swoimi marzeniami i oczekiwaniami, walcz\u0105 o kszta\u0142t edukacji swoich dzieci, o zakres us\u0142ug medycznych, o wolno\u015b\u0107 dzia\u0142alno\u015bci gospodarczej.<\/p>\n\n\n\n<p>Polki i Polacy niejednokrotnie w przesz\u0142o\u015bci udowodnili, \u017ce potrafi\u0105 dobrze zarz\u0105dza\u0107 swoimi firmami, swoimi gospodarstwami domowymi, swoimi bud\u017cetami, i maj\u0105 tylko jedno gor\u0105ce \u017cyczenie: \u017ceby ten rz\u0105d przesta\u0142 im w tym przeszkadza\u0107. M\u00f3wi\u0105c j\u0119zykiem protest\u00f3w: wy********\u0107 z naszych sypialni, z naszych kuchni, naszych salon\u00f3w, naszych firm, naszych szk\u00f3\u0142, naszych szpitali, naszych las\u00f3w, naszych \u017c\u0142obk\u00f3w i \u2013 w imieniu katolik\u00f3w \u2013 naszych ko\u015bcio\u0142\u00f3w!<\/p>\n\n\n\n<hr class=\"wp-block-separator\"\/>\n\n\n\n<p><em>Felieton jest wyrazem opinii autora. Nie prezentuje stanowiska ZR Ma\u0142opolskie KOD.<\/em><\/p>\n","protected":false},"excerpt":{"rendered":"<p>Prokuratura Krajowa straszy sankcjami karnymi osoby organizuj\u0105ce protesty. Ministerstwo Edukacji \u017c\u0105da od dyrektor\u00f3w szk\u00f3\u0142, w trybie pilnym informacji na temat [&#8230;]<\/p>\n","protected":false},"author":34,"featured_media":18827,"comment_status":"closed","ping_status":"open","sticky":false,"template":"","format":"standard","meta":{"_EventAllDay":false,"_EventTimezone":"","_EventStartDate":"","_EventEndDate":"","_EventStartDateUTC":"","_EventEndDateUTC":"","_EventShowMap":false,"_EventShowMapLink":false,"_EventURL":"","_EventCost":"","_EventCostDescription":"","_EventCurrencySymbol":"","_EventCurrencyCode":"","_EventCurrencyPosition":"","_EventDateTimeSeparator":"","_EventTimeRangeSeparator":"","_EventOrganizerID":[],"_EventVenueID":[],"_OrganizerEmail":"","_OrganizerPhone":"","_OrganizerWebsite":"","_VenueAddress":"","_VenueCity":"","_VenueCountry":"","_VenueProvince":"","_VenueState":"","_VenueZip":"","_VenuePhone":"","_VenueURL":"","_VenueStateProvince":"","_VenueLat":"","_VenueLng":"","_VenueShowMap":false,"_VenueShowMapLink":false,"footnotes":""},"categories":[596],"tags":[],"class_list":["post-20132","post","type-post","status-publish","format-standard","has-post-thumbnail","hentry","category-felietony","felietony"],"_links":{"self":[{"href":"https:\/\/kodmalopolska.pl\/index.php?rest_route=\/wp\/v2\/posts\/20132","targetHints":{"allow":["GET"]}}],"collection":[{"href":"https:\/\/kodmalopolska.pl\/index.php?rest_route=\/wp\/v2\/posts"}],"about":[{"href":"https:\/\/kodmalopolska.pl\/index.php?rest_route=\/wp\/v2\/types\/post"}],"author":[{"embeddable":true,"href":"https:\/\/kodmalopolska.pl\/index.php?rest_route=\/wp\/v2\/users\/34"}],"replies":[{"embeddable":true,"href":"https:\/\/kodmalopolska.pl\/index.php?rest_route=%2Fwp%2Fv2%2Fcomments&post=20132"}],"version-history":[{"count":0,"href":"https:\/\/kodmalopolska.pl\/index.php?rest_route=\/wp\/v2\/posts\/20132\/revisions"}],"wp:featuredmedia":[{"embeddable":true,"href":"https:\/\/kodmalopolska.pl\/index.php?rest_route=\/wp\/v2\/media\/18827"}],"wp:attachment":[{"href":"https:\/\/kodmalopolska.pl\/index.php?rest_route=%2Fwp%2Fv2%2Fmedia&parent=20132"}],"wp:term":[{"taxonomy":"category","embeddable":true,"href":"https:\/\/kodmalopolska.pl\/index.php?rest_route=%2Fwp%2Fv2%2Fcategories&post=20132"},{"taxonomy":"post_tag","embeddable":true,"href":"https:\/\/kodmalopolska.pl\/index.php?rest_route=%2Fwp%2Fv2%2Ftags&post=20132"}],"curies":[{"name":"wp","href":"https:\/\/api.w.org\/{rel}","templated":true}]}}