{"id":19664,"date":"2020-10-27T18:14:18","date_gmt":"2020-10-27T17:14:18","guid":{"rendered":"https:\/\/kodmalopolska.pl\/?p=19664"},"modified":"2020-10-27T18:14:21","modified_gmt":"2020-10-27T17:14:21","slug":"kobieta-wiodaca-lud-na-barykady-felieton-anny-rizzo-1","status":"publish","type":"post","link":"https:\/\/kodmalopolska.pl\/?p=19664","title":{"rendered":"Kobieta wiod\u0105ca lud na barykady. Felieton Anny Rizzo (1)"},"content":{"rendered":"\n<p>W 2009 roku Dalajlama wypowiedzia\u0142 pami\u0119tne s\u0142owa: \u201e\u015awiat uratuje kobieta Zachodu\u201d. W ostatnich dniach widzimy t\u0142umy kobiet maszeruj\u0105ce na barykady, by walczy\u0107 o swoje prawa \u2013 prawa cz\u0142owieka. Kiedy my\u015bl\u0119 o wolno\u015bci, pojawia mi si\u0119 przed oczami obraz Delacroix zatytu\u0142owany \u201eWolno\u015b\u0107 wiod\u0105ca lud na barykady\u201d, z wolno\u015bci\u0105 przedstawion\u0105 jako kobieta. Dok\u0142adnie to samo widz\u0119 teraz na ulicach. Chc\u0119 wierzy\u0107, \u017ce te w\u0142a\u015bnie kobiety, moje siostry, nios\u0105 wolno\u015b\u0107 pa\u0144stwu od lat zniewolonemu przez stereotypy, przez brak powszechnej edukacji seksualnej i brak wsp\u00f3\u0142czucia dla cierpi\u0105cych, pa\u0144stwu pe\u0142nemu szowinizmu, rasizmu i seksizmu. Te w\u0142a\u015bnie dzielne kobiety nie zwa\u017caj\u0105 na kordony policji i padaj\u0105ce zza nich wyzwiska ONR\u2011u, ale walcz\u0105, krzycz\u0105 i p\u0142acz\u0105 \u2013 p\u0142acz\u0105 z \u017calu za utracon\u0105 wolno\u015bci\u0105. W Internecie mo\u017cna znale\u017a\u0107 krytyk\u0119 wulgaryzm\u00f3w i drastycznych zachowa\u0144 ze strony protestuj\u0105cych. Jest to reakcja na lata uciszania i pogardy, sprowadzania kobiety do roli inkubatora, s\u0142ugi m\u0119\u017ca i pa\u0144stwa, reakcja na konieczno\u015b\u0107 starania si\u0119 dwa razy bardziej ni\u017c m\u0119\u017cczyzna, by cho\u0107 w po\u0142owie by\u0107 traktowan\u0105 r\u00f3wnie powa\u017cnie. Nasze okrzyki to po prostu okrzyki rozpaczy. Chc\u0119 wierzy\u0107, \u017ce w tym kontek\u015bcie wr\u00f3cimy do terminu \u201eprawa cz\u0142owieka\u201d, bo kobieta to te\u017c cz\u0142owiek, nie r\u00f3\u017cni si\u0119 od m\u0119\u017cczyzny niczym poza aspektem fizyczno\u015bci. Co wi\u0119cej, licz\u0119, \u017ce p\u0142e\u0107 ju\u017c nigdy nie b\u0119dzie mia\u0142a wp\u0142ywu na to, jak jeste\u015bmy przez spo\u0142ecze\u0144stwo postrzegane. Ogl\u0105daj\u0105c film \u201eSufra\u017cystki\u201d, p\u0142aka\u0142am szczeg\u00f3lnie przy napisach ko\u0144cowych, bo wymieniono w nich kraje, w kt\u00f3rych wci\u0105\u017c odmawia si\u0119 kobietom prawa g\u0142osu. Polkom przyznano to prawo bardzo wcze\u015bnie, jednak zrobiono to nie z szacunku dla ich mo\u017cliwo\u015bci intelektualnych, lecz po to, by mia\u0142 kto g\u0142osowa\u0107, podczas gdy m\u0119\u017cczy\u017ani s\u0105 na wojnie.<br \/>Kiedy po raz pierwszy us\u0142ysza\u0142am czwartkowy wyrok, by\u0142o mi smutno, p\u00f3\u017aniej ogarn\u0119\u0142a mnie z\u0142o\u015b\u0107, a na koniec fala otumanionej oboj\u0119tno\u015bci. W psychologii tak przedstawia si\u0119 fazy \u017ca\u0142oby. Pogodzi\u0142am si\u0119 ze \u015bmierci\u0105 Trybuna\u0142u Konstytucyjnego. W\u0105tpi\u0119, \u017ceby\u015bmy byli w stanie przywr\u00f3ci\u0107 go do \u017cycia. Boli mnie to jako kobiet\u0119 i prawniczk\u0119, bo wydaje si\u0119, \u017ce nie mamy ju\u017c do kogo si\u0119 zwr\u00f3ci\u0107, by nas chroni\u0142. Tr\u00f3jpodzia\u0142 w\u0142adzy jest fars\u0105, policja i si\u0142y zbrojne podporz\u0105dkowano rz\u0105dowi, kt\u00f3ry okazuje si\u0119 oprawc\u0105. Nie pozostaje nam nic innego, jak w ko\u0144cu wyj\u015b\u0107 z pozycji ofiary i walczy\u0107.<\/p>\n\n\n\n<hr class=\"wp-block-separator\"\/>\n\n\n\n<p><em>Felieton jest wyrazem opinii autorki. Nie prezentuje stanowiska ZR Ma\u0142opolskie KOD.<\/em><\/p>\n","protected":false},"excerpt":{"rendered":"<p>W 2009 roku Dalajlama wypowiedzia\u0142 pami\u0119tne s\u0142owa: \u201e\u015awiat uratuje kobieta Zachodu\u201d. W ostatnich dniach widzimy t\u0142umy kobiet maszeruj\u0105ce na barykady, [&#8230;]<\/p>\n","protected":false},"author":34,"featured_media":19665,"comment_status":"closed","ping_status":"open","sticky":false,"template":"","format":"standard","meta":{"_EventAllDay":false,"_EventTimezone":"","_EventStartDate":"","_EventEndDate":"","_EventStartDateUTC":"","_EventEndDateUTC":"","_EventShowMap":false,"_EventShowMapLink":false,"_EventURL":"","_EventCost":"","_EventCostDescription":"","_EventCurrencySymbol":"","_EventCurrencyCode":"","_EventCurrencyPosition":"","_EventDateTimeSeparator":"","_EventTimeRangeSeparator":"","_EventOrganizerID":[],"_EventVenueID":[],"_OrganizerEmail":"","_OrganizerPhone":"","_OrganizerWebsite":"","_VenueAddress":"","_VenueCity":"","_VenueCountry":"","_VenueProvince":"","_VenueState":"","_VenueZip":"","_VenuePhone":"","_VenueURL":"","_VenueStateProvince":"","_VenueLat":"","_VenueLng":"","_VenueShowMap":false,"_VenueShowMapLink":false,"footnotes":""},"categories":[596],"tags":[],"class_list":["post-19664","post","type-post","status-publish","format-standard","has-post-thumbnail","hentry","category-felietony","felietony"],"_links":{"self":[{"href":"https:\/\/kodmalopolska.pl\/index.php?rest_route=\/wp\/v2\/posts\/19664","targetHints":{"allow":["GET"]}}],"collection":[{"href":"https:\/\/kodmalopolska.pl\/index.php?rest_route=\/wp\/v2\/posts"}],"about":[{"href":"https:\/\/kodmalopolska.pl\/index.php?rest_route=\/wp\/v2\/types\/post"}],"author":[{"embeddable":true,"href":"https:\/\/kodmalopolska.pl\/index.php?rest_route=\/wp\/v2\/users\/34"}],"replies":[{"embeddable":true,"href":"https:\/\/kodmalopolska.pl\/index.php?rest_route=%2Fwp%2Fv2%2Fcomments&post=19664"}],"version-history":[{"count":0,"href":"https:\/\/kodmalopolska.pl\/index.php?rest_route=\/wp\/v2\/posts\/19664\/revisions"}],"wp:featuredmedia":[{"embeddable":true,"href":"https:\/\/kodmalopolska.pl\/index.php?rest_route=\/wp\/v2\/media\/19665"}],"wp:attachment":[{"href":"https:\/\/kodmalopolska.pl\/index.php?rest_route=%2Fwp%2Fv2%2Fmedia&parent=19664"}],"wp:term":[{"taxonomy":"category","embeddable":true,"href":"https:\/\/kodmalopolska.pl\/index.php?rest_route=%2Fwp%2Fv2%2Fcategories&post=19664"},{"taxonomy":"post_tag","embeddable":true,"href":"https:\/\/kodmalopolska.pl\/index.php?rest_route=%2Fwp%2Fv2%2Ftags&post=19664"}],"curies":[{"name":"wp","href":"https:\/\/api.w.org\/{rel}","templated":true}]}}