{"id":19464,"date":"2020-10-24T15:25:21","date_gmt":"2020-10-24T13:25:21","guid":{"rendered":"https:\/\/kodmalopolska.pl\/?p=19464"},"modified":"2020-11-27T14:02:20","modified_gmt":"2020-11-27T13:02:20","slug":"nie-skladamy-parasolek","status":"publish","type":"post","link":"https:\/\/kodmalopolska.pl\/?p=19464","title":{"rendered":"Nie sk\u0142adamy parasolek!"},"content":{"rendered":"\n<p>Po wyroku TK ws. zakazu przerywania ci\u0105\u017cy w przypadku ci\u0119\u017ckiego uszkodzenia p\u0142odu w Ma\u0142opolsce odbywaj\u0105 si\u0119 protesty (lista stale aktualizowana):<\/p>\n\n\n\n<p>sobota 28 XI<\/p>\n\n\n\n<blockquote class=\"wp-block-quote is-layout-flow wp-block-quote-is-layout-flow\"><p>Krak\u00f3w, Mamy prawo! #strajkkobiet G\u0142os to za ma\u0142o!<br \/>RYNEK PODG\u00d3RSKI, godz. 13.00<\/p><cite><a href=\"https:\/\/www.facebook.com\/events\/158476345987119\/\" target=\"_blank\" rel=\"noreferrer noopener\">https:\/\/www.facebook.com\/events\/158476345987119\/<\/a><\/cite><\/blockquote>\n\n\n\n<p><\/p>\n\n\n\n<p>poniedzia\u0142ek 23 XI:<\/p>\n\n\n\n<blockquote class=\"wp-block-quote is-layout-flow wp-block-quote-is-layout-flow\"><p>Krak\u00f3w, Strajk W Ruchu: Protest samochodowy KRAK\u00d3W &#8211; g. 18 .00<\/p><p><a rel=\"noreferrer noopener\" href=\"https:\/\/www.facebook.com\/events\/384933422924115\" target=\"_blank\">https:\/\/www.facebook.com\/events\/384933422924115<\/a><\/p><\/blockquote>\n\n\n\n<p>niedziela 22 XI:<\/p>\n\n\n\n<blockquote class=\"wp-block-quote is-layout-flow wp-block-quote-is-layout-flow\"><p>Krak\u00f3w, Rynek: My zostajemy! Jeste\u015bmy Europ\u0105! &#8211; g. 15.00 <\/p><p><a rel=\"noreferrer noopener\" href=\"https:\/\/www.facebook.com\/events\/409197623544919\" target=\"_blank\">https:\/\/www.facebook.com\/events\/409197623544919<\/a><\/p><p>Krak\u00f3w, Kanonicza: Wierzymy ofiarom. Dziwisz nie. &#8211; g. 12.00,<\/p><p><a href=\"https:\/\/www.facebook.com\/events\/703145313645466\">https:\/\/www.facebook.com\/events\/703145313645466<\/a><\/p><p>Olkusz, parking przy Carrefourze, Protest samochodowy &#8211; g. 16,<\/p><p><a href=\"https:\/\/www.facebook.com\/events\/768094443775649\" target=\"_blank\" rel=\"noreferrer noopener\">https:\/\/www.facebook.com\/events\/768094443775649<\/a><\/p><p>Zakopane, Leclerc, Protest samochodowy &#8211; g. 15, <\/p><p><a href=\"https:\/\/www.facebook.com\/events\/428393308158781\/\" target=\"_blank\" rel=\"noreferrer noopener\">https:\/\/www.facebook.com\/events\/428393308158781\/<\/a><\/p><p>Nowy Targ, Leclerc, Protest samochodowy &#8211; g. 15, <\/p><p><a href=\"https:\/\/www.facebook.com\/events\/428393308158781\/\" target=\"_blank\" rel=\"noreferrer noopener\">https:\/\/www.facebook.com\/events\/428393308158781\/<\/a><\/p><p>Sucha Beskidzka, Rynek: &#8222;My zostajemy w Unii Europejskiej&#8221; &#8211; g. 15 <\/p><p><a href=\"https:\/\/www.facebook.com\/events\/171127281372538\/\" target=\"_blank\" rel=\"noreferrer noopener\">https:\/\/www.facebook.com\/events\/171127281372538\/<\/a><\/p><\/blockquote>\n\n\n\n<p>sobota 21 XI:<\/p>\n\n\n\n<blockquote class=\"wp-block-quote is-layout-flow wp-block-quote-is-layout-flow\"><p>Krak\u00f3w, Rondo Grunwaldzkie, Strajk Kobiet &#8211; krakowski Spacer MATEK POLEK z DZIE\u0106MI I RODZINAMI &#8211; nie odpu\u015bcimy &#8211; g. 14.00<\/p><p><a href=\"https:\/\/www.facebook.com\/events\/714075262575636\" target=\"_blank\" rel=\"noreferrer noopener\">https:\/\/www.facebook.com\/events\/714075262575636<\/a><\/p><\/blockquote>\n\n\n\n<p><\/p>\n\n\n\n<p>\u015broda 11 XI:<\/p>\n\n\n\n<blockquote class=\"wp-block-quote is-layout-flow wp-block-quote-is-layout-flow\"><p>Krak\u00f3w, pl. Wielkiej Armii Napoleona (rowerowo) &#8211; g. 13.00 <\/p><p><a href=\"https:\/\/www.facebook.com\/events\/698997534358894\" target=\"_blank\" rel=\"noreferrer noopener\">https:\/\/www.facebook.com\/events\/698997534358894<\/a><\/p><\/blockquote>\n\n\n\n<p>poniedzia\u0142ek 9 XI:<\/p>\n\n\n\n<blockquote class=\"wp-block-quote is-layout-flow wp-block-quote-is-layout-flow\"><p>Sucha Beskidzka, Rynek &#8211; g. 16.00<\/p><p>Krak\u00f3w &#8211; g. 18.00<\/p><p><a href=\"https:\/\/www.facebook.com\/events\/652342185451358\" target=\"_blank\" rel=\"noreferrer noopener\">https:\/\/www.facebook.com\/events\/652342185451358<\/a><\/p><p>Tarn\u00f3w, ul. Rybna &#8211; g. 19.00<\/p><p><a href=\"https:\/\/www.facebook.com\/events\/368523957593927\" target=\"_blank\" rel=\"noreferrer noopener\">https:\/\/www.facebook.com\/events\/368523957593927<\/a><\/p><\/blockquote>\n\n\n\n<p>niedziela 8 XI:<\/p>\n\n\n\n<blockquote class=\"wp-block-quote is-layout-flow wp-block-quote-is-layout-flow\"><p>ODWO\u0141ANY Olkusz, Rynek &#8211; g. 16.00<\/p><p><a rel=\"noreferrer noopener\" href=\"https:\/\/www.facebook.com\/events\/809015656559911\" target=\"_blank\">https:\/\/www.facebook.com\/events\/809015656559911<\/a><\/p><\/blockquote>\n\n\n\n<p>sobota 7 XI:<\/p>\n\n\n\n<blockquote class=\"wp-block-quote is-layout-flow wp-block-quote-is-layout-flow\"><p>Krak\u00f3w, pl. \u015bw. Idziego &#8211; g. 16.00<\/p><p><a rel=\"noreferrer noopener\" href=\"https:\/\/www.facebook.com\/events\/2701198276808286\" target=\"_blank\">https:\/\/www.facebook.com\/events\/2701198276808286<\/a><\/p><\/blockquote>\n\n\n\n<p>pi\u0105tek 6 XI:<\/p>\n\n\n\n<blockquote class=\"wp-block-quote is-layout-flow wp-block-quote-is-layout-flow\"><p>Bukowno, przy Urz\u0119dzie Miasta &#8211; g. 17.00<\/p><p><a rel=\"noreferrer noopener\" href=\"https:\/\/www.facebook.com\/events\/360323615234159\" target=\"_blank\">https:\/\/www.facebook.com\/events\/360323615234159<\/a><\/p><p>Zakopane<\/p><p><a rel=\"noreferrer noopener\" href=\"https:\/\/www.facebook.com\/events\/354338612527146\" target=\"_blank\">https:\/\/www.facebook.com\/events\/354338612527146<\/a><\/p><p>My\u015blenice, Rynek &#8211; g. 20.00<\/p><\/blockquote>\n\n\n\n<p>czwartek 5 XI:<\/p>\n\n\n\n<blockquote class=\"wp-block-quote is-layout-flow wp-block-quote-is-layout-flow\"><p>O\u015bwi\u0119cim, Rynek &#8211; g. 18.00<\/p><p><a rel=\"noreferrer noopener\" href=\"https:\/\/www.facebook.com\/events\/657519741618065\" target=\"_blank\">https:\/\/www.facebook.com\/events\/657519741618065<\/a><\/p><p>Mszana Dolna, Rynek &#8211; g. 18.00<\/p><p><a href=\"https:\/\/www.facebook.com\/events\/361640711613011\" target=\"_blank\" rel=\"noreferrer noopener\">https:\/\/www.facebook.com\/events\/361640711613011<\/a><\/p><\/blockquote>\n\n\n\n<p>\u015broda 4 XI:<\/p>\n\n\n\n<blockquote class=\"wp-block-quote is-layout-flow wp-block-quote-is-layout-flow\"><p>J\u0119drzej\u00f3w, pl. Ko\u015bciuszki 19 &#8211; g. 17.00<\/p><p><a rel=\"noreferrer noopener\" href=\"https:\/\/www.facebook.com\/events\/360718015032287\" target=\"_blank\">https:\/\/www.facebook.com\/events\/360718015032287<\/a><\/p><p>Miech\u00f3w, Rynek &#8211; g. 19.00<\/p><p>Tarn\u00f3w, ul. Rybna (biuro PiS) &#8211; g. 19.00<\/p><p>Niepo\u0142omice, Rynek &#8211; g. 17.00<\/p><p><a href=\"https:\/\/www.facebook.com\/events\/682242435828710\" target=\"_blank\" rel=\"noreferrer noopener\">https:\/\/www.facebook.com\/events\/682242435828710<\/a><\/p><\/blockquote>\n\n\n\n<p>wtorek 3 XI:<\/p>\n\n\n\n<blockquote class=\"wp-block-quote is-layout-flow wp-block-quote-is-layout-flow\"><p>Krak\u00f3w, B\u0142onia &#8211; g. 20.00<\/p><p><a href=\"https:\/\/www.facebook.com\/events\/1027542484376621\" target=\"_blank\" rel=\"noreferrer noopener\">https:\/\/www.facebook.com\/events\/1027542484376621<\/a><\/p><p>My\u015blenice, Rynek &#8211; g. 20.00<\/p><p><a href=\"https:\/\/www.facebook.com\/events\/448649012781729\" target=\"_blank\" rel=\"noreferrer noopener\">https:\/\/www.facebook.com\/events\/448649012781729<\/a><\/p><\/blockquote>\n\n\n\n<p>Wydarzenia s\u0105 organizowane spontanicznie przez obywateli oraz wiele r\u00f3\u017cnych organizacji, w zale\u017cno\u015bci od miejscowych inicjatyw, m. in. OSK oraz KOD<\/p>\n","protected":false},"excerpt":{"rendered":"<p>Po wyroku TK ws. zakazu przerywania ci\u0105\u017cy w przypadku ci\u0119\u017ckiego uszkodzenia p\u0142odu w Ma\u0142opolsce odbywaj\u0105 si\u0119 protesty (lista stale aktualizowana): [&#8230;]<\/p>\n","protected":false},"author":34,"featured_media":19465,"comment_status":"closed","ping_status":"open","sticky":false,"template":"","format":"standard","meta":{"_EventAllDay":false,"_EventTimezone":"","_EventStartDate":"","_EventEndDate":"","_EventStartDateUTC":"","_EventEndDateUTC":"","_EventShowMap":false,"_EventShowMapLink":false,"_EventURL":"","_EventCost":"","_EventCostDescription":"","_EventCurrencySymbol":"","_EventCurrencyCode":"","_EventCurrencyPosition":"","_EventDateTimeSeparator":"","_EventTimeRangeSeparator":"","_EventOrganizerID":[],"_EventVenueID":[],"_OrganizerEmail":"","_OrganizerPhone":"","_OrganizerWebsite":"","_VenueAddress":"","_VenueCity":"","_VenueCountry":"","_VenueProvince":"","_VenueState":"","_VenueZip":"","_VenuePhone":"","_VenueURL":"","_VenueStateProvince":"","_VenueLat":"","_VenueLng":"","_VenueShowMap":false,"_VenueShowMapLink":false,"footnotes":""},"categories":[28,354],"tags":[276],"class_list":["post-19464","post","type-post","status-publish","format-standard","has-post-thumbnail","hentry","category-malopolskie-news","category-dzialania-wspierane-przez-kod-mlp","tag-osk","malopolskie-news","dzialania-wspierane-przez-kod-mlp"],"_links":{"self":[{"href":"https:\/\/kodmalopolska.pl\/index.php?rest_route=\/wp\/v2\/posts\/19464","targetHints":{"allow":["GET"]}}],"collection":[{"href":"https:\/\/kodmalopolska.pl\/index.php?rest_route=\/wp\/v2\/posts"}],"about":[{"href":"https:\/\/kodmalopolska.pl\/index.php?rest_route=\/wp\/v2\/types\/post"}],"author":[{"embeddable":true,"href":"https:\/\/kodmalopolska.pl\/index.php?rest_route=\/wp\/v2\/users\/34"}],"replies":[{"embeddable":true,"href":"https:\/\/kodmalopolska.pl\/index.php?rest_route=%2Fwp%2Fv2%2Fcomments&post=19464"}],"version-history":[{"count":0,"href":"https:\/\/kodmalopolska.pl\/index.php?rest_route=\/wp\/v2\/posts\/19464\/revisions"}],"wp:featuredmedia":[{"embeddable":true,"href":"https:\/\/kodmalopolska.pl\/index.php?rest_route=\/wp\/v2\/media\/19465"}],"wp:attachment":[{"href":"https:\/\/kodmalopolska.pl\/index.php?rest_route=%2Fwp%2Fv2%2Fmedia&parent=19464"}],"wp:term":[{"taxonomy":"category","embeddable":true,"href":"https:\/\/kodmalopolska.pl\/index.php?rest_route=%2Fwp%2Fv2%2Fcategories&post=19464"},{"taxonomy":"post_tag","embeddable":true,"href":"https:\/\/kodmalopolska.pl\/index.php?rest_route=%2Fwp%2Fv2%2Ftags&post=19464"}],"curies":[{"name":"wp","href":"https:\/\/api.w.org\/{rel}","templated":true}]}}