{"id":19438,"date":"2020-10-24T12:17:55","date_gmt":"2020-10-24T10:17:55","guid":{"rendered":"https:\/\/kodmalopolska.pl\/?p=19438"},"modified":"2020-10-24T12:19:08","modified_gmt":"2020-10-24T10:19:08","slug":"nie-zmiescisz-sie-smialo-felieton-wiktora-antolaka-9","status":"publish","type":"post","link":"https:\/\/kodmalopolska.pl\/?p=19438","title":{"rendered":"Nie zmie\u015bcisz si\u0119 \u015bmia\u0142o. Felieton Wiktora Antolaka (9)"},"content":{"rendered":"\n<p>W samej Ma\u0142opolsce co dzie\u0144 przybywa oko\u0142o 1,5 tysi\u0105ca zaka\u017conych, a wed\u0142ug danych urz\u0119du wojew\u00f3dzkiego wolnych zosta\u0142o 10 respirator\u00f3w COVID\u2011owych. W ca\u0142ym kraju liczba zaka\u017ce\u0144 jest od kilku dni pi\u0119ciocyfrowa, a dziennie umiera znacznie ponad sto os\u00f3b (w \u015brod\u0119 by\u0142o to 168 zgon\u00f3w, co postawi\u0142o Polsk\u0119 pod wzgl\u0119dem zmar\u0142ych tego dnia na COVID na dziesi\u0105tym miejscu na \u015bwiecie i pierwszym w Unii Europejskiej). Liczby te, mimo \u017ce szokuj\u0105ce, nie oddaj\u0105 dramatu dusz\u0105cych si\u0119 ludzi, dla kt\u00f3rych nie ma miejsca w szpitalach, nie wyra\u017caj\u0105 tego, co czuj\u0105 ratownicy medyczni przez d\u0142ugie godziny czekaj\u0105cy z pacjentem w karetce przed SOR\u2011em, i nawet nie odzwierciedlaj\u0105 l\u0119ku przed zaka\u017ceniem, zw\u0142aszcza u os\u00f3b chorych lub w zaawansowanym wieku, pot\u0119gowanego przez niepewno\u015b\u0107 co do otrzymania stosownej pomocy medycznej. W tych okoliczno\u015bciach ga\u015bnie te\u017c \u2013 co wydawa\u0142o si\u0119 nie do pomy\u015blenia \u2013 triumfalizm Mateusza Morawieckiego. Na pi\u0105tkowej konferencji premier pr\u00f3bowa\u0142 wprawdzie powt\u00f3rzy\u0107 retoryk\u0119 sukcesu, sz\u0142o mu jednak znacznie gorzej ni\u017c zwykle, autopochwalnych wypowiedzi by\u0142o zauwa\u017calnie mniej, a obrazu dope\u0142nia\u0142o nerwowe pocieranie d\u0142oni. Obrazu nie tyle trudnej sytuacji epidemicznej, ile bolesnej kl\u0119ski naszego pa\u0144stwa w walce z pandemi\u0105, absolutnego upadku strategii \u201ezmie\u015bcisz si\u0119 \u015bmia\u0142o\u201d \u2013 jedynej, jak\u0105 przygotowano na zapowiadan\u0105 przez ekspert\u00f3w gro\u017an\u0105 jesienn\u0105 fal\u0119 pandemii.<br \/>W ramach realizowania tej strategii jeszcze przed dwoma tygodniami, gdy wzrosty zaka\u017ce\u0144 by\u0142y ju\u017c bardzo niepokoj\u0105ce, premier jako remedium zaproponowa\u0142 godziny dla senior\u00f3w, rozwodz\u0105c si\u0119 nad tym, jak rz\u0105d troszczy si\u0119 o najstarszych. Minister edukacji Dariusz Piontkowski przeprowadza\u0142 w tym czasie kampani\u0119 medialn\u0105 maj\u0105c\u0105 przekona\u0107 Polak\u00f3w, \u017ce szko\u0142y stanowi\u0105 \u017ar\u00f3d\u0142o zaka\u017cenia jedynie w dw\u00f3ch procentach (nie doda\u0142, \u017ce wi\u0119kszo\u015b\u0107 zaka\u017ce\u0144 nie ma sprecyzowanego \u017ar\u00f3d\u0142a, a szko\u0142y s\u0105 cz\u0119sto \u017ar\u00f3d\u0142em ukrytym), za\u015b mechanizm przechodzenia na nauczanie zdalne b\u0105d\u017a hybrydowe wy\u0142\u0105cznie za zgod\u0105 sanepidu dzia\u0142a dobrze, podczas gdy zupe\u0142na wadliwo\u015b\u0107 tego systemu by\u0142a w\u00f3wczas powszechnie znana.<br \/>Pi\u0105tkowa decyzja dotycz\u0105ca szk\u00f3\u0142 jest trafna, ale sp\u00f3\u017aniona co najmniej o trzy tygodnie. Zwi\u0119kszanie COVID\u2011owej bazy \u0142\u00f3\u017ckowej nale\u017ca\u0142o rozpocz\u0105\u0107 par\u0119 miesi\u0119cy temu. Z kolei takie zaniedbania jak zamykanie szpitali i dopuszczenie do tego, \u017ce w Polsce liczba lekarzy na 100 tysi\u0119cy mieszka\u0144c\u00f3w jest jedn\u0105 z najmniejszych w Europie (\u201eniech jad\u0105!\u201d), to ju\u017c sprawa kilku lat.<br \/>Teraz jest za p\u00f3\u017ano. Nie zmie\u015bcili\u015bmy si\u0119. Polki i Polacy b\u0119d\u0105 cierpie\u0107 i umiera\u0107, a win\u0119 za to (w znaczeniu tak moralnym jak i prawnym) ponosz\u0105 konkretne osoby, kt\u00f3re wobec jednoznacznych wskaza\u0144 epidemiologicznych co do drugiej fali pandemii zaniecha\u0142y wype\u0142nienia swoich obowi\u0105zk\u00f3w m.in. w zakresie przygotowania szpitali i infrastruktury s\u0142u\u017c\u0105cej do testowania, a tak\u017ce wykwalifikowania personelu medycznego do leczenia respiratorowego czy zorganizowania systemu \u015bledzenia kontakt\u00f3w. Rz\u0105dz\u0105cy b\u0119d\u0105 si\u0119 stara\u0107 ze wszelkich si\u0142, by przedmiotem debaty publicznej nie sta\u0142y si\u0119 te w\u0142a\u015bnie karygodne zaniedbania z ich strony. Nie mog\u0105c da\u0107 spo\u0142ecze\u0144stwu tego, co byli zobowi\u0105zani zapewni\u0107, b\u0119d\u0105 urz\u0105dza\u0107 igrzyska. S\u0105 sk\u0142onni wywo\u0142a\u0107 dowolny ideologiczny sp\u00f3r, a im gor\u0119tsze obudzi on emocje, tym lepiej b\u0119dzie si\u0119 nadawa\u0142 do realizacji celu, jakim jest odwr\u00f3cenie uwagi od kl\u0119ski i od odpowiedzialno\u015bci za ni\u0105.<\/p>\n\n\n\n<hr class=\"wp-block-separator\"\/>\n\n\n\n<p><em>Felieton jest wyrazem opinii autora. Nie prezentuje stanowiska ZR Ma\u0142opolskie KOD.<\/em><\/p>\n","protected":false},"excerpt":{"rendered":"<p>W samej Ma\u0142opolsce co dzie\u0144 przybywa oko\u0142o 1,5 tysi\u0105ca zaka\u017conych, a wed\u0142ug danych urz\u0119du wojew\u00f3dzkiego wolnych zosta\u0142o 10 respirator\u00f3w COVID\u2011owych. [&#8230;]<\/p>\n","protected":false},"author":34,"featured_media":15496,"comment_status":"closed","ping_status":"open","sticky":false,"template":"","format":"standard","meta":{"_EventAllDay":false,"_EventTimezone":"","_EventStartDate":"","_EventEndDate":"","_EventStartDateUTC":"","_EventEndDateUTC":"","_EventShowMap":false,"_EventShowMapLink":false,"_EventURL":"","_EventCost":"","_EventCostDescription":"","_EventCurrencySymbol":"","_EventCurrencyCode":"","_EventCurrencyPosition":"","_EventDateTimeSeparator":"","_EventTimeRangeSeparator":"","_EventOrganizerID":[],"_EventVenueID":[],"_OrganizerEmail":"","_OrganizerPhone":"","_OrganizerWebsite":"","_VenueAddress":"","_VenueCity":"","_VenueCountry":"","_VenueProvince":"","_VenueState":"","_VenueZip":"","_VenuePhone":"","_VenueURL":"","_VenueStateProvince":"","_VenueLat":"","_VenueLng":"","_VenueShowMap":false,"_VenueShowMapLink":false,"footnotes":""},"categories":[596],"tags":[],"class_list":["post-19438","post","type-post","status-publish","format-standard","has-post-thumbnail","hentry","category-felietony","felietony"],"_links":{"self":[{"href":"https:\/\/kodmalopolska.pl\/index.php?rest_route=\/wp\/v2\/posts\/19438","targetHints":{"allow":["GET"]}}],"collection":[{"href":"https:\/\/kodmalopolska.pl\/index.php?rest_route=\/wp\/v2\/posts"}],"about":[{"href":"https:\/\/kodmalopolska.pl\/index.php?rest_route=\/wp\/v2\/types\/post"}],"author":[{"embeddable":true,"href":"https:\/\/kodmalopolska.pl\/index.php?rest_route=\/wp\/v2\/users\/34"}],"replies":[{"embeddable":true,"href":"https:\/\/kodmalopolska.pl\/index.php?rest_route=%2Fwp%2Fv2%2Fcomments&post=19438"}],"version-history":[{"count":0,"href":"https:\/\/kodmalopolska.pl\/index.php?rest_route=\/wp\/v2\/posts\/19438\/revisions"}],"wp:featuredmedia":[{"embeddable":true,"href":"https:\/\/kodmalopolska.pl\/index.php?rest_route=\/wp\/v2\/media\/15496"}],"wp:attachment":[{"href":"https:\/\/kodmalopolska.pl\/index.php?rest_route=%2Fwp%2Fv2%2Fmedia&parent=19438"}],"wp:term":[{"taxonomy":"category","embeddable":true,"href":"https:\/\/kodmalopolska.pl\/index.php?rest_route=%2Fwp%2Fv2%2Fcategories&post=19438"},{"taxonomy":"post_tag","embeddable":true,"href":"https:\/\/kodmalopolska.pl\/index.php?rest_route=%2Fwp%2Fv2%2Ftags&post=19438"}],"curies":[{"name":"wp","href":"https:\/\/api.w.org\/{rel}","templated":true}]}}