{"id":19401,"date":"2020-10-23T13:12:22","date_gmt":"2020-10-23T11:12:22","guid":{"rendered":"https:\/\/kodmalopolska.pl\/?p=19401"},"modified":"2020-10-23T13:12:27","modified_gmt":"2020-10-23T11:12:27","slug":"polka-gotowana-zaba-felieton-marii-mysonianki-13","status":"publish","type":"post","link":"https:\/\/kodmalopolska.pl\/?p=19401","title":{"rendered":"Polka \u2013 gotowana \u017caba. Felieton Marii Mysonianki (13)"},"content":{"rendered":"\n<p>\u0179le si\u0119 dzieje. Wska\u017aniki zaka\u017ce\u0144 dzie\u0144 po dniu bij\u0105 rekordy. Kobiety protestuj\u0105 przed Trybuna\u0142em Konstytucyjnym. Nowy minister edukacji i nauki Przemys\u0142aw Czarnek zamierza wymieni\u0107 podr\u0119czniki do nauki historii i j\u0119zyka polskiego na bardziej narodowe i bez dominacji ideologii (gender i LGBT). Janusz Korwin-Mikke proponuje wprowadzenie podzia\u0142u w klasach szkolnych wed\u0142ug p\u0142ci, tak by przez to pokona\u0107 pandemi\u0119. Absurd? Wobec ostatnich wydarze\u0144 \u2013 niekoniecznie. Potem zrobi si\u0119 jeszcze drobn\u0105 korekt\u0119 i dostaniemy r\u00f3\u017cne programy edukacyjne dla dziewczyn i dla ch\u0142opc\u00f3w.<br \/>S\u0142ysz\u0105c s\u0142owa \u201ePolki i Polacy\u201d, odnosz\u0119 wra\u017cenie, \u017ce to podkre\u015blanie istnienia Polek i Polak\u00f3w ma inny cel, ni\u017c do niedawna mi si\u0119 wydawa\u0142o. Gdy s\u0142owa te coraz powszechniej pojawia\u0142y si\u0119 w mediach, uzna\u0142am je za wyraz szacunku dla kobiety, wszak obchodzili\u015bmy w\u0142a\u015bnie stulecie praw wyborczych kobiet w Polsce. Teraz patrz\u0119 na to inaczej. Akcentowanie w dyskursie publicznym podzia\u0142u na Polki i Polak\u00f3w wywo\u0142uje poczucie, \u017ce s\u0105 to dwie r\u00f3\u017cne kategorie \u2013 r\u00f3\u017cne pod wzgl\u0119dem praw i obowi\u0105zk\u00f3w. I to mnie mocno martwi. Mam tylko nadziej\u0119, \u017ce si\u0119 myl\u0119, a moja ponura wizja rzeczywisto\u015bci nie jest prawdziwa.<br \/>Zmiany zachodz\u0105 w dwojaki spos\u00f3b: gwa\u0142townie \u2013 wtedy nazywamy je rewolucj\u0105 lub przewrotem \u2013 albo \u0142agodnie i stopniowo. Te pierwsze dostrzegamy zwykle od razu, przy tych drugich natomiast mo\u017ce si\u0119 okaza\u0107, \u017ce jeste\u015bmy w sytuacji \u017caby. \u017baba wrzucona do wrz\u0105tku wyskoczy i ucieknie, ale je\u015bli w\u0142o\u017cymy j\u0105 do letniej wody (\u017caby lubi\u0105 letni\u0105 wod\u0119) i zaczniemy podgrzewa\u0107 garnek, to ugotujemy \u017cab\u0119, a ona nawet tego nie zauwa\u017cy.<br \/>W Polsce zmiany zachodz\u0105 stale i systematycznie. Kobiety coraz bardziej przypominaj\u0105 t\u0119 stopniowo gotowan\u0105 \u017cab\u0119. Pa\u0144stwo, w kt\u00f3rym \u017cyjemy i mamy prawa polityczne od ponad stu lat, powoli staje si\u0119 pa\u0144stwem dla wybranych \u2013 dla Polak\u00f3w. O tempora, o mores! Bycie kobiet\u0105 jest coraz trudniejsze, a nigdy \u0142atwe nie by\u0142o. Jeszcze mo\u017cemy si\u0119 uczy\u0107 tak samo jak ch\u0142opcy, jeszcze mo\u017cemy studiowa\u0107 i zdobywa\u0107 tytu\u0142y naukowe. G\u0142os Janusza Korwin-Mikkego brzmi jednak z\u0142owieszczo. To takie subtelne podkr\u0119cenie palnika pod garnkiem, w kt\u00f3rym gotowana jest \u017caba\u2026<\/p>\n\n\n\n<hr class=\"wp-block-separator\"\/>\n\n\n\n<p><em>Felieton jest wyrazem opinii autorki. Nie prezentuje stanowiska ZR Ma\u0142opolskie KOD.<\/em><\/p>\n","protected":false},"excerpt":{"rendered":"<p>\u0179le si\u0119 dzieje. Wska\u017aniki zaka\u017ce\u0144 dzie\u0144 po dniu bij\u0105 rekordy. Kobiety protestuj\u0105 przed Trybuna\u0142em Konstytucyjnym. Nowy minister edukacji i nauki [&#8230;]<\/p>\n","protected":false},"author":34,"featured_media":17978,"comment_status":"closed","ping_status":"open","sticky":false,"template":"","format":"standard","meta":{"_EventAllDay":false,"_EventTimezone":"","_EventStartDate":"","_EventEndDate":"","_EventStartDateUTC":"","_EventEndDateUTC":"","_EventShowMap":false,"_EventShowMapLink":false,"_EventURL":"","_EventCost":"","_EventCostDescription":"","_EventCurrencySymbol":"","_EventCurrencyCode":"","_EventCurrencyPosition":"","_EventDateTimeSeparator":"","_EventTimeRangeSeparator":"","_EventOrganizerID":[],"_EventVenueID":[],"_OrganizerEmail":"","_OrganizerPhone":"","_OrganizerWebsite":"","_VenueAddress":"","_VenueCity":"","_VenueCountry":"","_VenueProvince":"","_VenueState":"","_VenueZip":"","_VenuePhone":"","_VenueURL":"","_VenueStateProvince":"","_VenueLat":"","_VenueLng":"","_VenueShowMap":false,"_VenueShowMapLink":false,"footnotes":""},"categories":[596],"tags":[],"class_list":["post-19401","post","type-post","status-publish","format-standard","has-post-thumbnail","hentry","category-felietony","felietony"],"_links":{"self":[{"href":"https:\/\/kodmalopolska.pl\/index.php?rest_route=\/wp\/v2\/posts\/19401","targetHints":{"allow":["GET"]}}],"collection":[{"href":"https:\/\/kodmalopolska.pl\/index.php?rest_route=\/wp\/v2\/posts"}],"about":[{"href":"https:\/\/kodmalopolska.pl\/index.php?rest_route=\/wp\/v2\/types\/post"}],"author":[{"embeddable":true,"href":"https:\/\/kodmalopolska.pl\/index.php?rest_route=\/wp\/v2\/users\/34"}],"replies":[{"embeddable":true,"href":"https:\/\/kodmalopolska.pl\/index.php?rest_route=%2Fwp%2Fv2%2Fcomments&post=19401"}],"version-history":[{"count":0,"href":"https:\/\/kodmalopolska.pl\/index.php?rest_route=\/wp\/v2\/posts\/19401\/revisions"}],"wp:featuredmedia":[{"embeddable":true,"href":"https:\/\/kodmalopolska.pl\/index.php?rest_route=\/wp\/v2\/media\/17978"}],"wp:attachment":[{"href":"https:\/\/kodmalopolska.pl\/index.php?rest_route=%2Fwp%2Fv2%2Fmedia&parent=19401"}],"wp:term":[{"taxonomy":"category","embeddable":true,"href":"https:\/\/kodmalopolska.pl\/index.php?rest_route=%2Fwp%2Fv2%2Fcategories&post=19401"},{"taxonomy":"post_tag","embeddable":true,"href":"https:\/\/kodmalopolska.pl\/index.php?rest_route=%2Fwp%2Fv2%2Ftags&post=19401"}],"curies":[{"name":"wp","href":"https:\/\/api.w.org\/{rel}","templated":true}]}}