{"id":19382,"date":"2020-10-23T12:22:22","date_gmt":"2020-10-23T10:22:22","guid":{"rendered":"https:\/\/kodmalopolska.pl\/?p=19382"},"modified":"2020-10-23T12:48:20","modified_gmt":"2020-10-23T10:48:20","slug":"wyrok-felieton-fryderyka-zolla-231","status":"publish","type":"post","link":"https:\/\/kodmalopolska.pl\/?p=19382","title":{"rendered":"Wyrok. Felieton Fryderyka Zolla (231)"},"content":{"rendered":"\n<p>Sta\u0142o si\u0119. Trybuna\u0142 Przy\u0142\u0119bski wykona\u0142 zdanie polityczne. D\u0142ugo, bardzo d\u0142ugo zwlekano. Nie lekcewa\u017cono potrzeb PiS\u2011owskiego elektoratu o radiomaryjnej proweniencji, ale nie chciano ich zaspokaja\u0107 przed wyborami. Orzeczenie nale\u017ca\u0142o te\u017c og\u0142osi\u0107 w\u0142a\u015bnie teraz, by za\u0142agodzi\u0107 gniew futerkowc\u00f3w. Wszystko to razem pokazuje, \u017ce to, co si\u0119 wczoraj wydarzy\u0142o, nie ma nic wsp\u00f3lnego z prawem. Niezale\u017cnie od pogl\u0105d\u00f3w na aborcj\u0119 nie mo\u017cna przej\u015b\u0107 milcz\u0105co obok ca\u0142kowitego upadku Trybuna\u0142u i porz\u0105dku prawnego w Polsce. Ka\u017cdy, kto nie protestowa\u0142 przeciwko niszczeniu tych instytucji, ma sw\u00f3j udzia\u0142 we wczorajszym wyroku.<br \/>Trafne jest stwierdzenie Marty Lempart, \u017ce z punktu widzenia prawa Rzeczypospolitej tego orzeczenia nie ma. Opozycja musi teraz uwa\u017ca\u0107. Kaczy\u0144skiemu chodzi tak\u017ce o to, by\u015bmy rzucili si\u0119 sobie do garde\u0142. Na to nie mo\u017cemy pozwoli\u0107.<br \/>Z prawdziwym b\u00f3lem przeczyta\u0142em wyrazy zadowolenia ze strony abpa G\u0105deckiego. S\u0105 to wyrazy zadowolenia z upadku pa\u0144stwa. Upadku, za kt\u00f3ry zap\u0142aci tak\u017ce Ko\u015bci\u00f3\u0142. Nie wiem, jaka b\u0119dzie ustawa o aborcji zapowiadana przez PiS. Wiem natomiast, jaka b\u0119dzie ustawa ju\u017c po PiS\u2011ie. Jej tre\u015b\u0107 b\u0119dzie reakcj\u0105 na wczorajsze orzeczenie i arcybiskupi\u0105 wdzi\u0119czno\u015b\u0107. Naruszono pewien \u0142ad, kt\u00f3ry pewnie nie by\u0142 dobry, ale by\u0142 jakim\u015b \u0142adem. Teraz wi\u0119c nie obowi\u0105zuje ju\u017c nic.<br \/>Wyrok ten w \u017caden spos\u00f3b nie zwi\u0119ksza ochrony godno\u015bci w naszym kraju. Jest atakiem na godno\u015b\u0107 i to w okresie, gdy powinni\u015bmy by\u0107 solidarni wobec zarazy. Degeneruj\u0105ca si\u0119 w\u0142adza urz\u0105dzi\u0142a igrzyska. I znowu zap\u0142acimy za to wszyscy. Od opozycji czas ten wymaga dziejowej m\u0105dro\u015bci.<\/p>\n\n\n\n<hr class=\"wp-block-separator\"\/>\n\n\n\n<p><em>Felieton jest wyrazem opinii autora. Nie prezentuje stanowiska ZR Ma\u0142opolskie KOD.<\/em><\/p>\n","protected":false},"excerpt":{"rendered":"<p>Sta\u0142o si\u0119. Trybuna\u0142 Przy\u0142\u0119bski wykona\u0142 zdanie polityczne. D\u0142ugo, bardzo d\u0142ugo zwlekano. Nie lekcewa\u017cono potrzeb PiS\u2011owskiego elektoratu o radiomaryjnej proweniencji, ale [&#8230;]<\/p>\n","protected":false},"author":34,"featured_media":18337,"comment_status":"closed","ping_status":"open","sticky":false,"template":"","format":"standard","meta":{"_EventAllDay":false,"_EventTimezone":"","_EventStartDate":"","_EventEndDate":"","_EventStartDateUTC":"","_EventEndDateUTC":"","_EventShowMap":false,"_EventShowMapLink":false,"_EventURL":"","_EventCost":"","_EventCostDescription":"","_EventCurrencySymbol":"","_EventCurrencyCode":"","_EventCurrencyPosition":"","_EventDateTimeSeparator":"","_EventTimeRangeSeparator":"","_EventOrganizerID":[],"_EventVenueID":[],"_OrganizerEmail":"","_OrganizerPhone":"","_OrganizerWebsite":"","_VenueAddress":"","_VenueCity":"","_VenueCountry":"","_VenueProvince":"","_VenueState":"","_VenueZip":"","_VenuePhone":"","_VenueURL":"","_VenueStateProvince":"","_VenueLat":"","_VenueLng":"","_VenueShowMap":false,"_VenueShowMapLink":false,"footnotes":""},"categories":[596],"tags":[],"class_list":["post-19382","post","type-post","status-publish","format-standard","has-post-thumbnail","hentry","category-felietony","felietony"],"_links":{"self":[{"href":"https:\/\/kodmalopolska.pl\/index.php?rest_route=\/wp\/v2\/posts\/19382","targetHints":{"allow":["GET"]}}],"collection":[{"href":"https:\/\/kodmalopolska.pl\/index.php?rest_route=\/wp\/v2\/posts"}],"about":[{"href":"https:\/\/kodmalopolska.pl\/index.php?rest_route=\/wp\/v2\/types\/post"}],"author":[{"embeddable":true,"href":"https:\/\/kodmalopolska.pl\/index.php?rest_route=\/wp\/v2\/users\/34"}],"replies":[{"embeddable":true,"href":"https:\/\/kodmalopolska.pl\/index.php?rest_route=%2Fwp%2Fv2%2Fcomments&post=19382"}],"version-history":[{"count":0,"href":"https:\/\/kodmalopolska.pl\/index.php?rest_route=\/wp\/v2\/posts\/19382\/revisions"}],"wp:featuredmedia":[{"embeddable":true,"href":"https:\/\/kodmalopolska.pl\/index.php?rest_route=\/wp\/v2\/media\/18337"}],"wp:attachment":[{"href":"https:\/\/kodmalopolska.pl\/index.php?rest_route=%2Fwp%2Fv2%2Fmedia&parent=19382"}],"wp:term":[{"taxonomy":"category","embeddable":true,"href":"https:\/\/kodmalopolska.pl\/index.php?rest_route=%2Fwp%2Fv2%2Fcategories&post=19382"},{"taxonomy":"post_tag","embeddable":true,"href":"https:\/\/kodmalopolska.pl\/index.php?rest_route=%2Fwp%2Fv2%2Ftags&post=19382"}],"curies":[{"name":"wp","href":"https:\/\/api.w.org\/{rel}","templated":true}]}}