{"id":19078,"date":"2020-10-01T22:08:10","date_gmt":"2020-10-01T20:08:10","guid":{"rendered":"https:\/\/kodmalopolska.pl\/?p=19078"},"modified":"2020-10-01T22:08:21","modified_gmt":"2020-10-01T20:08:21","slug":"wolnosc-kocham-i-rozumiem-wolnosci-oddac-nie-umiem-felieton-marcina-nowaka-2","status":"publish","type":"post","link":"https:\/\/kodmalopolska.pl\/?p=19078","title":{"rendered":"&#8222;Wolno\u015b\u0107 kocham i rozumiem, wolno\u015bci odda\u0107 nie umiem&#8221;. Felieton Marcina Nowaka (2)"},"content":{"rendered":"\n<p>Wolno\u015b\u0107 jest jedn\u0105 z najpi\u0119kniejszych rzeczy, jakie cz\u0142owiek otrzymuje w momencie narodzin. Kiedy wychodzi z \u0142ona matki, staje si\u0119 wolnym i samodzielnym bytem. Samodzielnie oddycha, instynktownie szuka po\u017cywienia, bez problemu za\u0142atwia swoje potrzeby z czasem uczy si\u0119 chodzi\u0107, m\u00f3wi\u0107, funkcjonowa\u0107 w skomplikowanej rzeczywisto\u015bci \u015bwiata doros\u0142ych.<br \/>W ci\u0105gu nast\u0119pnych 18 lat odkrywa swoj\u0105 unikatowo\u015b\u0107, niepowtarzalno\u015b\u0107 i kszta\u0142tuje swoj\u0105 odr\u0119bno\u015b\u0107 od innych. Uczy si\u0119 zajmowania nale\u017cnego mu miejsca w spo\u0142ecze\u0144stwie i pod ochronnym parasolem doros\u0142ych dostrzega moc sprawcz\u0105 swoich decyzji.<\/p>\n\n\n\n<p>W momencie osi\u0105gni\u0119cia urz\u0119dowej pe\u0142noletno\u015bci cz\u0142owiek staje si\u0119 pe\u0142noprawnym obywatelem i jedynym odpowiedzialnym za swoje \u017cyciowe wybory. Ma pe\u0142n\u0105 moc sprawcz\u0105. Mo\u017ce podj\u0105\u0107 dzia\u0142anie lub je zaniecha\u0107. Ma wolno\u015b\u0107 wyboru. Mo\u017ce p\u00f3j\u015b\u0107 w prawo lub w lewo. Mo\u017ce podj\u0105\u0107 prac\u0119 w takiej czy innej firmie. Mo\u017ce kocha\u0107 osob\u0119, z kt\u00f3r\u0105 chce dzieli\u0107 \u017cycie. On sam i tylko on o tym decyduje i za swoje wybory odpowiada. Staje si\u0119 partnerem\/partnerk\u0105 spo\u0142ecznym\/\u0105 \u2013 niezale\u017cn\u0105, samodzielnie podejmuj\u0105c\u0105 decyzje jednostk\u0105. I tak b\u0119dzie do ko\u0144ca jego \u017cycia. W tym momencie zmieniaj\u0105 si\u0119 r\u00f3wnie\u017c zale\u017cno\u015bci rodzinne: z typu \u201ematka\/ojciec \u2013 dziecko\u201d na typ \u201edoros\u0142y \u2013 doros\u0142y\u201d. Rodzic i dziecko staj\u0105 si\u0119 partnerami.<\/p>\n\n\n\n<p>\u201eNie lubi\u0119 tej pracy\u201d \u2013 s\u0142ysz\u0119. A czy nie podpisa\u0142e\u015b umowy o prac\u0119, decyduj\u0105c si\u0119 pracowa\u0107 na zasadach w niej uj\u0119tych? Je\u017celi jej nie lubisz, mo\u017cesz podj\u0105\u0107 decyzj\u0119, zmieni\u0107 prac\u0119 lub j\u0105 zaakceptowa\u0107 i wykonywa\u0107 najlepiej, jak potrafisz.<\/p>\n\n\n\n<p>\u201eOna jest taka irytuj\u0105ca\u201d \u2013 s\u0142ysz\u0119. To nie ona jest irytuj\u0105ca, to ty czujesz si\u0119 zirytowany, a poniewa\u017c to ty czujesz si\u0119 zirytowany, r\u00f3wnie\u017c ty mo\u017cesz to zmieni\u0107. Mo\u017cesz uszanowa\u0107 jej prawo do bycia tym, kim jest, i zdecydowa\u0107, \u017ce jej zachowanie nie b\u0119dzie psu\u0142o twojego dobrego samopoczucia. Wtedy przestaniesz si\u0119 irytowa\u0107.<\/p>\n\n\n\n<p>Ka\u017cde dzia\u0142anie lub jego brak jest wynikiem naszej osobistej decyzji, bo nawet je\u017celi nie podejmujemy decyzji, i tak podejmujemy decyzj\u0119. Brak zaanga\u017cowania prowadzi w naszym \u017cyciu do pewnych skutk\u00f3w pozytywnych lub negatywnych, za kt\u00f3re ponosimy odpowiedzialno\u015b\u0107.<\/p>\n\n\n\n<p>\u201eNie powiem \u017conie, \u017ce chcia\u0142bym, aby\u015bmy mieli kolejne dziecko. Nie za\u0142o\u017c\u0119 prezerwatywy i postawi\u0119 j\u0105 przed faktem dokonanym\u201d. \u017bona umiera przy porodzie, bo nie powiedzia\u0142a mu, \u017ce nast\u0119pna ci\u0105\u017ca zagra\u017ca jej \u017cyciu. Dowiedzia\u0142 si\u0119 o tym od lekarza po jej \u015bmierci.<\/p>\n\n\n\n<p>Cz\u0142owiek nie mo\u017ce schowa\u0107 si\u0119 za odpowiedzialno\u015bci\u0105 zbiorow\u0105: \u201ewszyscy tak robi\u0105, to ja te\u017c\u201d albo \u201enikt tak nie robi, to ja te\u017c nie\u201d.<\/p>\n\n\n\n<p>To, czy za\u0142o\u017cymy maseczk\u0119 w tramwaju, zale\u017cy tylko od nas. Nie od Billa Gatesa, od teorii o fa\u0142szywej pandemii, od og\u0142oszenia obowi\u0105zku zas\u0142aniania ust i twarzy, od l\u0119ku przed zagro\u017ceniem, od szacunku do innych\u2026 Za\u0142o\u017cenie lub nieza\u0142o\u017cenie maseczki ma konkretne konsekwencje, za kt\u00f3re cz\u0142owiek bierze odpowiedzialno\u015b\u0107.<\/p>\n\n\n\n<p>Cz\u0142onkowie Zjednoczonej Prawicy nie mog\u0105 schowa\u0107 si\u0119 za koalicj\u0105. Ka\u017cdy z nich podejmuje osobist\u0105 decyzj\u0119, podejmuje osobiste zobowi\u0105zanie i ponosi osobist\u0105 odpowiedzialno\u015b\u0107 w ka\u017cdym sejmowym g\u0142osowaniu. Notabene, ciekawe, jaki by\u0142by wynik g\u0142osowania nad wotum zaufania do nowego rz\u0105du, gdyby zniesiono dyscyplin\u0119 klubow\u0105, a ka\u017cdy m\u00f3g\u0142 zag\u0142osowa\u0107 zgodnie z w\u0142asnym przekonaniem, nie obawiaj\u0105c si\u0119 utraty w\u0142adzy.<\/p>\n\n\n\n<p>Partnerstwo spo\u0142eczne jest si\u0142\u0105 spo\u0142ecze\u0144stwa. Spo\u0142ecze\u0144stwo jest zdrowe, je\u017celi ludzie traktuj\u0105 siebie nawzajem jako partner\u00f3w. Spo\u0142ecze\u0144stwo ma obowi\u0105zek stwarza\u0107 przestrze\u0144, w kt\u00f3rej ka\u017cdy mo\u017ce podejmowa\u0107 osobiste decyzje, bo tylko ten, kto podejmuje decyzje, za nie odpowiada \u2013 nie vloger, bloger, poradnik \u017cycia ma\u0142\u017ce\u0144skiego, poradnik wychowania dzieci, religia, tradycja, b\u00f3g\u2026<\/p>\n\n\n\n<p>W \u015bwiecie, w kt\u00f3rym wp\u0142ywanie na innych sta\u0142o si\u0119 tak popularne, pozostawienie kogo\u015b samemu sobie, aby m\u00f3g\u0142 decydowa\u0107 o swoim \u017cyciu, wydaje si\u0119 okrucie\u0144stwem. Tymczasem w\u0142a\u015bnie t\u0119dy droga. Stwarzaj\u0105c drugiej osobie przestrze\u0144 do samostanowienia, wyra\u017camy zaufanie, \u017ce cz\u0142owiek obok mnie ma najszerszy ogl\u0105d sytuacji i wie najlepiej, co dla niego b\u0119dzie dobre.<\/p>\n\n\n\n<p>Wolno\u015b\u0107 pozwala drugiemu cz\u0142owiekowi by\u0107 takim, jaki sam chce by\u0107, a szacunek sprawia, \u017ce mo\u017cna by\u0107 obok niego, dzieli\u0107 z nim przestrze\u0144 spo\u0142eczn\u0105, nie oceniaj\u0105c go ani nie warto\u015bciuj\u0105c. Mo\u017cna wyrazi\u0107 swoje zdanie, ale nie ma si\u0119 moralnego prawa decydowa\u0107 za niego, bo chodzi tu o jego \u017cycie.<\/p>\n\n\n\n<p>Je\u017celi kobieta chce dokona\u0107 aborcji, nikt nie ma moralnego prawa decydowa\u0107 za ni\u0105 i nikt nie ma prawa ocenia\u0107 jej czynu. Nikt tak jak ona nie zna szczeg\u00f3\u0142\u00f3w, argument\u00f3w \u2013 a w obecnym klimacie spo\u0142ecznym nigdy ich nie pozna. Kaja Godek staje nie w obronie nienarodzonych dzieci, ale w obronie swojej egoistycznej wizji rzeczywisto\u015bci, w kt\u00f3rej \u017c\u0105da wp\u0142ywu na \u017cycie innych ludzi.<\/p>\n\n\n\n<p>Je\u017celi po ulicy idzie para zakochanych ch\u0142opak\u00f3w lub dziewcz\u0105t, to kim jest postronny cz\u0142owiek, aby ingerowa\u0107 w ich \u017cycie? By ocenia\u0107 ich jako moralnie z\u0142ych czy szkodliwych spo\u0142ecznie, \u017c\u0105da\u0107 wykluczenia ich ze spo\u0142eczno\u015bci?<\/p>\n\n\n\n<p>Micha\u0142 realizuje si\u0119 jako Margot. Czy kto\u015b ma prawo mu powiedzie\u0107: \u201epozosta\u0144 tradycyjnym m\u0119\u017cczyzn\u0105, wtedy b\u0119dzie ci si\u0119 lepiej \u017cy\u0142o\u201d? Grzegorz twierdzi, \u017ce seks mo\u017ce dla niego nie istnie\u0107, a zwi\u0105zek mo\u017ce obej\u015b\u0107 si\u0119 bez niego. Czy kto\u015b spr\u00f3buje zrozumie\u0107 jego podej\u015bcie do tej sfery \u017cycia cz\u0142owieka?<\/p>\n\n\n\n<p>Je\u017celi kto\u015b chce podda\u0107 si\u0119 eutanazji, ma swoje powody. Mo\u017cna z nim o nich porozmawia\u0107, mo\u017cna przedstawi\u0107 inny punkt widzenia, mo\u017cna pokaza\u0107 r\u00f3wnowa\u017c\u0105ce argumenty, ale nie mo\u017cna za niego decydowa\u0107. Lepiej, \u017ceby odszed\u0142 w atmosferze akceptacji i mi\u0142o\u015bci, w normalnych warunkach, ni\u017c rzucaj\u0105c si\u0119 pod poci\u0105g, skacz\u0105c z mostu czy doprowadzaj\u0105c do wybuchu gazu i pozostawiaj\u0105c bliskich z pytaniami bez odpowiedzi.<\/p>\n\n\n\n<p>Cz\u0142owiek sam i tylko on sam jest odpowiedzialny za swoje \u017cycie, bo nikt inny nie mo\u017ce za niego tego \u017cycia prze\u017cy\u0107. Cz\u0142owiek sam i tylko on sam jest odpowiedzialny za swoje wybory, bo tylko on sam ma najpe\u0142niejszy obraz sytuacji \u2013 najpe\u0142niejszy w danym momencie, i dlatego w\u0142a\u015bnie w danym momencie podejmuje najlepsz\u0105 dla siebie decyzj\u0119.<\/p>\n\n\n\n<p>Spo\u0142ecze\u0144stwo natomiast powinno stwarza\u0107 przestrze\u0144, w kt\u00f3rej ka\u017cdy b\u0119dzie czu\u0142 si\u0119 u siebie, w kt\u00f3rej ka\u017cdy b\u0119dzie mia\u0142 swoje miejsce, prawo do bycia sob\u0105 i podejmowania osobistych decyzji, by zrealizowa\u0107 w ten spos\u00f3b swoje powo\u0142anie.<\/p>\n\n\n\n<hr class=\"wp-block-separator\"\/>\n\n\n\n<p><em>Felieton jest wyrazem opinii autora. Nie prezentuje stanowiska ZR Ma\u0142opolskie KOD.<\/em><\/p>\n","protected":false},"excerpt":{"rendered":"<p>Wolno\u015b\u0107 jest jedn\u0105 z najpi\u0119kniejszych rzeczy, jakie cz\u0142owiek otrzymuje w momencie narodzin. Kiedy wychodzi z \u0142ona matki, staje si\u0119 wolnym [&#8230;]<\/p>\n","protected":false},"author":34,"featured_media":18827,"comment_status":"closed","ping_status":"open","sticky":false,"template":"","format":"standard","meta":{"_EventAllDay":false,"_EventTimezone":"","_EventStartDate":"","_EventEndDate":"","_EventStartDateUTC":"","_EventEndDateUTC":"","_EventShowMap":false,"_EventShowMapLink":false,"_EventURL":"","_EventCost":"","_EventCostDescription":"","_EventCurrencySymbol":"","_EventCurrencyCode":"","_EventCurrencyPosition":"","_EventDateTimeSeparator":"","_EventTimeRangeSeparator":"","_EventOrganizerID":[],"_EventVenueID":[],"_OrganizerEmail":"","_OrganizerPhone":"","_OrganizerWebsite":"","_VenueAddress":"","_VenueCity":"","_VenueCountry":"","_VenueProvince":"","_VenueState":"","_VenueZip":"","_VenuePhone":"","_VenueURL":"","_VenueStateProvince":"","_VenueLat":"","_VenueLng":"","_VenueShowMap":false,"_VenueShowMapLink":false,"footnotes":""},"categories":[596],"tags":[],"class_list":["post-19078","post","type-post","status-publish","format-standard","has-post-thumbnail","hentry","category-felietony","felietony"],"_links":{"self":[{"href":"https:\/\/kodmalopolska.pl\/index.php?rest_route=\/wp\/v2\/posts\/19078","targetHints":{"allow":["GET"]}}],"collection":[{"href":"https:\/\/kodmalopolska.pl\/index.php?rest_route=\/wp\/v2\/posts"}],"about":[{"href":"https:\/\/kodmalopolska.pl\/index.php?rest_route=\/wp\/v2\/types\/post"}],"author":[{"embeddable":true,"href":"https:\/\/kodmalopolska.pl\/index.php?rest_route=\/wp\/v2\/users\/34"}],"replies":[{"embeddable":true,"href":"https:\/\/kodmalopolska.pl\/index.php?rest_route=%2Fwp%2Fv2%2Fcomments&post=19078"}],"version-history":[{"count":0,"href":"https:\/\/kodmalopolska.pl\/index.php?rest_route=\/wp\/v2\/posts\/19078\/revisions"}],"wp:featuredmedia":[{"embeddable":true,"href":"https:\/\/kodmalopolska.pl\/index.php?rest_route=\/wp\/v2\/media\/18827"}],"wp:attachment":[{"href":"https:\/\/kodmalopolska.pl\/index.php?rest_route=%2Fwp%2Fv2%2Fmedia&parent=19078"}],"wp:term":[{"taxonomy":"category","embeddable":true,"href":"https:\/\/kodmalopolska.pl\/index.php?rest_route=%2Fwp%2Fv2%2Fcategories&post=19078"},{"taxonomy":"post_tag","embeddable":true,"href":"https:\/\/kodmalopolska.pl\/index.php?rest_route=%2Fwp%2Fv2%2Ftags&post=19078"}],"curies":[{"name":"wp","href":"https:\/\/api.w.org\/{rel}","templated":true}]}}