{"id":18872,"date":"2020-09-21T11:20:48","date_gmt":"2020-09-21T09:20:48","guid":{"rendered":"https:\/\/kodmalopolska.pl\/?p=18872"},"modified":"2020-09-21T11:20:52","modified_gmt":"2020-09-21T09:20:52","slug":"noc-dlugich-nozy-felieton-fryderyka-zolla-218","status":"publish","type":"post","link":"https:\/\/kodmalopolska.pl\/?p=18872","title":{"rendered":"Noc d\u0142ugich no\u017cy. Felieton Fryderyka Zolla (218)"},"content":{"rendered":"\n<p class=\"has-drop-cap\">Odej\u015bcie Ziobry by\u0142oby dla Polski dobr\u0105 informacj\u0105. Dla ugrupowania nazywanego dla \u017cartu Solidarn\u0105 Polsk\u0105 wymiar sprawiedliwo\u015bci mia\u0142 si\u0119 przekszta\u0142ci\u0107 w narz\u0119dzie n\u0119kania politycznych wrog\u00f3w, kt\u00f3rych definiuje si\u0119 na bie\u017c\u0105co. Poniewa\u017c na celowniku znalaz\u0142 si\u0119 Morawiecki, wyznaczony na nast\u0119pc\u0119 prezesa, prezes uzna\u0142, \u017ce to atak na niego. I mia\u0142 racj\u0119. Ziobro zamierza\u0142 wykorzysta\u0107 COVID\u2011owe machinacje we frakcji Morawieckiego do przej\u0119cia pe\u0142ni w\u0142adzy. Biedne norki s\u0105 tylko przykryciem bezwzgl\u0119dnej walki o malej\u0105ce \u0142upy w pogr\u0105\u017conym w kryzysie pa\u0144stwie. Kaczy\u0144ski zapewne ratuje si\u0119 w ostatniej chwili wyprzedzaj\u0105cym sierpowym. Ta rozgrywka mo\u017ce si\u0119 r\u00f3\u017cnie zako\u0144czy\u0107. Niestety, szanse na znormalnienie s\u0105 s\u0142abe, cho\u0107 by\u0142oby to rozwi\u0105zanie dla Polski najlepsze. Interesuj\u0105ce, czy prezes zrozumie, do czego prowadzi przekszta\u0142cenie ministra sprawiedliwo\u015bci i prokuratora generalnego w zwyk\u0142ego cyngla politycznej organizacji. Mo\u017ce przyjdzie ol\u015bnienie, \u017ce po\u0142\u0105czenie tych dw\u00f3ch urz\u0119d\u00f3w jest zab\u00f3jczo niebezpieczne. Interesuj\u0105ce te\u017c, czy opozycja zdo\u0142a si\u0119 teraz wydoby\u0107 z fazy marazmu i ca\u0142kowitego zapadni\u0119cia si\u0119 w sobie, bo wra\u017cenie jest takie, jakby jej w og\u00f3le nie by\u0142o. A chyba najbardziej interesuj\u0105ce, a zarazem bolesne, jak niewiele ju\u017c oczekujemy od pa\u0144stwa. Zobaczymy, jaki b\u0119dzie ci\u0105g dalszy. Noc d\u0142ugich no\u017cy nie by\u0142a ko\u0144cem, a jedynie pocz\u0105tkiem.<\/p>\n\n\n\n<hr class=\"wp-block-separator\"\/>\n\n\n\n<p><em>Felieton jest wyrazem opinii autora. Nie prezentuje stanowiska ZR Ma\u0142opolskie KOD.<\/em><\/p>\n","protected":false},"excerpt":{"rendered":"<p>Odej\u015bcie Ziobry by\u0142oby dla Polski dobr\u0105 informacj\u0105. Dla ugrupowania nazywanego dla \u017cartu Solidarn\u0105 Polsk\u0105 wymiar sprawiedliwo\u015bci mia\u0142 si\u0119 przekszta\u0142ci\u0107 w [&#8230;]<\/p>\n","protected":false},"author":24,"featured_media":12411,"comment_status":"closed","ping_status":"open","sticky":false,"template":"","format":"standard","meta":{"_EventAllDay":false,"_EventTimezone":"","_EventStartDate":"","_EventEndDate":"","_EventStartDateUTC":"","_EventEndDateUTC":"","_EventShowMap":false,"_EventShowMapLink":false,"_EventURL":"","_EventCost":"","_EventCostDescription":"","_EventCurrencySymbol":"","_EventCurrencyCode":"","_EventCurrencyPosition":"","_EventDateTimeSeparator":"","_EventTimeRangeSeparator":"","_EventOrganizerID":[],"_EventVenueID":[],"_OrganizerEmail":"","_OrganizerPhone":"","_OrganizerWebsite":"","_VenueAddress":"","_VenueCity":"","_VenueCountry":"","_VenueProvince":"","_VenueState":"","_VenueZip":"","_VenuePhone":"","_VenueURL":"","_VenueStateProvince":"","_VenueLat":"","_VenueLng":"","_VenueShowMap":false,"_VenueShowMapLink":false,"footnotes":""},"categories":[596],"tags":[],"class_list":["post-18872","post","type-post","status-publish","format-standard","has-post-thumbnail","hentry","category-felietony","felietony"],"_links":{"self":[{"href":"https:\/\/kodmalopolska.pl\/index.php?rest_route=\/wp\/v2\/posts\/18872","targetHints":{"allow":["GET"]}}],"collection":[{"href":"https:\/\/kodmalopolska.pl\/index.php?rest_route=\/wp\/v2\/posts"}],"about":[{"href":"https:\/\/kodmalopolska.pl\/index.php?rest_route=\/wp\/v2\/types\/post"}],"author":[{"embeddable":true,"href":"https:\/\/kodmalopolska.pl\/index.php?rest_route=\/wp\/v2\/users\/24"}],"replies":[{"embeddable":true,"href":"https:\/\/kodmalopolska.pl\/index.php?rest_route=%2Fwp%2Fv2%2Fcomments&post=18872"}],"version-history":[{"count":0,"href":"https:\/\/kodmalopolska.pl\/index.php?rest_route=\/wp\/v2\/posts\/18872\/revisions"}],"wp:featuredmedia":[{"embeddable":true,"href":"https:\/\/kodmalopolska.pl\/index.php?rest_route=\/wp\/v2\/media\/12411"}],"wp:attachment":[{"href":"https:\/\/kodmalopolska.pl\/index.php?rest_route=%2Fwp%2Fv2%2Fmedia&parent=18872"}],"wp:term":[{"taxonomy":"category","embeddable":true,"href":"https:\/\/kodmalopolska.pl\/index.php?rest_route=%2Fwp%2Fv2%2Fcategories&post=18872"},{"taxonomy":"post_tag","embeddable":true,"href":"https:\/\/kodmalopolska.pl\/index.php?rest_route=%2Fwp%2Fv2%2Ftags&post=18872"}],"curies":[{"name":"wp","href":"https:\/\/api.w.org\/{rel}","templated":true}]}}