{"id":18849,"date":"2020-09-20T11:38:28","date_gmt":"2020-09-20T09:38:28","guid":{"rendered":"https:\/\/kodmalopolska.pl\/?p=18849"},"modified":"2020-09-20T14:42:12","modified_gmt":"2020-09-20T12:42:12","slug":"katedra-w-osnabruck","status":"publish","type":"post","link":"https:\/\/kodmalopolska.pl\/?p=18849","title":{"rendered":"Katedra w Osnabr\u00fcck.  Felieton Fryderyka Zolla (217)"},"content":{"rendered":"\n<p>W zesz\u0142\u0105 niedziel\u0119 by\u0142em na mszy w katedrze w Osnabr\u00fcck. Liturgi\u0119 sprawowa\u0142 Franz Josef Bode, biskup diecezji, kt\u00f3rej historia si\u0119ga czas\u00f3w Karola Wielkiego, zast\u0119pca przewodnicz\u0105cego Konferencji Episkopatu Niemiec. Msze w katedrze w Osnabr\u00fcck, skupione na relacji z Bogiem i ca\u0142kowicie wolne od r\u00f3\u017cnych obsesji trawi\u0105cych naszych lokalnych hierarch\u00f3w, s\u0105 g\u0142\u0119bokim prze\u017cyciem. W niedziel\u0119 wydarzy\u0142o si\u0119 co\u015b szczeg\u00f3lnego. Na ambon\u0119 za przyzwoleniem biskupa wesz\u0142a m\u0142oda kobieta, teolo\u017cka, i wyg\u0142osi\u0142a homili\u0119. Tego dnia kobiety g\u0142osi\u0142y homilie w 140 ko\u015bcio\u0142ach diecezji. Jest to element tzw. drogi synodalnej Ko\u015bcio\u0142a w Niemczech, wielkiego przedsi\u0119wzi\u0119cia ratowania Ko\u015bcio\u0142a katolickiego przez duchowie\u0144stwo razem ze \u015bwieckimi, kt\u00f3rzy maj\u0105 tu g\u0142os wsp\u00f3\u0142decyduj\u0105cy. Zawieszony mi\u0119dzy skrajno\u015bciami: biskupstwem w Osnabr\u00fcck, otwartym na wsp\u00f3\u0142czesnego cz\u0142owieka i autentycznie pomocnym w w\u0119dr\u00f3wce przez \u017cycie, a Ko\u015bcio\u0142em w Krakowie, kt\u00f3rego arcypasterz w\u0142a\u015bnie przygotowuje dla swoich diecezjan wyk\u0142ad o zagro\u017ceniu ze strony LGBT, coraz trudniej mog\u0119 si\u0119 odnale\u017a\u0107. Te dwa bieguny s\u0105 ju\u017c od siebie zbyt odleg\u0142e: tu coraz bardziej wietrzej\u0105cy intelektualnie, zasklepiony w rytua\u0142ach Ko\u015bci\u00f3\u0142 hierarchii, kt\u00f3ry stopniowo zapada si\u0119 pod ci\u0119\u017carem w\u0142asnego grzechu i \u017ceby go zakry\u0107, wymy\u015bla urojonych wrog\u00f3w, tam Ko\u015bci\u00f3\u0142 wsp\u00f3lnotowy, kt\u00f3ry postanowi\u0142 przywr\u00f3ci\u0107 sprawiedliwo\u015b\u0107. Dlaczego widok teolo\u017cki na ambonie nas szokuje? By\u0142a to osoba sto razy lepiej wykszta\u0142cona ni\u017c wi\u0119kszo\u015b\u0107 naszych ksi\u0119\u017cy, emanuj\u0105ca wiar\u0105 i m\u0105dro\u015bci\u0105. Dlaczego tak d\u0142ugo tolerujemy niesprawiedliwo\u015b\u0107, dziwi\u0105c si\u0119 podstawowej prawdzie: wszyscy ludzie s\u0105 r\u00f3wni? Dali\u015bmy sobie wm\u00f3wi\u0107 rzeczy, kt\u00f3rych oczywista nies\u0142uszno\u015b\u0107 powinna od dawna rozrywa\u0107 nam sumienia. Przychodzi czas, by powiedzie\u0107 \u201edo\u015b\u0107!\u201d. To nasze \u201edo\u015b\u0107\u201d mo\u017ce uratowa\u0107 Ko\u015bci\u00f3\u0142 jako wsp\u00f3lnot\u0119 \u2013 ale tak\u017ce nas, bo je\u015bli wierzymy, musimy wiedzie\u0107, \u017ce b\u0119dziemy s\u0105dzeni za niesprawiedliwo\u015b\u0107. I za pogard\u0119 dla innych.<\/p>\n\n\n\n<hr class=\"wp-block-separator\"\/>\n\n\n\n<p><em>Felieton jest wyrazem opinii autora. Nie prezentuje stanowiska ZR Ma\u0142opolskie KOD.<\/em><\/p>\n","protected":false},"excerpt":{"rendered":"<p>W zesz\u0142\u0105 niedziel\u0119 by\u0142em na mszy w katedrze w Osnabr\u00fcck. Liturgi\u0119 sprawowa\u0142 Franz Josef Bode, biskup diecezji, kt\u00f3rej historia si\u0119ga [&#8230;]<\/p>\n","protected":false},"author":34,"featured_media":18337,"comment_status":"closed","ping_status":"open","sticky":false,"template":"","format":"standard","meta":{"_EventAllDay":false,"_EventTimezone":"","_EventStartDate":"","_EventEndDate":"","_EventStartDateUTC":"","_EventEndDateUTC":"","_EventShowMap":false,"_EventShowMapLink":false,"_EventURL":"","_EventCost":"","_EventCostDescription":"","_EventCurrencySymbol":"","_EventCurrencyCode":"","_EventCurrencyPosition":"","_EventDateTimeSeparator":"","_EventTimeRangeSeparator":"","_EventOrganizerID":[],"_EventVenueID":[],"_OrganizerEmail":"","_OrganizerPhone":"","_OrganizerWebsite":"","_VenueAddress":"","_VenueCity":"","_VenueCountry":"","_VenueProvince":"","_VenueState":"","_VenueZip":"","_VenuePhone":"","_VenueURL":"","_VenueStateProvince":"","_VenueLat":"","_VenueLng":"","_VenueShowMap":false,"_VenueShowMapLink":false,"footnotes":""},"categories":[596],"tags":[],"class_list":["post-18849","post","type-post","status-publish","format-standard","has-post-thumbnail","hentry","category-felietony","felietony"],"_links":{"self":[{"href":"https:\/\/kodmalopolska.pl\/index.php?rest_route=\/wp\/v2\/posts\/18849","targetHints":{"allow":["GET"]}}],"collection":[{"href":"https:\/\/kodmalopolska.pl\/index.php?rest_route=\/wp\/v2\/posts"}],"about":[{"href":"https:\/\/kodmalopolska.pl\/index.php?rest_route=\/wp\/v2\/types\/post"}],"author":[{"embeddable":true,"href":"https:\/\/kodmalopolska.pl\/index.php?rest_route=\/wp\/v2\/users\/34"}],"replies":[{"embeddable":true,"href":"https:\/\/kodmalopolska.pl\/index.php?rest_route=%2Fwp%2Fv2%2Fcomments&post=18849"}],"version-history":[{"count":0,"href":"https:\/\/kodmalopolska.pl\/index.php?rest_route=\/wp\/v2\/posts\/18849\/revisions"}],"wp:featuredmedia":[{"embeddable":true,"href":"https:\/\/kodmalopolska.pl\/index.php?rest_route=\/wp\/v2\/media\/18337"}],"wp:attachment":[{"href":"https:\/\/kodmalopolska.pl\/index.php?rest_route=%2Fwp%2Fv2%2Fmedia&parent=18849"}],"wp:term":[{"taxonomy":"category","embeddable":true,"href":"https:\/\/kodmalopolska.pl\/index.php?rest_route=%2Fwp%2Fv2%2Fcategories&post=18849"},{"taxonomy":"post_tag","embeddable":true,"href":"https:\/\/kodmalopolska.pl\/index.php?rest_route=%2Fwp%2Fv2%2Ftags&post=18849"}],"curies":[{"name":"wp","href":"https:\/\/api.w.org\/{rel}","templated":true}]}}