{"id":18837,"date":"2020-09-17T20:27:38","date_gmt":"2020-09-17T18:27:38","guid":{"rendered":"https:\/\/kodmalopolska.pl\/?p=18837"},"modified":"2020-09-17T20:27:40","modified_gmt":"2020-09-17T18:27:40","slug":"strach-i-solidarnosc-felieton-marii-mysonianki-8","status":"publish","type":"post","link":"https:\/\/kodmalopolska.pl\/?p=18837","title":{"rendered":"Strach i solidarno\u015b\u0107. Felieton Marii Mysonianki (8)"},"content":{"rendered":"\n<p class=\"has-drop-cap\">Cz\u0142owiek boi si\u0119 r\u00f3\u017cnych rzeczy. Jest to zupe\u0142nie normalne, a nawet niezb\u0119dne do \u017cycia, bo strach chroni przed niebezpiecze\u0144stwem. Ba\u0107 si\u0119 zatem nale\u017cy, ale \u2013 jak zawsze \u2013 m\u0105drze i z umiarem, nie eliminuj\u0105c racjonalnego my\u015blenia. Staro\u017cytni stoicy, kt\u00f3rzy uwa\u017cali strach za najgorszy z afekt\u00f3w, zalecali opanowanie, poniewa\u017c nieopanowany strach p\u0119ta rozum i niewoli wol\u0119. Cz\u0142owiek ogarni\u0119ty strachem przestaje my\u015ble\u0107, boi si\u0119 i rozpaczliwie szuka schronienia. Strach opanowany pozwala mu to schronienie znale\u017a\u0107, poniewa\u017c cz\u0142owiek nadal przy nim my\u015bli.<br \/>Zagra\u017ca nam wirus, kt\u00f3rego nie wida\u0107 go\u0142ym okiem, a z efektem jego dzia\u0142ania wi\u0119kszo\u015b\u0107 z nas nie zetkn\u0119\u0142a si\u0119 bezpo\u015brednio (i oby tak pozosta\u0142o). Aby si\u0119 chroni\u0107 przed czym\u015b, czego nie wida\u0107, trzeba uzna\u0107, \u017ce to co\u015b istnieje. I tu zaczyna si\u0119 problem. Nie wida\u0107 chorych na ulicach (chorujemy w domach i szpitalach), a ograniczenia i zalecenia epidemiczne s\u0105 m\u0119cz\u0105ce. Jak ma si\u0119 chroni\u0107 cz\u0142owiek, kt\u00f3ry si\u0119 boi, ale przedmiot jego strachu jest niewidoczny? Racjonalne my\u015blenie nakazuje podporz\u0105dkowa\u0107 si\u0119 zaleceniom ekspert\u00f3w. W dobie Internetu jednak ekspert\u00f3w jest wielu i wyg\u0142aszaj\u0105 rozmaite opinie, r\u00f3wnie\u017c tak\u0105, \u017ce wirus to manipulacja. Co robi\u0107? Komu przyzna\u0107 racj\u0119?<br \/>\u0141atwo mo\u017cna dostrzec, \u017ce w spo\u0142ecze\u0144stwie wypracowano kilka metod. Jedni surowo przestrzegaj\u0105 zalece\u0144, drudzy wy\u015bmiewaj\u0105 tych, kt\u00f3rzy przejmuj\u0105 si\u0119 zaleceniami, a jeszcze inni istnienie wirusa neguj\u0105. Cz\u0142owiek zm\u0119czony konieczno\u015bci\u0105 podporz\u0105dkowania si\u0119 czemu\u015b, czego nie wida\u0107, czemu\u015b, czego si\u0119 boi, szuka dobrych strategii przetrwania. Wyparcie to jedna z nich, daj\u0105ca wytchnienie. Negacja z kolei pozwala \u017cy\u0107, jakby nic si\u0119 nie zmieni\u0142o. Drwina i kpina te\u017c s\u0105 jakim\u015b podej\u015bciem, podobnie jak uznanie siebie za kogo\u015b wyj\u0105tkowego, na zasadzie: \u201eja jestem odporny, niech dob\u00f3r naturalny zrobi swoje\u201d. Mimo wszystko warto zastanowi\u0107 si\u0119 nad strategi\u0105 przetrwania, kt\u00f3ra nie jest egoistyczna, czyli nad przestrzeganiem zalece\u0144, noszeniem masek, dezynfekcj\u0105 r\u0105k. Taka postawa pozwala przetrwa\u0107 r\u00f3wnie\u017c tym, kt\u00f3rzy nie maj\u0105 tak wysokiej odporno\u015bci jak pewne siebie, silne fizycznie jednostki. Pandemia ods\u0142ania r\u00f3\u017cne nasze cechy, mi\u0119dzy innymi egoizm i zadufanie \u2013 zadufanie bezpodstawne, poniewa\u017c wirusa nie wida\u0107, jest podst\u0119pny i bezobjawowo niszczy ludzki organizm.<br \/>Tak, wierz\u0119 w istnienie wirusa i jego bezobjawow\u0105, niszczycielsk\u0105 moc. Tak, chcia\u0142abym, \u017ceby pandemia ju\u017c nas opu\u015bci\u0142a. Tak, znam ludzi, kt\u00f3rzy zachorowali i zmarli. Znam te\u017c aroganckich egoist\u00f3w, kt\u00f3rzy mimo wiedzy o w\u0142asnym zaka\u017ceniu (objawowym) poszli na spotkanie towarzyskie. Nie pojmuj\u0119, jak tak mo\u017cna, nie wiem, co takim cz\u0142owiekiem powoduje. Nie rozumiem. Tak jak nie rozumiem tych, kt\u00f3rzy nosz\u0105 maski na brodzie, \u0142okciu, w kieszeni. Nie s\u0105 przecie\u017c tutaj sami. Nie wszyscy s\u0105 tak odporni. Chyba nale\u017ca\u0142oby zacz\u0105\u0107 m\u00f3wi\u0107 o praktycznym aspekcie solidarno\u015bci \u2013 solidarno\u015bci, kt\u00f3ra w dobie pandemii wyra\u017ca si\u0119 w przestrzeganiu zalece\u0144. Dla siebie i dla innych. Solidarno\u015b\u0107, jak pisa\u0142 ksi\u0105dz prof. J\u00f3zef Tischner, m\u00f3wi: \u201ejeden drugiego ci\u0119\u017cary no\u015bcie\u201d. W dobie pandemii takim ci\u0119\u017carem bywa maska \u2013 noszona dla drugiego, je\u015bli kto\u015b uwa\u017ca, \u017ce sam jej nie potrzebuje. B\u0105d\u017amy solidarni.<\/p>\n\n\n\n<hr class=\"wp-block-separator\"\/>\n\n\n\n<p><em>Felieton jest wyrazem opinii autora. Nie prezentuje stanowiska ZR Ma\u0142opolskie KOD.<\/em><\/p>\n","protected":false},"excerpt":{"rendered":"<p>Cz\u0142owiek boi si\u0119 r\u00f3\u017cnych rzeczy. Jest to zupe\u0142nie normalne, a nawet niezb\u0119dne do \u017cycia, bo strach chroni przed niebezpiecze\u0144stwem. Ba\u0107 [&#8230;]<\/p>\n","protected":false},"author":24,"featured_media":17978,"comment_status":"closed","ping_status":"open","sticky":false,"template":"","format":"standard","meta":{"_EventAllDay":false,"_EventTimezone":"","_EventStartDate":"","_EventEndDate":"","_EventStartDateUTC":"","_EventEndDateUTC":"","_EventShowMap":false,"_EventShowMapLink":false,"_EventURL":"","_EventCost":"","_EventCostDescription":"","_EventCurrencySymbol":"","_EventCurrencyCode":"","_EventCurrencyPosition":"","_EventDateTimeSeparator":"","_EventTimeRangeSeparator":"","_EventOrganizerID":[],"_EventVenueID":[],"_OrganizerEmail":"","_OrganizerPhone":"","_OrganizerWebsite":"","_VenueAddress":"","_VenueCity":"","_VenueCountry":"","_VenueProvince":"","_VenueState":"","_VenueZip":"","_VenuePhone":"","_VenueURL":"","_VenueStateProvince":"","_VenueLat":"","_VenueLng":"","_VenueShowMap":false,"_VenueShowMapLink":false,"footnotes":""},"categories":[596],"tags":[],"class_list":["post-18837","post","type-post","status-publish","format-standard","has-post-thumbnail","hentry","category-felietony","felietony"],"_links":{"self":[{"href":"https:\/\/kodmalopolska.pl\/index.php?rest_route=\/wp\/v2\/posts\/18837","targetHints":{"allow":["GET"]}}],"collection":[{"href":"https:\/\/kodmalopolska.pl\/index.php?rest_route=\/wp\/v2\/posts"}],"about":[{"href":"https:\/\/kodmalopolska.pl\/index.php?rest_route=\/wp\/v2\/types\/post"}],"author":[{"embeddable":true,"href":"https:\/\/kodmalopolska.pl\/index.php?rest_route=\/wp\/v2\/users\/24"}],"replies":[{"embeddable":true,"href":"https:\/\/kodmalopolska.pl\/index.php?rest_route=%2Fwp%2Fv2%2Fcomments&post=18837"}],"version-history":[{"count":0,"href":"https:\/\/kodmalopolska.pl\/index.php?rest_route=\/wp\/v2\/posts\/18837\/revisions"}],"wp:featuredmedia":[{"embeddable":true,"href":"https:\/\/kodmalopolska.pl\/index.php?rest_route=\/wp\/v2\/media\/17978"}],"wp:attachment":[{"href":"https:\/\/kodmalopolska.pl\/index.php?rest_route=%2Fwp%2Fv2%2Fmedia&parent=18837"}],"wp:term":[{"taxonomy":"category","embeddable":true,"href":"https:\/\/kodmalopolska.pl\/index.php?rest_route=%2Fwp%2Fv2%2Fcategories&post=18837"},{"taxonomy":"post_tag","embeddable":true,"href":"https:\/\/kodmalopolska.pl\/index.php?rest_route=%2Fwp%2Fv2%2Ftags&post=18837"}],"curies":[{"name":"wp","href":"https:\/\/api.w.org\/{rel}","templated":true}]}}