{"id":18721,"date":"2020-09-08T20:25:43","date_gmt":"2020-09-08T18:25:43","guid":{"rendered":"https:\/\/kodmalopolska.pl\/?p=18721"},"modified":"2020-09-08T20:25:47","modified_gmt":"2020-09-08T18:25:47","slug":"cenzura-felieton-fryderyka-zolla-214","status":"publish","type":"post","link":"https:\/\/kodmalopolska.pl\/?p=18721","title":{"rendered":"Cenzura. Felieton Fryderyka Zolla (214)"},"content":{"rendered":"\n<p class=\"has-drop-cap\">Jaros\u0142awa Kaczy\u0144skiego oburzy\u0142o orzeczenie s\u0105du w sprawie mi\u0119dzy znanym by\u0142ym pi\u0142karzem i prominentnym dzia\u0142aczem pi\u0142karskim a prawicowym dziennikarzem. Wobec tego drugiego orzeczono zakaz publikowania tekst\u00f3w na temat tego pierwszego. Kaczy\u0144ski dostrzeg\u0142 w orzeczeniu element cenzury prewencyjnej i z tej okazji przedstawi\u0142 swoj\u0105 wizj\u0119 funkcjonowania s\u0105downictwa: b\u0142\u0119dne orzeczenia nale\u017cy natychmiast uchyla\u0107, a wydaj\u0105cych je s\u0119dzi\u00f3w usuwa\u0107 z pracy w trybie dyscyplinarnym. Wypowied\u017a prezesa nale\u017cy do kanonu populizmu. Jest w niej ziarno prawdy, gdy chodzi o diagnoz\u0119 problemu, i z tej jedynie w niewielkiej cz\u0119\u015bci trafnej diagnozy wyprowadzono wnioski typowe dla pa\u0144stwa typu \u0142ukaszenkowskiego (mo\u017cna by takie pa\u0144stwo okre\u015bli\u0107 brutalnej, ale mo\u017ce najlepsz\u0105 nazw\u0105 b\u0119dzie \u201esystem folwarczny\u201d). Zakazy publikowania rzeczywi\u015bcie ocieraj\u0105 si\u0119 o cenzur\u0119 prewencyjn\u0105. S\u0105d m\u00f3g\u0142by zrobi\u0107 co\u015b, czego Kaczy\u0144ski nienawidzi: oddali\u0107 wniosek o taki zakaz, bezpo\u015brednio si\u0119gaj\u0105c do Konstytucji. Problem jednak wynika nie z kondycji s\u0105du, ale ze stanu prawa. System ochrony d\u00f3br osobistych jest w Polsce wadliwy. Przepisy, na kt\u00f3rych go oparto, s\u0105 sformu\u0142owane w spos\u00f3b blankietowy. Ustawodawca da\u0142 s\u0105dowi ogromn\u0105 w\u0142adz\u0119. Kiedy jeszcze istnia\u0142a rozp\u0119dzona p\u00f3\u017aniej przez Ziobr\u0119 Komisja Kodyfikacyjna, kt\u00f3rej by\u0142em cz\u0142onkiem, pr\u00f3bowali\u015bmy w pracach nad nowym kodeksem cywilnym dookre\u015bli\u0107 podstaw\u0119 ochrony d\u00f3br osobistych, tak by kryteria oceny w znacznie mniejszym stopniu zale\u017ca\u0142y od oceny s\u0105du. Projekty by\u0142y gotowe. Nowa w\u0142adza wcale nie by\u0142a nimi zainteresowana. Dzisiejsi rz\u0105dz\u0105cy wol\u0105 nieostre kryteria \u2013 pod warunkiem, \u017ce s\u0105dy b\u0119d\u0105 pod kontrol\u0105 w\u0142adzy. Na przyk\u0142ad, w\u0142adza PiS\u2011u wprowadzi\u0142a ochron\u0119 dobrego imienia narodu polskiego w ustawie o Instytucie Pami\u0119ci Narodowej, odwo\u0142uj\u0105c si\u0119 do ca\u0142kowicie nieostrych, pozostaj\u0105cych w swobodnej ocenie s\u0105du kryteri\u00f3w. Przepis nadal w tej ustawie jest, a przygotowano go dla zduszenia wolno\u015bci debaty nad histori\u0105. Dla Kaczy\u0144skiego zasadnicz\u0105 kwesti\u0105 nie jest cenzura, ale kontrola nad s\u0105dem. To on, prezes, decyduje de facto o prawie, ponosi wi\u0119c odpowiedzialno\u015b\u0107 za ramy prawne, w jakich porusza si\u0119 s\u0105d. W jego folwarcznym pa\u0144stwie nie ma miejsca na w\u0142adz\u0119 od niego niezale\u017cn\u0105. Ca\u0142a w\u0142adza w r\u0119ce r\u00f3wniejszych zarz\u0105dc\u00f3w folwarku, takich jak minister Wo\u015b, kt\u00f3ry o obowi\u0105zuj\u0105cej Konstytucji m\u00f3wi: \u201ewstr\u0119tna\u201d. Folwark nie potrzebuje Konstytucji. Wystarczy wola prezesa i innych r\u00f3wniejszych siedz\u0105cych za sto\u0142em, kt\u00f3rych twarze zlewaj\u0105 si\u0119 w mroku, tak \u017ce nie mo\u017cna ju\u017c powiedzie\u0107, kt\u00f3ra do kogo nale\u017cy.<\/p>\n\n\n\n<hr class=\"wp-block-separator\"\/>\n\n\n\n<p><em>Felieton jest wyrazem opinii autora. Nie prezentuje stanowiska ZR Ma\u0142opolskie KOD.<\/em><\/p>\n","protected":false},"excerpt":{"rendered":"<p>Jaros\u0142awa Kaczy\u0144skiego oburzy\u0142o orzeczenie s\u0105du w sprawie mi\u0119dzy znanym by\u0142ym pi\u0142karzem i prominentnym dzia\u0142aczem pi\u0142karskim a prawicowym dziennikarzem. Wobec tego [&#8230;]<\/p>\n","protected":false},"author":24,"featured_media":12411,"comment_status":"closed","ping_status":"open","sticky":false,"template":"","format":"standard","meta":{"_EventAllDay":false,"_EventTimezone":"","_EventStartDate":"","_EventEndDate":"","_EventStartDateUTC":"","_EventEndDateUTC":"","_EventShowMap":false,"_EventShowMapLink":false,"_EventURL":"","_EventCost":"","_EventCostDescription":"","_EventCurrencySymbol":"","_EventCurrencyCode":"","_EventCurrencyPosition":"","_EventDateTimeSeparator":"","_EventTimeRangeSeparator":"","_EventOrganizerID":[],"_EventVenueID":[],"_OrganizerEmail":"","_OrganizerPhone":"","_OrganizerWebsite":"","_VenueAddress":"","_VenueCity":"","_VenueCountry":"","_VenueProvince":"","_VenueState":"","_VenueZip":"","_VenuePhone":"","_VenueURL":"","_VenueStateProvince":"","_VenueLat":"","_VenueLng":"","_VenueShowMap":false,"_VenueShowMapLink":false,"footnotes":""},"categories":[596],"tags":[],"class_list":["post-18721","post","type-post","status-publish","format-standard","has-post-thumbnail","hentry","category-felietony","felietony"],"_links":{"self":[{"href":"https:\/\/kodmalopolska.pl\/index.php?rest_route=\/wp\/v2\/posts\/18721","targetHints":{"allow":["GET"]}}],"collection":[{"href":"https:\/\/kodmalopolska.pl\/index.php?rest_route=\/wp\/v2\/posts"}],"about":[{"href":"https:\/\/kodmalopolska.pl\/index.php?rest_route=\/wp\/v2\/types\/post"}],"author":[{"embeddable":true,"href":"https:\/\/kodmalopolska.pl\/index.php?rest_route=\/wp\/v2\/users\/24"}],"replies":[{"embeddable":true,"href":"https:\/\/kodmalopolska.pl\/index.php?rest_route=%2Fwp%2Fv2%2Fcomments&post=18721"}],"version-history":[{"count":0,"href":"https:\/\/kodmalopolska.pl\/index.php?rest_route=\/wp\/v2\/posts\/18721\/revisions"}],"wp:featuredmedia":[{"embeddable":true,"href":"https:\/\/kodmalopolska.pl\/index.php?rest_route=\/wp\/v2\/media\/12411"}],"wp:attachment":[{"href":"https:\/\/kodmalopolska.pl\/index.php?rest_route=%2Fwp%2Fv2%2Fmedia&parent=18721"}],"wp:term":[{"taxonomy":"category","embeddable":true,"href":"https:\/\/kodmalopolska.pl\/index.php?rest_route=%2Fwp%2Fv2%2Fcategories&post=18721"},{"taxonomy":"post_tag","embeddable":true,"href":"https:\/\/kodmalopolska.pl\/index.php?rest_route=%2Fwp%2Fv2%2Ftags&post=18721"}],"curies":[{"name":"wp","href":"https:\/\/api.w.org\/{rel}","templated":true}]}}