{"id":18389,"date":"2020-08-27T17:41:17","date_gmt":"2020-08-27T15:41:17","guid":{"rendered":"https:\/\/kodmalopolska.pl\/?p=18389"},"modified":"2020-08-27T17:41:20","modified_gmt":"2020-08-27T15:41:20","slug":"podwojna-rocznica","status":"publish","type":"post","link":"https:\/\/kodmalopolska.pl\/?p=18389","title":{"rendered":"Podw\u00f3jna rocznica"},"content":{"rendered":"\n<p>Dzi\u015b mijaj\u0105 rocznice \u015bmierci dwojga os\u00f3b zas\u0142u\u017conych dla walki o praworz\u0105dno\u015b\u0107, spo\u0142ecznik\u00f3w, cz\u0142onk\u00f3w KOD Ma\u0142opolskie &#8211; Anny Nowak oraz Zbigniewa Suflity. Poni\u017cej wspomnienie Ani autorstwa Wojciecha W\u00f3jtowicza: <\/p>\n\n\n\n<p>Dwa dni temu Zdzis\u0142aw Wagner poprosi\u0142 mnie (a Zdzis\u0142awowi si\u0119 nie odmawia) o kilka s\u0142\u00f3w wspomnienia o Ani. O Annie Izabeli Nowak. Naszej Ani. Rok temu w \u0141odzi powiedzia\u0142em: \u201eZastanawia\u0142em si\u0119, co napisa\u0107, jak najtrafniej J\u0105 okre\u015bli\u0107, pokaza\u0107, i wtedy zda\u0142em sobie spraw\u0119, \u017ce m\u00f3wi\u0119 do ludzi, kt\u00f3rzy \u2013 je\u017celi tu przyjechali \u2013 nosz\u0105 w sobie jaki\u015b Jej obraz, czasem bardzo osobisty.<\/p>\n\n\n\n<p>I niech tak zostanie. Ja te\u017c mam sw\u00f3j\u201d. A dzisiaj, po roku? Mo\u017ce warto po prostu przytoczy\u0107 par\u0119 tytu\u0142\u00f3w Jej tekst\u00f3w:<\/p>\n\n\n\n<p>\u2013 z \u201eCodziennika Feministycznego\u201d: \u201eAlimenty nie istniej\u0105\u201d, \u201eLicencja na molestowanie\u201d, \u201eBia\u0142e wst\u0105\u017cki, bia\u0142e teczki\u201d;<\/p>\n\n\n\n<p>\u2013 ze \u201eStudia Opinii\u201d: \u201eBoj\u0119 si\u0119\u201d, \u201eZawalczmy o tryumf dobra\u201d, \u201eTwarze Polak\u00f3w\u201d, \u201eNasz brat Piotr\u201d;<\/p>\n\n\n\n<p>\u2013 z \u201eGazety Wyborczej\u201d: \u201ePragnienie wielko\u015bci nie jest niczym z\u0142ym. O ile nie przynosi tak katastrofalnych skutk\u00f3w dla Polski\u201d, \u201eBarbarzy\u0144stwo i grubia\u0144stwo, czyli kto szara\u0144cz\u0105 wojuje, od szara\u0144czy ginie\u201d.<\/p>\n\n\n\n<p>Kocha\u0142a \u201elepieje\u201d, mia\u0142a ich poka\u017any zbi\u00f3r. Pisa\u0142a te\u017c teksy poetyckie i satyryczne. W \u201eGazecie Wyborczej\u201d Krzysztof W. Kasprzyk w kr\u00f3tkim po\u017cegnaniu napisa\u0142: \u201e(\u2026) zmar\u0142a Anna Izabela Nowak. Mia\u0142a ledwie 50 lat (\u2026) znana by\u0142a jako wulkan energii i walki o wolno\u015b\u0107, obron\u0119 Konstytucji i demokracji (\u2026). Ka\u017cdy, kto chodzi\u0142 na demonstracje czy w obronie Trybuna\u0142u Konstytucyjnego, czy s\u0105d\u00f3w, czy samej Konstytucji, musia\u0142 si\u0119 z Ann\u0105 zetkn\u0105\u0107\u201d. Burza blond w\u0142os\u00f3w widoczna by\u0142a z daleka. Kocha\u0142a\u015b \u017cycie. Nie zna\u0142em nikogo, kto by tak jak Ty potrafi\u0142 cieszy\u0107 si\u0119 ka\u017cdym jego przejawem. B\u0119dziemy Ci\u0119, Aniu, zawsze pami\u0119ta\u0107, a Twoje s\u0142owa przelane na papier, telefony i monitory komputer\u00f3w pozostan\u0105 z nami, cho\u0107 mam nadziej\u0119, \u017ce kiedy\u015b b\u0119d\u0105 jedynie \u015bwiadectwem niepotrzebnego zakr\u0119tu naszej historii. <\/p>\n\n\n\n<p>Wojciech W\u00f3jtowicz, sierpie\u0144 2020<\/p>\n\n\n\n<div class=\"wp-block-group\"><div class=\"wp-block-group__inner-container is-layout-flow wp-block-group-is-layout-flow\">\n<div class=\"wp-block-group\"><div class=\"wp-block-group__inner-container is-layout-flow wp-block-group-is-layout-flow\">\n<div class=\"wp-block-image\"><figure class=\"alignleft size-large is-resized\"><img loading=\"lazy\" decoding=\"async\" src=\"https:\/\/scontent-waw1-1.xx.fbcdn.net\/v\/t1.0-0\/s600x600\/118522165_2701722816765056_7987733931581579409_n.jpg?_nc_cat=105&amp;_nc_sid=730e14&amp;_nc_ohc=hT2jQDqt_MkAX9-Y3r2&amp;_nc_ht=scontent-waw1-1.xx&amp;tp=7&amp;oh=4d6481edb54ae541937ed18eaa46ee49&amp;oe=5F6EDAC3\" alt=\"\" width=\"266\" height=\"290\"\/><\/figure><\/div>\n\n\n\n<figure class=\"wp-block-image size-large is-resized\"><img loading=\"lazy\" decoding=\"async\" src=\"https:\/\/scontent-waw1-1.xx.fbcdn.net\/v\/t1.0-9\/118579729_2701725106764827_4222080726328582807_n.jpg?_nc_cat=102&amp;_nc_sid=730e14&amp;_nc_ohc=YRusD_-QyFMAX_Sl1F9&amp;_nc_ht=scontent-waw1-1.xx&amp;oh=4310fedf95e5b7e9ee2bfc74e02cd121&amp;oe=5F6EFBCC\" alt=\"\" width=\"294\" height=\"294\"\/><\/figure>\n<\/div><\/div>\n<\/div><\/div>\n","protected":false},"excerpt":{"rendered":"<p>Dzi\u015b mijaj\u0105 rocznice \u015bmierci dwojga os\u00f3b zas\u0142u\u017conych dla walki o praworz\u0105dno\u015b\u0107, spo\u0142ecznik\u00f3w, cz\u0142onk\u00f3w KOD Ma\u0142opolskie &#8211; Anny Nowak oraz Zbigniewa [&#8230;]<\/p>\n","protected":false},"author":34,"featured_media":0,"comment_status":"closed","ping_status":"open","sticky":false,"template":"","format":"standard","meta":{"_EventAllDay":false,"_EventTimezone":"","_EventStartDate":"","_EventEndDate":"","_EventStartDateUTC":"","_EventEndDateUTC":"","_EventShowMap":false,"_EventShowMapLink":false,"_EventURL":"","_EventCost":"","_EventCostDescription":"","_EventCurrencySymbol":"","_EventCurrencyCode":"","_EventCurrencyPosition":"","_EventDateTimeSeparator":"","_EventTimeRangeSeparator":"","_EventOrganizerID":[],"_EventVenueID":[],"_OrganizerEmail":"","_OrganizerPhone":"","_OrganizerWebsite":"","_VenueAddress":"","_VenueCity":"","_VenueCountry":"","_VenueProvince":"","_VenueState":"","_VenueZip":"","_VenuePhone":"","_VenueURL":"","_VenueStateProvince":"","_VenueLat":"","_VenueLng":"","_VenueShowMap":false,"_VenueShowMapLink":false,"footnotes":""},"categories":[28],"tags":[],"class_list":["post-18389","post","type-post","status-publish","format-standard","hentry","category-malopolskie-news","malopolskie-news"],"_links":{"self":[{"href":"https:\/\/kodmalopolska.pl\/index.php?rest_route=\/wp\/v2\/posts\/18389","targetHints":{"allow":["GET"]}}],"collection":[{"href":"https:\/\/kodmalopolska.pl\/index.php?rest_route=\/wp\/v2\/posts"}],"about":[{"href":"https:\/\/kodmalopolska.pl\/index.php?rest_route=\/wp\/v2\/types\/post"}],"author":[{"embeddable":true,"href":"https:\/\/kodmalopolska.pl\/index.php?rest_route=\/wp\/v2\/users\/34"}],"replies":[{"embeddable":true,"href":"https:\/\/kodmalopolska.pl\/index.php?rest_route=%2Fwp%2Fv2%2Fcomments&post=18389"}],"version-history":[{"count":0,"href":"https:\/\/kodmalopolska.pl\/index.php?rest_route=\/wp\/v2\/posts\/18389\/revisions"}],"wp:attachment":[{"href":"https:\/\/kodmalopolska.pl\/index.php?rest_route=%2Fwp%2Fv2%2Fmedia&parent=18389"}],"wp:term":[{"taxonomy":"category","embeddable":true,"href":"https:\/\/kodmalopolska.pl\/index.php?rest_route=%2Fwp%2Fv2%2Fcategories&post=18389"},{"taxonomy":"post_tag","embeddable":true,"href":"https:\/\/kodmalopolska.pl\/index.php?rest_route=%2Fwp%2Fv2%2Ftags&post=18389"}],"curies":[{"name":"wp","href":"https:\/\/api.w.org\/{rel}","templated":true}]}}