{"id":18297,"date":"2020-08-20T10:57:48","date_gmt":"2020-08-20T08:57:48","guid":{"rendered":"https:\/\/kodmalopolska.pl\/?p=18297"},"modified":"2020-08-20T10:58:02","modified_gmt":"2020-08-20T08:58:02","slug":"spotkanie-wspomnieniowe-po-odslonieciu-tablicy-pamieci-tadeusza-kusia","status":"publish","type":"post","link":"https:\/\/kodmalopolska.pl\/?p=18297","title":{"rendered":"Spotkanie wspomnieniowe po ods\u0142oni\u0119ciu tablicy pami\u0119ci Tadeusza Kusia"},"content":{"rendered":"\n<p>5 wrze\u015bnia w godzinach popo\u0142udniowych w O\u015bwi\u0119cimiu ods\u0142onimy tablic\u0119 pami\u0119ci Tadeusza Kusia. Nast\u0119pnie odb\u0119dzie si\u0119 spotkanie Jemu po\u015bwi\u0119cone do pobliskiej restauracji (dystans zapewniony, ale liczba go\u015bci ograniczona). Serdecznie zapraszamy.<\/p>\n\n\n\n<p>Osoby, kt\u00f3re chc\u0105 wzi\u0105\u0107 udzia\u0142 w spotkaniu wspomnieniowym w restauracji, bardzo prosimy o zapisanie si\u0119 poprzez formularz: <a href=\"https:\/\/forms.gle\/mYk6i8nx4fSLxkvr8\">https:\/\/forms.gle\/mYk6i8nx4fSLxkvr8<\/a><\/p>\n","protected":false},"excerpt":{"rendered":"<p>5 wrze\u015bnia w godzinach popo\u0142udniowych w O\u015bwi\u0119cimiu ods\u0142onimy tablic\u0119 pami\u0119ci Tadeusza Kusia. Nast\u0119pnie odb\u0119dzie si\u0119 spotkanie Jemu po\u015bwi\u0119cone do pobliskiej [&#8230;]<\/p>\n","protected":false},"author":24,"featured_media":18302,"comment_status":"closed","ping_status":"open","sticky":false,"template":"","format":"standard","meta":{"_EventAllDay":false,"_EventTimezone":"","_EventStartDate":"","_EventEndDate":"","_EventStartDateUTC":"","_EventEndDateUTC":"","_EventShowMap":false,"_EventShowMapLink":false,"_EventURL":"","_EventCost":"","_EventCostDescription":"","_EventCurrencySymbol":"","_EventCurrencyCode":"","_EventCurrencyPosition":"","_EventDateTimeSeparator":"","_EventTimeRangeSeparator":"","_EventOrganizerID":[],"_EventVenueID":[],"_OrganizerEmail":"","_OrganizerPhone":"","_OrganizerWebsite":"","_VenueAddress":"","_VenueCity":"","_VenueCountry":"","_VenueProvince":"","_VenueState":"","_VenueZip":"","_VenuePhone":"","_VenueURL":"","_VenueStateProvince":"","_VenueLat":"","_VenueLng":"","_VenueShowMap":false,"_VenueShowMapLink":false,"footnotes":""},"categories":[28],"tags":[],"class_list":["post-18297","post","type-post","status-publish","format-standard","has-post-thumbnail","hentry","category-malopolskie-news","malopolskie-news"],"_links":{"self":[{"href":"https:\/\/kodmalopolska.pl\/index.php?rest_route=\/wp\/v2\/posts\/18297","targetHints":{"allow":["GET"]}}],"collection":[{"href":"https:\/\/kodmalopolska.pl\/index.php?rest_route=\/wp\/v2\/posts"}],"about":[{"href":"https:\/\/kodmalopolska.pl\/index.php?rest_route=\/wp\/v2\/types\/post"}],"author":[{"embeddable":true,"href":"https:\/\/kodmalopolska.pl\/index.php?rest_route=\/wp\/v2\/users\/24"}],"replies":[{"embeddable":true,"href":"https:\/\/kodmalopolska.pl\/index.php?rest_route=%2Fwp%2Fv2%2Fcomments&post=18297"}],"version-history":[{"count":0,"href":"https:\/\/kodmalopolska.pl\/index.php?rest_route=\/wp\/v2\/posts\/18297\/revisions"}],"wp:featuredmedia":[{"embeddable":true,"href":"https:\/\/kodmalopolska.pl\/index.php?rest_route=\/wp\/v2\/media\/18302"}],"wp:attachment":[{"href":"https:\/\/kodmalopolska.pl\/index.php?rest_route=%2Fwp%2Fv2%2Fmedia&parent=18297"}],"wp:term":[{"taxonomy":"category","embeddable":true,"href":"https:\/\/kodmalopolska.pl\/index.php?rest_route=%2Fwp%2Fv2%2Fcategories&post=18297"},{"taxonomy":"post_tag","embeddable":true,"href":"https:\/\/kodmalopolska.pl\/index.php?rest_route=%2Fwp%2Fv2%2Ftags&post=18297"}],"curies":[{"name":"wp","href":"https:\/\/api.w.org\/{rel}","templated":true}]}}