{"id":18242,"date":"2020-08-18T14:18:06","date_gmt":"2020-08-18T12:18:06","guid":{"rendered":"https:\/\/kodmalopolska.pl\/?p=18242"},"modified":"2020-08-18T14:18:15","modified_gmt":"2020-08-18T12:18:15","slug":"jaroslaw-kaczynski-rozgrywa-opozycje-felieton-fryderyka-zolla-208","status":"publish","type":"post","link":"https:\/\/kodmalopolska.pl\/?p=18242","title":{"rendered":"Jaros\u0142aw Kaczy\u0144ski rozgrywa opozycj\u0119. Felieton Fryderyka Zolla (208)"},"content":{"rendered":"\n<p>17\/18.08.2020<\/p>\n\n\n\n<p class=\"has-drop-cap\">Wielu si\u0119 zastanawia, jakim to cudem ca\u0142kowicie bezideowy pasjonat sprawowania w\u0142adzy, czyli Jaros\u0142aw Kaczy\u0144ski, utrzymuje swoj\u0105 pozycj\u0119. Pytanie \u201eCzym was uwi\u00f3d\u0142 Kaczy\u0144ski?\u201d ostatnio zada\u0142 wykszta\u0142conym zwolennikom satrapy z Nowogrodzkiej Kazimierz Or\u0142o\u015b. Na to pytanie niechaj odpowiedz\u0105 jego adresaci. Dlaczego natomiast Kaczy\u0144ski rz\u0105dzi i rozgrywa opozycj\u0119, dowiadujemy si\u0119 w tych dniach. Prezes PiS\u2011u ma talent do przerzucania pot\u0119\u017cnych wpadek swojej partii na barki oponent\u00f3w, kt\u00f3rzy nast\u0119pnie gryz\u0105 si\u0119 mi\u0119dzy sob\u0105. Gdy Szyd\u0142o og\u0142asza\u0142a, \u017ce jej ludziom i jej samej pieni\u0105dze po prostu si\u0119 nale\u017ca\u0142y, negatywne konsekwencje dla PiS\u2011u wydawa\u0142y si\u0119 nieuchronne. Nic takiego jednak si\u0119 nie wydarzy\u0142o, bo Kaczy\u0144ski planuje wiele posuni\u0119\u0107 naprz\u00f3d. Teraz obserwujemy koniec rozpocz\u0119tej wtedy rozgrywki. Prezes kaza\u0142 ministrom wp\u0142aci\u0107 pieni\u0105dze na Caritas (nieistotne, \u017ce ma\u0142o kto si\u0119 z tego wywi\u0105za\u0142). Poleci\u0142 te\u017c, motywuj\u0105c to wol\u0105 ludu, drastycznie obni\u017cy\u0107 pensje parlamentarzystom. Takie wynagrodzenie, radykalnie poni\u017cej aspiracji kogo\u015b, kto ma umiej\u0119tno\u015bci niezb\u0119dne w parlamencie, skutecznie zniech\u0119ci\u0142o szereg os\u00f3b do kandydowania. Ci, co kandydowali, wiedzieli, na co si\u0119 godz\u0105. Po wyborach Kaczy\u0144ski postanowi\u0142 lepiej wynagradza\u0107 swoich, bo skargi by\u0142y coraz g\u0142o\u015bniejsze. Rozegra\u0142 to jednak tak, \u017ceby odium spad\u0142o na opozycj\u0119. Wiedzia\u0142, \u017ce jego elektorat co do zasady akceptuje nawet \u0142upienie pa\u0144stwa, byle tylko \u0142upami si\u0119 dzieli\u0107, ale elektorat opozycji jest bardzo wyczulony na sprawy etyki. Kaczy\u0144ski za\u0142o\u017cy\u0142 wi\u0119c, \u017ce jego wyborcy prze\u0142kn\u0105 podwy\u017ck\u0119, byle si\u0119 uda\u0142o umoczy\u0107 opozycj\u0119. I uda\u0142o si\u0119. Opozycja pozwoli\u0142a si\u0119 z\u0142apa\u0107, po czym rzuci\u0142a si\u0119 sobie do garde\u0142. Du\u017ca cz\u0119\u015b\u0107 dyskutant\u00f3w opozycyjnych wzi\u0119\u0142a udzia\u0142 w wirtualnym zarzynaniu swoich przedstawicieli. Teraz nadzieja w Senacie. Senatorzy powinni wprowadzi\u0107 poprawk\u0119, przesuwaj\u0105c wej\u015bcie ustawy w \u017cycie o trzy lata, ju\u017c na now\u0105 kadencj\u0119 parlamentu. Niech PiS t\u0119 poprawk\u0119 odrzuci na w\u0142asny rachunek, a Duda niech na w\u0142asny rachunek zrobi prezent ma\u0142\u017conce. Z pieni\u0119dzy podatnik\u00f3w.<\/p>\n\n\n\n<p>PS Senat odrzuci\u0142 ustaw\u0119 w ca\u0142o\u015bci. Terlecki o\u015bwiadczy\u0142, \u017ce temat umar\u0142, bo by\u0142a to propozycja opozycji. Opozycja musi si\u0119 nauczy\u0107, \u017ce z PiS\u2011em si\u0119 nie rozmawia i niczego si\u0119 z nim nie ustala. A my musimy bardzo uwa\u017ca\u0107. Nie wolno pope\u0142nia\u0107 takich b\u0142\u0119d\u00f3w jak ten, ale te\u017c nie mo\u017cemy niszczy\u0107 si\u0119 nawzajem. Nic z tego dobrego nie wynika.<\/p>\n\n\n\n<hr class=\"wp-block-separator\"\/>\n\n\n\n<p><em>Felieton jest wyrazem opinii autora. Nie prezentuje stanowiska ZR Ma\u0142opolskie KOD.<\/em><\/p>\n","protected":false},"excerpt":{"rendered":"<p>17\/18.08.2020 Wielu si\u0119 zastanawia, jakim to cudem ca\u0142kowicie bezideowy pasjonat sprawowania w\u0142adzy, czyli Jaros\u0142aw Kaczy\u0144ski, utrzymuje swoj\u0105 pozycj\u0119. Pytanie \u201eCzym [&#8230;]<\/p>\n","protected":false},"author":24,"featured_media":12411,"comment_status":"closed","ping_status":"open","sticky":false,"template":"","format":"standard","meta":{"_EventAllDay":false,"_EventTimezone":"","_EventStartDate":"","_EventEndDate":"","_EventStartDateUTC":"","_EventEndDateUTC":"","_EventShowMap":false,"_EventShowMapLink":false,"_EventURL":"","_EventCost":"","_EventCostDescription":"","_EventCurrencySymbol":"","_EventCurrencyCode":"","_EventCurrencyPosition":"","_EventDateTimeSeparator":"","_EventTimeRangeSeparator":"","_EventOrganizerID":[],"_EventVenueID":[],"_OrganizerEmail":"","_OrganizerPhone":"","_OrganizerWebsite":"","_VenueAddress":"","_VenueCity":"","_VenueCountry":"","_VenueProvince":"","_VenueState":"","_VenueZip":"","_VenuePhone":"","_VenueURL":"","_VenueStateProvince":"","_VenueLat":"","_VenueLng":"","_VenueShowMap":false,"_VenueShowMapLink":false,"footnotes":""},"categories":[596],"tags":[],"class_list":["post-18242","post","type-post","status-publish","format-standard","has-post-thumbnail","hentry","category-felietony","felietony"],"_links":{"self":[{"href":"https:\/\/kodmalopolska.pl\/index.php?rest_route=\/wp\/v2\/posts\/18242","targetHints":{"allow":["GET"]}}],"collection":[{"href":"https:\/\/kodmalopolska.pl\/index.php?rest_route=\/wp\/v2\/posts"}],"about":[{"href":"https:\/\/kodmalopolska.pl\/index.php?rest_route=\/wp\/v2\/types\/post"}],"author":[{"embeddable":true,"href":"https:\/\/kodmalopolska.pl\/index.php?rest_route=\/wp\/v2\/users\/24"}],"replies":[{"embeddable":true,"href":"https:\/\/kodmalopolska.pl\/index.php?rest_route=%2Fwp%2Fv2%2Fcomments&post=18242"}],"version-history":[{"count":0,"href":"https:\/\/kodmalopolska.pl\/index.php?rest_route=\/wp\/v2\/posts\/18242\/revisions"}],"wp:featuredmedia":[{"embeddable":true,"href":"https:\/\/kodmalopolska.pl\/index.php?rest_route=\/wp\/v2\/media\/12411"}],"wp:attachment":[{"href":"https:\/\/kodmalopolska.pl\/index.php?rest_route=%2Fwp%2Fv2%2Fmedia&parent=18242"}],"wp:term":[{"taxonomy":"category","embeddable":true,"href":"https:\/\/kodmalopolska.pl\/index.php?rest_route=%2Fwp%2Fv2%2Fcategories&post=18242"},{"taxonomy":"post_tag","embeddable":true,"href":"https:\/\/kodmalopolska.pl\/index.php?rest_route=%2Fwp%2Fv2%2Ftags&post=18242"}],"curies":[{"name":"wp","href":"https:\/\/api.w.org\/{rel}","templated":true}]}}