{"id":18229,"date":"2020-08-16T14:19:38","date_gmt":"2020-08-16T12:19:38","guid":{"rendered":"https:\/\/kodmalopolska.pl\/?p=18229"},"modified":"2020-08-16T14:19:42","modified_gmt":"2020-08-16T12:19:42","slug":"nasza-sprawa-felieton-fryderyka-zolla-207","status":"publish","type":"post","link":"https:\/\/kodmalopolska.pl\/?p=18229","title":{"rendered":"Nasza sprawa. Felieton Fryderyka Zolla (207)"},"content":{"rendered":"\n<p>16.08.2020<\/p>\n\n\n\n<p class=\"has-drop-cap\">Wczoraj zgromadzili\u015bmy si\u0119 przy pomniku Mickiewicza na krakowskim Rynku, by okaza\u0107 wsparcie dla Bia\u0142orusi. Morze bia\u0142o-czerwono-bia\u0142ych flag, tak\u017ce flagi ukrai\u0144skie, polskie i europejskie. Wieszcz na cokole by\u0142by dumny, widz\u0105c herb z rycerzem na koniu. Stoj\u0105c tam, zastanawia\u0142em si\u0119 z b\u00f3lem, jak mogli\u015bmy doprowadzi\u0107 do tego, \u017ce Polska jest tak s\u0142aba, \u017ce nie mamy rz\u0105du ani prezydenta zdolnych poruszy\u0107 Europ\u0119. Jednak ci m\u0142odzi ludzie zebrani wok\u00f3\u0142, maj\u0105cy do\u015b\u0107 w\u0142adzy dyrektora ko\u0142chozu i spragnieni nowej przestrzeni wolno\u015bci, daj\u0105 nadziej\u0119, \u017ce autorytaryzmy w Europie dobiegaj\u0105 ko\u0144ca. Przemawia\u0142 te\u017c Rosjanin. Coraz wi\u0119cej m\u0142odych widzi konieczno\u015b\u0107 po\u0142o\u017cenia tamy rz\u0105dom ograniczonych satrap\u00f3w. Wczoraj Bia\u0142orusini skar\u017cyli si\u0119, \u017ce oferowane przez Polsk\u0119 mo\u017cliwo\u015bci stypendialne dla student\u00f3w z Bia\u0142orusi nie dotycz\u0105 tych, kt\u00f3rych relegowano z uczelni. Jak to tak, panie premierze Morawiecki? Co pan z tym zrobi? Chcieliby\u015bmy cho\u0107by w tej sprawie m\u00f3c by\u0107 w Polsce dumni. Dawno ju\u017c nie byli\u015bmy tak s\u0142abi i tak pozbawieni narz\u0119dzi dzia\u0142ania. Czy zrobili\u015bmy to wszystko sobie sami, czy jednak inni szatani\u2026?<br \/>Musimy z ca\u0142ych si\u0142 wspiera\u0107 budz\u0105c\u0105 si\u0119 do wolno\u015bci Bia\u0142oru\u015b. Tu idzie o wolno\u015b\u0107 nas wszystkich. Nie prze\u015bpijmy tego.<\/p>\n\n\n\n<hr class=\"wp-block-separator\"\/>\n\n\n\n<p><em>Felieton jest wyrazem opinii autora. Nie prezentuje stanowiska ZR Ma\u0142opolskie KOD.<\/em><\/p>\n","protected":false},"excerpt":{"rendered":"<p>16.08.2020 Wczoraj zgromadzili\u015bmy si\u0119 przy pomniku Mickiewicza na krakowskim Rynku, by okaza\u0107 wsparcie dla Bia\u0142orusi. Morze bia\u0142o-czerwono-bia\u0142ych flag, tak\u017ce flagi [&#8230;]<\/p>\n","protected":false},"author":24,"featured_media":12411,"comment_status":"closed","ping_status":"open","sticky":false,"template":"","format":"standard","meta":{"_EventAllDay":false,"_EventTimezone":"","_EventStartDate":"","_EventEndDate":"","_EventStartDateUTC":"","_EventEndDateUTC":"","_EventShowMap":false,"_EventShowMapLink":false,"_EventURL":"","_EventCost":"","_EventCostDescription":"","_EventCurrencySymbol":"","_EventCurrencyCode":"","_EventCurrencyPosition":"","_EventDateTimeSeparator":"","_EventTimeRangeSeparator":"","_EventOrganizerID":[],"_EventVenueID":[],"_OrganizerEmail":"","_OrganizerPhone":"","_OrganizerWebsite":"","_VenueAddress":"","_VenueCity":"","_VenueCountry":"","_VenueProvince":"","_VenueState":"","_VenueZip":"","_VenuePhone":"","_VenueURL":"","_VenueStateProvince":"","_VenueLat":"","_VenueLng":"","_VenueShowMap":false,"_VenueShowMapLink":false,"footnotes":""},"categories":[596],"tags":[],"class_list":["post-18229","post","type-post","status-publish","format-standard","has-post-thumbnail","hentry","category-felietony","felietony"],"_links":{"self":[{"href":"https:\/\/kodmalopolska.pl\/index.php?rest_route=\/wp\/v2\/posts\/18229","targetHints":{"allow":["GET"]}}],"collection":[{"href":"https:\/\/kodmalopolska.pl\/index.php?rest_route=\/wp\/v2\/posts"}],"about":[{"href":"https:\/\/kodmalopolska.pl\/index.php?rest_route=\/wp\/v2\/types\/post"}],"author":[{"embeddable":true,"href":"https:\/\/kodmalopolska.pl\/index.php?rest_route=\/wp\/v2\/users\/24"}],"replies":[{"embeddable":true,"href":"https:\/\/kodmalopolska.pl\/index.php?rest_route=%2Fwp%2Fv2%2Fcomments&post=18229"}],"version-history":[{"count":0,"href":"https:\/\/kodmalopolska.pl\/index.php?rest_route=\/wp\/v2\/posts\/18229\/revisions"}],"wp:featuredmedia":[{"embeddable":true,"href":"https:\/\/kodmalopolska.pl\/index.php?rest_route=\/wp\/v2\/media\/12411"}],"wp:attachment":[{"href":"https:\/\/kodmalopolska.pl\/index.php?rest_route=%2Fwp%2Fv2%2Fmedia&parent=18229"}],"wp:term":[{"taxonomy":"category","embeddable":true,"href":"https:\/\/kodmalopolska.pl\/index.php?rest_route=%2Fwp%2Fv2%2Fcategories&post=18229"},{"taxonomy":"post_tag","embeddable":true,"href":"https:\/\/kodmalopolska.pl\/index.php?rest_route=%2Fwp%2Fv2%2Ftags&post=18229"}],"curies":[{"name":"wp","href":"https:\/\/api.w.org\/{rel}","templated":true}]}}