{"id":17848,"date":"2020-07-20T20:08:04","date_gmt":"2020-07-20T18:08:04","guid":{"rendered":"https:\/\/kodmalopolska.pl\/?p=17848"},"modified":"2020-11-15T20:49:47","modified_gmt":"2020-11-15T19:49:47","slug":"praworzadnosc-ma-sie-swietnie-sok-z-brukselki-czyli-felieton-marcina-mycielskiego-2","status":"publish","type":"post","link":"https:\/\/kodmalopolska.pl\/?p=17848","title":{"rendered":"Praworz\u0105dno\u015b\u0107 ma si\u0119 \u015bwietnie! &#8211; Sok z Brukselki czyli felieton Marcina Mycielskiego (2)"},"content":{"rendered":"\n<p>20.07.2020<\/p>\n\n\n\n<p class=\"has-drop-cap\">Od pi\u0105tku w Radzie Unii Europejskiej w Brukseli odbywa si\u0119 szczyt UE. Nie jest to szczyt byle jaki, bo 27 zebranych lider\u00f3w pa\u0144stw i rz\u0105d\u00f3w pr\u00f3buje uzgodni\u0107 warunki bud\u017cetu na lata 2021\u20132027. Poza \u201estandardowym\u201d bud\u017cetem ponad jednego biliona euro Unia da nam (lub po\u017cyczy na preferencyjnych warunkach) cz\u0119\u015b\u0107 z dodatkowych 750 miliard\u00f3w przewidzianych w ramach funduszu odbudowy po pandemii COVID-19. Pisz\u0119 \u201eUnia da\u201d nie bez kozery: co bardziej zorientowani w ekonomii zaraz podnios\u0105 larum (a ci oczytani zacytuj\u0105 Margaret Thatcher lub Churchilla), \u017ce przecie\u017c \u017cadna w\u0142adza nie ma w\u0142asnych pieni\u0119dzy i \u017ceby co\u015b nam da\u0107, musi najpierw nam zabra\u0107. Rzecz w tym, \u017ce Unia nie zabiera ani nie daje wszystkim po r\u00f3wno. W latach 2014\u20132020 Polska nie tylko by\u0142a najwi\u0119kszym beneficjentem netto, otrzymuj\u0105c prawie 9 miliard\u00f3w euro (po odj\u0119ciu tego, co wp\u0142aci\u0142a), ale jest teraz na ponad dwa razy wi\u0119kszym (!) plusie ni\u017c druga pod tym wzgl\u0119dem Grecja. Najwi\u0119kszymi p\u0142atnikami (czyli tymi, kt\u00f3rzy sko\u0144czyli na minusie) s\u0105 Niemcy i Wielka Brytania (ci pierwsi ze strat\u0105 oko\u0142o 11 miliard\u00f3w, ponad dwa razy wi\u0119ksz\u0105 ni\u017c Brytyjczycy). Wszystkie pieni\u0105dze przyznane nam od 2014 roku mieszcz\u0105 si\u0119 wi\u0119c w kwocie, kt\u00f3r\u0105 do bud\u017cetu Unii w\u0142o\u017cy\u0142y w tym okresie te straszne Niemcy. Mo\u017cna powiedzie\u0107 w uproszczeniu, \u017ce Unia dzia\u0142a na podobie\u0144stwo Robin Hooda \u2013 zabiera bogatym Niemcom i daje biednym Polakom. Albo jeszcze ciekawiej: je\u015bli przyj\u0105\u0107 teori\u0119, \u017ce wszystkim kieruje Berlin, to owi \u017ali Niemcy zabieraj\u0105 sobie, \u017ceby dawa\u0107 nam! A\u017c dziw, \u017ce PiS nie ubra\u0142o tego jeszcze w narracj\u0119 wywalczonych przez siebie reparacji\u2026<\/p>\n\n\n\n<p>W poprzednim felietonie [<a href=\"https:\/\/kodmalopolska.pl\/sok-z-brukselki-felieton-marcina-mycielskiego-1\/\">link<\/a>] pisa\u0142em, \u017ce Unia zamierza powi\u0105za\u0107 dalsze wyp\u0142aty z przestrzeganiem zasad, na kt\u00f3re, przyst\u0119puj\u0105c do niej, wyrazili\u015bmy zgod\u0119. T\u0142umaczy\u0142em, dlaczego jest w naszym interesie, by tak si\u0119 sta\u0142o. Je\u015bli chcemy, by te \u015brodki wydawano zgodnie z przeznaczeniem \u2013 czyli na inwestycje, drogi, wsparcie dla rolnik\u00f3w, a teraz odbudow\u0119 gospodarki po koronawirusie \u2013 to powinno nam te\u017c zale\u017ce\u0107 na funkcjonowaniu wymiaru sprawiedliwo\u015bci, kt\u00f3ry tego przypilnuje. W przeciwnym razie pieni\u0105dze z kieszeni obywateli UE mog\u0105 trafi\u0107 do kieszeni rz\u0105dz\u0105cych (albo ich koleg\u00f3w, instruktor\u00f3w narciarstwa) i nikt z tym nic nie zrobi, bo s\u0105dy b\u0119d\u0105 tym\u017ce rz\u0105dz\u0105cym podlega\u0142y.<\/p>\n\n\n\n<p>Jak mo\u017cna by\u0142o si\u0119 spodziewa\u0107, na przeszkodzie uchwaleniu bud\u017cetu na takich zasadach stan\u0119li premierzy Orban i Morawiecki. Ten pierwszy, nie owijaj\u0105c w bawe\u0142n\u0119, w swoich \u201epoprawkach\u201d zwyczajnie wykre\u015bli\u0142 odpowiednie zapisy. W kluczowym fragmencie zastosowa\u0142 za\u015b znany nam dobrze mechanizm \u201elub czasopisma\u201d \u2013 zmieni\u0142 dwa s\u0142owa: \u201ekwalifikowan\u0105 wi\u0119kszo\u015b\u0107\u201d zast\u0105pi\u0142 \u201ejednomy\u015blno\u015bci\u0105\u201d w g\u0142osowaniu \u2013 by zapewni\u0107 sobie mo\u017cliwo\u015b\u0107 zawetowania nieprzychylnych wobec niego decyzji Unii (czyli tak jak to jest w aktualnie tocz\u0105cym si\u0119 post\u0119powaniu w sprawie naruszenia praworz\u0105dno\u015bci z art. 7 TSUE). Nasz premier natomiast og\u0142osi\u0142, \u017ce na powi\u0105zanie funduszy z praworz\u0105dno\u015bci\u0105 Polska nie mo\u017ce si\u0119 zgodzi\u0107. Trudno tu nie zapyta\u0107 o pow\u00f3d tego sprzeciwu, bo przecie\u017c wed\u0142ug pask\u00f3w \u201eWiadomo\u015bci\u201d i ka\u017cdego polityka obozu rz\u0105dz\u0105cego \u201epraworz\u0105dno\u015b\u0107 w Polsce ma si\u0119 \u015bwietnie\u201d!<\/p>\n\n\n\n<p>Morawiecki, jakby przewiduj\u0105c to pytanie, w swoim o\u015bwiadczeniu zawar\u0142 od razu uzasadnienie: zwi\u0105zek taki by\u0142by narz\u0119dziem \u201ew r\u0119kach silniejszych pa\u0144stw, kt\u00f3re mog\u0105 w ka\u017cdym momencie zacz\u0105\u0107 szanta\u017cowa\u0107 inne pa\u0144stwa\u201d. Zastan\u00f3wmy si\u0119: \u201esilniejsze pa\u0144stwa\u201d, zapewne Niemcy, Wielka Brytania i Francja, czyli trzech najwi\u0119kszych p\u0142atnik\u00f3w netto w Unii, po szesnastu latach dawania nam swoich pieni\u0119dzy \u2013 i tu\u017c po tym, gdy zdecydowa\u0142y si\u0119 przekaza\u0107 nam kolejne \u2013 ma nagle zacz\u0105\u0107 nas szanta\u017cowa\u0107? Skoro te pa\u0144stwa s\u0105 tak sk\u0105pe, czemu w og\u00f3le chc\u0105 nam te fundusze dawa\u0107? I czemu dawa\u0142y je nam do tej pory? Czy\u017cby a\u017c tak\u0105 rado\u015b\u0107 czerpa\u0142y z naszego cz\u0142onkostwa w za\u0142o\u017conym przez siebie klubie, \u017ce pragn\u0105 nas zatrzyma\u0107 za wszelk\u0105 cen\u0119? Nie, panie Morawiecki. Im po prostu ko\u0144czy si\u0119 do nas cierpliwo\u015b\u0107. Nie musz\u0105 nas jednak szanta\u017cowa\u0107, bo wyst\u0119puj\u0105c z unijnego systemu prawnego przez nierespektowanie wyrok\u00f3w TSUE, ju\u017c jedn\u0105 nog\u0105 jeste\u015bmy poza Uni\u0105. Unia, kt\u00f3ra mimo to chce nas wspiera\u0107, powinna wi\u0119c by\u0107 dla pana jak prezes dla Andrzeja Dudy: cokolwiek panu podsunie, powinien pan podpisa\u0107 z u\u015bmiechem na ustach. Jeste\u015bmy wszak jak doros\u0142y syn, kt\u00f3ry \u017cyje na koszt rodzic\u00f3w, dostaje kieszonkowe, po czym robi awantur\u0119, kiedy rodzice prosz\u0105, \u017ceby dba\u0142 o porz\u0105dek w swoim pokoju (albo chocia\u017c nie oddawa\u0142 kieszonkowego koledze, instruktorowi narciarstwa \u2013 przepraszam, musia\u0142em).<\/p>\n\n\n\n<p>Napisz\u0119 na koniec co\u015b niepopularnego, czego nie powie \u017caden polityk, ale co pojawia si\u0119 ju\u017c u sfrustrowanych wyborczym wynikiem komentator\u00f3w: niech Unia zakr\u0119ci nam kurek chocia\u017c na troch\u0119. Niech wyborcy Dudy \u2013 w wi\u0119kszo\u015bci mieszka\u0144cy wsi \u2013 strac\u0105 dotacje z tej \u201ewyimaginowanej wsp\u00f3lnoty, niedaj\u0105cej \u017cadnych korzy\u015bci\u201d. Niech wr\u00f3c\u0105 granice i c\u0142a uniemo\u017cliwiaj\u0105ce im eksport produkt\u00f3w do naszego najwi\u0119kszego odbiorcy, czyli Niemiec, kt\u00f3re w ubieg\u0142ym roku zap\u0142aci\u0142y nam za towary 65 miliard\u00f3w euro. Ciekawe, czy wobec pustki w portfelu unijna wsp\u00f3lnota b\u0119dzie nadal wyimaginowana i zdolna co najwy\u017cej do szanta\u017cowania nas za brak praworz\u0105dno\u015bci, kt\u00f3ra przecie\u017c ma si\u0119 u nas tak \u015bwietnie.<\/p>\n\n\n\n<hr class=\"wp-block-separator\"\/>\n\n\n\n<p><em>Felieton jest wyrazem opinii autora. Nie prezentuje stanowiska ZR Ma\u0142opolskie KOD.<\/em><\/p>\n","protected":false},"excerpt":{"rendered":"<p>20.07.2020 Od pi\u0105tku w Radzie Unii Europejskiej w Brukseli odbywa si\u0119 szczyt UE. Nie jest to szczyt byle jaki, bo [&#8230;]<\/p>\n","protected":false},"author":24,"featured_media":18883,"comment_status":"closed","ping_status":"open","sticky":false,"template":"","format":"standard","meta":{"_EventAllDay":false,"_EventTimezone":"","_EventStartDate":"","_EventEndDate":"","_EventStartDateUTC":"","_EventEndDateUTC":"","_EventShowMap":false,"_EventShowMapLink":false,"_EventURL":"","_EventCost":"","_EventCostDescription":"","_EventCurrencySymbol":"","_EventCurrencyCode":"","_EventCurrencyPosition":"","_EventDateTimeSeparator":"","_EventTimeRangeSeparator":"","_EventOrganizerID":[],"_EventVenueID":[],"_OrganizerEmail":"","_OrganizerPhone":"","_OrganizerWebsite":"","_VenueAddress":"","_VenueCity":"","_VenueCountry":"","_VenueProvince":"","_VenueState":"","_VenueZip":"","_VenuePhone":"","_VenueURL":"","_VenueStateProvince":"","_VenueLat":"","_VenueLng":"","_VenueShowMap":false,"_VenueShowMapLink":false,"footnotes":""},"categories":[596],"tags":[],"class_list":["post-17848","post","type-post","status-publish","format-standard","has-post-thumbnail","hentry","category-felietony","felietony"],"_links":{"self":[{"href":"https:\/\/kodmalopolska.pl\/index.php?rest_route=\/wp\/v2\/posts\/17848","targetHints":{"allow":["GET"]}}],"collection":[{"href":"https:\/\/kodmalopolska.pl\/index.php?rest_route=\/wp\/v2\/posts"}],"about":[{"href":"https:\/\/kodmalopolska.pl\/index.php?rest_route=\/wp\/v2\/types\/post"}],"author":[{"embeddable":true,"href":"https:\/\/kodmalopolska.pl\/index.php?rest_route=\/wp\/v2\/users\/24"}],"replies":[{"embeddable":true,"href":"https:\/\/kodmalopolska.pl\/index.php?rest_route=%2Fwp%2Fv2%2Fcomments&post=17848"}],"version-history":[{"count":0,"href":"https:\/\/kodmalopolska.pl\/index.php?rest_route=\/wp\/v2\/posts\/17848\/revisions"}],"wp:featuredmedia":[{"embeddable":true,"href":"https:\/\/kodmalopolska.pl\/index.php?rest_route=\/wp\/v2\/media\/18883"}],"wp:attachment":[{"href":"https:\/\/kodmalopolska.pl\/index.php?rest_route=%2Fwp%2Fv2%2Fmedia&parent=17848"}],"wp:term":[{"taxonomy":"category","embeddable":true,"href":"https:\/\/kodmalopolska.pl\/index.php?rest_route=%2Fwp%2Fv2%2Fcategories&post=17848"},{"taxonomy":"post_tag","embeddable":true,"href":"https:\/\/kodmalopolska.pl\/index.php?rest_route=%2Fwp%2Fv2%2Ftags&post=17848"}],"curies":[{"name":"wp","href":"https:\/\/api.w.org\/{rel}","templated":true}]}}