{"id":17818,"date":"2020-07-18T14:24:20","date_gmt":"2020-07-18T12:24:20","guid":{"rendered":"https:\/\/kodmalopolska.pl\/?p=17818"},"modified":"2020-07-18T14:24:22","modified_gmt":"2020-07-18T12:24:22","slug":"po-wyborach-felieton-fryderyka-zolla-195","status":"publish","type":"post","link":"https:\/\/kodmalopolska.pl\/?p=17818","title":{"rendered":"Po wyborach. Felieton Fryderyka Zolla (195)"},"content":{"rendered":"\n<p>17.07.2020<\/p>\n\n\n\n<p class=\"has-drop-cap\">Opozycja zaczyna wraca\u0107 do swojego rytmu dzia\u0142ania, utrwalaj\u0105cego stan pa\u0144stwa. Ci si\u0119 k\u0142\u00f3c\u0105, tamci si\u0119 obra\u017caj\u0105, inni odchodz\u0105, jeszcze inni szukaj\u0105 koz\u0142\u00f3w ofiarnych lub pr\u00f3buj\u0105 negowa\u0107 w\u0142asne, do\u015b\u0107 oczywiste, b\u0142\u0119dy. Mo\u017cna by patrze\u0107 na to z dystansu. Nast\u0119pne wybory dopiero za trzy lata, wszystko mo\u017ce ulec przetasowaniu. A jednak dotychczasowa metoda, typowa dla Polak\u00f3w, polegaj\u0105ca na panicznej mobilizacji w ostatnim momencie, to jedna z prawdziwych przyczyn przegranej. Teraz jest czas na budowanie struktur, czas na tworzenie tkanki obywatelskiej \u2013 wsz\u0119dzie, z poszanowaniem wewn\u0119trznych procedur demokratycznych, bez ok\u0142adania si\u0119 cepami. Tylko w ten spos\u00f3b b\u0119dziemy w stanie realnie si\u0119 przygotowa\u0107. Trzeba opracowywa\u0107 program naprawy Rzeczypospolitej: propagowa\u0107 ide\u0119 pog\u0142\u0119biania samorz\u0105dno\u015bci, decentralizacji pa\u0144stwa i dekoncentracji, a zatem rozmieszczania centralnych instytucji pa\u0144stwowych w ca\u0142ym kraju, bo to umo\u017cliwia r\u00f3wnomierny rozw\u00f3j pa\u0144stwa i szybsz\u0105 cyrkulacj\u0119 pogl\u0105d\u00f3w, zwi\u0119kszaj\u0105c wewn\u0119trzn\u0105 mobilno\u015b\u0107 spo\u0142ecze\u0144stwa. Programy takie powstaj\u0105 na przyk\u0142ad w ramach Inkubatora Umowy Spo\u0142ecznej. To wok\u00f3\u0142 tych temat\u00f3w, a nie wok\u00f3\u0142 ja\u0142owo emocjonalnych kwestii obyczajowych trzeba ogniskowa\u0107 dyskusj\u0119. Wiadomo, \u017ce i tu nie zabraknie emocji, bo PiS dla obrony centralizmu, czyli w\u0142adzy Nowogrodzkiej, si\u0119gnie po sw\u00f3j sta\u0142y arsena\u0142 oskar\u017ce\u0144 o rozbiory, ch\u0119\u0107 oderwania czego\u015b od czego\u015b i tym podobne, cho\u0107 w istocie chodzi mu tylko o niepodzieln\u0105 w\u0142adz\u0119 bez udzia\u0142u spo\u0142ecze\u0144stwa. Trzy lata to r\u00f3wnie\u017c czas na przygotowanie reformy s\u0105d\u00f3w \u2013 takiej prawdziwej, spod znaku efektywno\u015bci i pa\u0144stwa prawa. Senat ma tutaj ogromn\u0105 rol\u0119 do odegrania jako najwa\u017cniejsza instytucja demokratycznej Rzeczypospolitej. Trzeba wyst\u0119powa\u0107 z inicjatywami, kt\u00f3re dla obozu Zjednoczonej Prawicy s\u0105 niewygodne i wywo\u0142uj\u0105 w nim rozd\u017awi\u0119k. Trzeba zacz\u0105\u0107 uprawia\u0107 realn\u0105 polityk\u0119, a nie histeri\u0119. Nie roztrwo\u0144my wyniku Rafa\u0142a Trzaskowskiego, bo PiS zniszczy nam pa\u0144stwo do korzenia. Te trzy lata s\u0105 szans\u0105 na jako\u015bciow\u0105 zmian\u0119 opozycji. Nie wolno nam jej zmarnowa\u0107.<\/p>\n\n\n\n<hr class=\"wp-block-separator\"\/>\n\n\n\n<p><em>Felieton jest wyrazem opinii autora. Nie prezentuje stanowiska ZR Ma\u0142opolskie KOD.<\/em><\/p>\n","protected":false},"excerpt":{"rendered":"<p>17.07.2020 Opozycja zaczyna wraca\u0107 do swojego rytmu dzia\u0142ania, utrwalaj\u0105cego stan pa\u0144stwa. Ci si\u0119 k\u0142\u00f3c\u0105, tamci si\u0119 obra\u017caj\u0105, inni odchodz\u0105, jeszcze [&#8230;]<\/p>\n","protected":false},"author":24,"featured_media":12411,"comment_status":"closed","ping_status":"open","sticky":false,"template":"","format":"standard","meta":{"_EventAllDay":false,"_EventTimezone":"","_EventStartDate":"","_EventEndDate":"","_EventStartDateUTC":"","_EventEndDateUTC":"","_EventShowMap":false,"_EventShowMapLink":false,"_EventURL":"","_EventCost":"","_EventCostDescription":"","_EventCurrencySymbol":"","_EventCurrencyCode":"","_EventCurrencyPosition":"","_EventDateTimeSeparator":"","_EventTimeRangeSeparator":"","_EventOrganizerID":[],"_EventVenueID":[],"_OrganizerEmail":"","_OrganizerPhone":"","_OrganizerWebsite":"","_VenueAddress":"","_VenueCity":"","_VenueCountry":"","_VenueProvince":"","_VenueState":"","_VenueZip":"","_VenuePhone":"","_VenueURL":"","_VenueStateProvince":"","_VenueLat":"","_VenueLng":"","_VenueShowMap":false,"_VenueShowMapLink":false,"footnotes":""},"categories":[596],"tags":[],"class_list":["post-17818","post","type-post","status-publish","format-standard","has-post-thumbnail","hentry","category-felietony","felietony"],"_links":{"self":[{"href":"https:\/\/kodmalopolska.pl\/index.php?rest_route=\/wp\/v2\/posts\/17818","targetHints":{"allow":["GET"]}}],"collection":[{"href":"https:\/\/kodmalopolska.pl\/index.php?rest_route=\/wp\/v2\/posts"}],"about":[{"href":"https:\/\/kodmalopolska.pl\/index.php?rest_route=\/wp\/v2\/types\/post"}],"author":[{"embeddable":true,"href":"https:\/\/kodmalopolska.pl\/index.php?rest_route=\/wp\/v2\/users\/24"}],"replies":[{"embeddable":true,"href":"https:\/\/kodmalopolska.pl\/index.php?rest_route=%2Fwp%2Fv2%2Fcomments&post=17818"}],"version-history":[{"count":0,"href":"https:\/\/kodmalopolska.pl\/index.php?rest_route=\/wp\/v2\/posts\/17818\/revisions"}],"wp:featuredmedia":[{"embeddable":true,"href":"https:\/\/kodmalopolska.pl\/index.php?rest_route=\/wp\/v2\/media\/12411"}],"wp:attachment":[{"href":"https:\/\/kodmalopolska.pl\/index.php?rest_route=%2Fwp%2Fv2%2Fmedia&parent=17818"}],"wp:term":[{"taxonomy":"category","embeddable":true,"href":"https:\/\/kodmalopolska.pl\/index.php?rest_route=%2Fwp%2Fv2%2Fcategories&post=17818"},{"taxonomy":"post_tag","embeddable":true,"href":"https:\/\/kodmalopolska.pl\/index.php?rest_route=%2Fwp%2Fv2%2Ftags&post=17818"}],"curies":[{"name":"wp","href":"https:\/\/api.w.org\/{rel}","templated":true}]}}