{"id":17713,"date":"2020-07-06T19:28:45","date_gmt":"2020-07-06T17:28:45","guid":{"rendered":"https:\/\/kodmalopolska.pl\/?p=17713"},"modified":"2020-07-06T19:28:49","modified_gmt":"2020-07-06T17:28:49","slug":"zmiana-konstytucji-i-przypowiesc-o-jasiu-felieton-fryderyka-zolla-189","status":"publish","type":"post","link":"https:\/\/kodmalopolska.pl\/?p=17713","title":{"rendered":"Zmiana Konstytucji i przypowie\u015b\u0107 o Jasiu. Felieton Fryderyka Zolla (189)"},"content":{"rendered":"\n<p>6.07.2020<\/p>\n\n\n\n<p class=\"has-drop-cap\">Wyobra\u017amy sobie, \u017ce wujek ma\u0142ego Jasia jest gejem i ma partnera. Jest szanowanymi obywatelem o  istotnych zas\u0142ugach. Wywi\u0105zuje si\u0119 wzorowo ze wszystkich obowi\u0105zk\u00f3w. Tak si\u0119 nieszcz\u0119\u015bliwie sk\u0142ada, \u017ce rodzice Jasia ulegaj\u0105 \u015bmiertelnemu wypadkowi i Ja\u015b zostaje sam. Dzi\u015b wujek m\u00f3g\u0142by go przysposobi\u0107. Gdyby proponowane przez Dud\u0119 zmiany w Konstytucji wesz\u0142y w \u017cycie, takie przysposobienie nie by\u0142oby ju\u017c mo\u017cliwe. Duda w swojej zaciek\u0142o\u015bci oraz nadziei, \u017ce popr\u0105 go wyborcy, kt\u00f3rych pogl\u0105dy uda\u0142o si\u0119 ukszta\u0142towa\u0107 homofobiczn\u0105 propagand\u0105 i szczuciem, postanawia po\u015bwi\u0119ci\u0107 Jasia. Na to po\u015bwi\u0119cenie jest przecie\u017c gotowy. Jego projekt ods\u0142ania ca\u0142\u0105 pod\u0142o\u015b\u0107 obecnego re\u017cimu. Niechaj ka\u017cdy odpowie sobie sam, co jest etyczne: mo\u017cliwo\u015b\u0107 przysposobienia Jasia przez jego jedynego krewnego czy tu\u0142aczka ch\u0142opca po rodzinach zast\u0119pczych. Polski porz\u0105dek prawny, kt\u00f3ry Duda ignoruje, wychodzi z bezwzgl\u0119dnej zasady dobra dziecka. Tej zasadzie Duda wypowiedzia\u0142 wojn\u0119 w imi\u0119 uroje\u0144. Duda chce Polski, kt\u00f3ra broni u\u0142udy kosztem najs\u0142abszych. W niedziel\u0119 mo\u017cemy temu jeszcze zapobiec.<\/p>\n\n\n\n<hr class=\"wp-block-separator\"\/>\n\n\n\n<p><em>Felieton jest wyrazem opinii autora. Nie prezentuje stanowiska ZR Ma\u0142opolskie KOD.<\/em><\/p>\n","protected":false},"excerpt":{"rendered":"<p>6.07.2020 Wyobra\u017amy sobie, \u017ce wujek ma\u0142ego Jasia jest gejem i ma partnera. Jest szanowanymi obywatelem o istotnych zas\u0142ugach. Wywi\u0105zuje si\u0119 [&#8230;]<\/p>\n","protected":false},"author":24,"featured_media":12411,"comment_status":"closed","ping_status":"open","sticky":false,"template":"","format":"standard","meta":{"_EventAllDay":false,"_EventTimezone":"","_EventStartDate":"","_EventEndDate":"","_EventStartDateUTC":"","_EventEndDateUTC":"","_EventShowMap":false,"_EventShowMapLink":false,"_EventURL":"","_EventCost":"","_EventCostDescription":"","_EventCurrencySymbol":"","_EventCurrencyCode":"","_EventCurrencyPosition":"","_EventDateTimeSeparator":"","_EventTimeRangeSeparator":"","_EventOrganizerID":[],"_EventVenueID":[],"_OrganizerEmail":"","_OrganizerPhone":"","_OrganizerWebsite":"","_VenueAddress":"","_VenueCity":"","_VenueCountry":"","_VenueProvince":"","_VenueState":"","_VenueZip":"","_VenuePhone":"","_VenueURL":"","_VenueStateProvince":"","_VenueLat":"","_VenueLng":"","_VenueShowMap":false,"_VenueShowMapLink":false,"footnotes":""},"categories":[596],"tags":[],"class_list":["post-17713","post","type-post","status-publish","format-standard","has-post-thumbnail","hentry","category-felietony","felietony"],"_links":{"self":[{"href":"https:\/\/kodmalopolska.pl\/index.php?rest_route=\/wp\/v2\/posts\/17713","targetHints":{"allow":["GET"]}}],"collection":[{"href":"https:\/\/kodmalopolska.pl\/index.php?rest_route=\/wp\/v2\/posts"}],"about":[{"href":"https:\/\/kodmalopolska.pl\/index.php?rest_route=\/wp\/v2\/types\/post"}],"author":[{"embeddable":true,"href":"https:\/\/kodmalopolska.pl\/index.php?rest_route=\/wp\/v2\/users\/24"}],"replies":[{"embeddable":true,"href":"https:\/\/kodmalopolska.pl\/index.php?rest_route=%2Fwp%2Fv2%2Fcomments&post=17713"}],"version-history":[{"count":0,"href":"https:\/\/kodmalopolska.pl\/index.php?rest_route=\/wp\/v2\/posts\/17713\/revisions"}],"wp:featuredmedia":[{"embeddable":true,"href":"https:\/\/kodmalopolska.pl\/index.php?rest_route=\/wp\/v2\/media\/12411"}],"wp:attachment":[{"href":"https:\/\/kodmalopolska.pl\/index.php?rest_route=%2Fwp%2Fv2%2Fmedia&parent=17713"}],"wp:term":[{"taxonomy":"category","embeddable":true,"href":"https:\/\/kodmalopolska.pl\/index.php?rest_route=%2Fwp%2Fv2%2Fcategories&post=17713"},{"taxonomy":"post_tag","embeddable":true,"href":"https:\/\/kodmalopolska.pl\/index.php?rest_route=%2Fwp%2Fv2%2Ftags&post=17713"}],"curies":[{"name":"wp","href":"https:\/\/api.w.org\/{rel}","templated":true}]}}