{"id":17627,"date":"2020-06-30T11:44:36","date_gmt":"2020-06-30T09:44:36","guid":{"rendered":"https:\/\/kodmalopolska.pl\/?p=17627"},"modified":"2020-06-30T11:44:42","modified_gmt":"2020-06-30T09:44:42","slug":"dyskusja-programowa-felieton-fryderyka-zolla-184","status":"publish","type":"post","link":"https:\/\/kodmalopolska.pl\/?p=17627","title":{"rendered":"Dyskusja programowa. Felieton Fryderyka Zolla (184)"},"content":{"rendered":"\n<p>30.06.2020<\/p>\n\n\n\n<p class=\"has-drop-cap\">U niekt\u00f3rych wyborc\u00f3w opozycji od dawna wyczuwa si\u0119 frustracj\u0119. Dokonuj\u0105c wyboru, chcieliby nie my\u015ble\u0107 o funkcjonowaniu pa\u0144stwa na poziomie podstawowych procedur, ale kierowa\u0107 si\u0119 swoj\u0105 opini\u0105 o konkretnych sprawach: rozwi\u0105zaniach gospodarczych, stopniu ingerencji pa\u0144stwa w \u017cycie obywateli, decentralizacji lub wi\u0119kszej centralizacji, \u015bwiatopogl\u0105dzie, rozmaicie rozumianych prawach podstawowych i ich ochronie itd. Problem polega na tym, \u017ce dopu\u015bcili\u015bmy w Polsce do powstania organizacji antydemokratycznej, podwa\u017caj\u0105cej miejsce Polski w Europie i d\u0105\u017c\u0105cej do upodobnienia pa\u0144stwa do tortu, kt\u00f3rym dziel\u0105 si\u0119 w r\u00f3\u017cnym stopniu cz\u0142onkowie Partii Wewn\u0119trznej i Zewn\u0119trznej b\u0119d\u0105cej obecnie u w\u0142adzy. Partia ta uzyskuje czterdziestoprocentowe poparcie, a im bardziej paso\u017cytuje na pa\u0144stwie, z tym wi\u0119kszym zaci\u0119ciem broni swojej pozycji. Pozosta\u0142e partie i ruchy, r\u00f3wnie\u017c te, kt\u00f3re dopiero si\u0119 tworz\u0105, mog\u0142yby wype\u0142ni\u0107 ca\u0142e spektrum postaw demokratycznych, tak \u017ce w zasadzie ka\u017cdy wyborca przy niezb\u0119dnej w demokracji zdolno\u015bci do kompromisu by\u0142by w stanie znale\u017a\u0107 swoj\u0105 reprezentacj\u0119. Sp\u00f3r z PiS\u2011em nie dotyczy wizji pa\u0144stwa, ale samego istnienia pa\u0144stwa jako wsp\u00f3lnoty prawa. Z ka\u017cdym PiS\u2011owskim zwyci\u0119stwem tak rozumiane pa\u0144stwo ulega redukcji \u2013 a\u017c do ca\u0142kowitego zniszczenia. Wobec tak pot\u0119\u017cnego niebezpiecze\u0144stwa demokraci powinni wsp\u00f3\u0142dzia\u0142a\u0107 mimo r\u00f3\u017cnic w pogl\u0105dach. Ci\u0105gle jednak wewn\u0105trz naszego ruchu demokratycznego od\u017cywaj\u0105 nadzieje, \u017ce uda si\u0119 podyskutowa\u0107 o zwyk\u0142ych kwestiach bez uregulowania tej kwestii podstawowej. Strategie s\u0105 rozmaite \u2013 raz bagatelizuje si\u0119 zagro\u017cenie dla pa\u0144stwowo\u015bci ze strony PiS\u2011u, raz pr\u00f3buje si\u0119 ustawi\u0107 cz\u0119\u015b\u0107 obozu demokratycznego i antydemokratycznego po jednej stronie (POPiS), aby samemu stan\u0105\u0107 na czele mikroskopijnej, ale jedynej autentycznej opozycji. Wszystkie te pomys\u0142y sko\u0144cz\u0105 si\u0119 katastrof\u0105 bez osi\u0105gni\u0119cia kt\u00f3regokolwiek z cel\u00f3w obozu demokratycznego. Bardzo jest wa\u017cne, by nie pr\u00f3bowa\u0107 budowa\u0107 czego\u015b na trupie polskiej demokracji. Demokracj\u0119 trzeba obroni\u0107 i dopiero wtedy zacz\u0105\u0107 reformowa\u0107 pa\u0144stwo. Chocia\u017c to nudnie brzmi, pa\u0144stwo to procedura. PiS chce Polsk\u0119 przekszta\u0142ci\u0107 w byt przedpa\u0144stwowy, kt\u00f3rego w\u0142a\u015bciciel udziela swoim podw\u0142adnym prawa do ob\u0142owienia si\u0119. W tym modelu nie ma miejsca na \u017cadn\u0105 reform\u0119. Nasza strategia musi polega\u0107 na przywr\u00f3ceniu proceduralnego charakteru pa\u0144stwa. Mo\u017ce si\u0119 to sta\u0107 pod warunkiem, \u017ce prezydentem zostanie kto\u015b spoza obozu w\u0142adzy. Dzi\u015b tak\u0105 osob\u0105 jest tylko Rafa\u0142 Trzaskowski. Dlatego nie ma teraz miejsca na spory i forsowanie w\u0142asnych pogl\u0105d\u00f3w dziel\u0105cych opozycj\u0119. Proceduralna demokracja jest zbudowana tak, \u017ce wszyscy maj\u0105 w niej udzia\u0142 i pogl\u0105dy mniejszo\u015bci te\u017c musz\u0105 by\u0107 uwzgl\u0119dniane przy kszta\u0142towaniu instytucji i polityki pa\u0144stwowej. PiS, nie licz\u0105c si\u0119 z ogromn\u0105 rzesz\u0105 obywateli, zniszczy\u0142o fundament demokracji. Bez fundamentu niczego si\u0119 nie zbuduje. Te dwa tygodnie to czas na pe\u0142n\u0105 mobilizacj\u0119 ca\u0142ego obozu \u2013 tych, kt\u00f3rzy chc\u0105 by\u0107 obywatelami pa\u0144stwa, a nie kmieciami pa\u0144szczy\u017anianymi prezesa. Nast\u0119pne wybory za trzy lata, o ile si\u0119 odb\u0119d\u0105. Nie b\u0119dzie czego zbiera\u0107, je\u015bli teraz przegramy.<\/p>\n\n\n\n<hr class=\"wp-block-separator\"\/>\n\n\n\n<p><em>Felieton jest wyrazem opinii autora. Nie prezentuje stanowiska ZR Ma\u0142opolskie KOD. <\/em><\/p>\n","protected":false},"excerpt":{"rendered":"<p>30.06.2020 U niekt\u00f3rych wyborc\u00f3w opozycji od dawna wyczuwa si\u0119 frustracj\u0119. Dokonuj\u0105c wyboru, chcieliby nie my\u015ble\u0107 o funkcjonowaniu pa\u0144stwa na poziomie [&#8230;]<\/p>\n","protected":false},"author":24,"featured_media":12411,"comment_status":"closed","ping_status":"open","sticky":false,"template":"","format":"standard","meta":{"_EventAllDay":false,"_EventTimezone":"","_EventStartDate":"","_EventEndDate":"","_EventStartDateUTC":"","_EventEndDateUTC":"","_EventShowMap":false,"_EventShowMapLink":false,"_EventURL":"","_EventCost":"","_EventCostDescription":"","_EventCurrencySymbol":"","_EventCurrencyCode":"","_EventCurrencyPosition":"","_EventDateTimeSeparator":"","_EventTimeRangeSeparator":"","_EventOrganizerID":[],"_EventVenueID":[],"_OrganizerEmail":"","_OrganizerPhone":"","_OrganizerWebsite":"","_VenueAddress":"","_VenueCity":"","_VenueCountry":"","_VenueProvince":"","_VenueState":"","_VenueZip":"","_VenuePhone":"","_VenueURL":"","_VenueStateProvince":"","_VenueLat":"","_VenueLng":"","_VenueShowMap":false,"_VenueShowMapLink":false,"footnotes":""},"categories":[596],"tags":[],"class_list":["post-17627","post","type-post","status-publish","format-standard","has-post-thumbnail","hentry","category-felietony","felietony"],"_links":{"self":[{"href":"https:\/\/kodmalopolska.pl\/index.php?rest_route=\/wp\/v2\/posts\/17627","targetHints":{"allow":["GET"]}}],"collection":[{"href":"https:\/\/kodmalopolska.pl\/index.php?rest_route=\/wp\/v2\/posts"}],"about":[{"href":"https:\/\/kodmalopolska.pl\/index.php?rest_route=\/wp\/v2\/types\/post"}],"author":[{"embeddable":true,"href":"https:\/\/kodmalopolska.pl\/index.php?rest_route=\/wp\/v2\/users\/24"}],"replies":[{"embeddable":true,"href":"https:\/\/kodmalopolska.pl\/index.php?rest_route=%2Fwp%2Fv2%2Fcomments&post=17627"}],"version-history":[{"count":0,"href":"https:\/\/kodmalopolska.pl\/index.php?rest_route=\/wp\/v2\/posts\/17627\/revisions"}],"wp:featuredmedia":[{"embeddable":true,"href":"https:\/\/kodmalopolska.pl\/index.php?rest_route=\/wp\/v2\/media\/12411"}],"wp:attachment":[{"href":"https:\/\/kodmalopolska.pl\/index.php?rest_route=%2Fwp%2Fv2%2Fmedia&parent=17627"}],"wp:term":[{"taxonomy":"category","embeddable":true,"href":"https:\/\/kodmalopolska.pl\/index.php?rest_route=%2Fwp%2Fv2%2Fcategories&post=17627"},{"taxonomy":"post_tag","embeddable":true,"href":"https:\/\/kodmalopolska.pl\/index.php?rest_route=%2Fwp%2Fv2%2Ftags&post=17627"}],"curies":[{"name":"wp","href":"https:\/\/api.w.org\/{rel}","templated":true}]}}