{"id":17617,"date":"2020-06-28T22:14:31","date_gmt":"2020-06-28T20:14:31","guid":{"rendered":"https:\/\/kodmalopolska.pl\/?p=17617"},"modified":"2020-06-28T22:14:34","modified_gmt":"2020-06-28T20:14:34","slug":"remis-felieton-fryderyka-zolla-183","status":"publish","type":"post","link":"https:\/\/kodmalopolska.pl\/?p=17617","title":{"rendered":"Remis. Felieton Fryderyka Zolla (183)"},"content":{"rendered":"\n<p>28.06.2020<\/p>\n\n\n\n<p>Mi\u0119dzy si\u0142ami niedemokracji i demokracji jest remis. Zwyci\u0119stwo zale\u017cy od nas wszystkich, ludzi opozycji. Polsk\u0119 praworz\u0105dn\u0105, woln\u0105 i demokratyczn\u0105 reprezentuje teraz Rafa\u0142 Trzaskowski. Andrzej Duda, cz\u0142owiek bez autonomii, reprezentuje prezesowsk\u0105 wizj\u0119 autorytarnego, niedemokratycznego pa\u0144stwa. Wizj\u0119 t\u0119 z r\u00f3\u017cnych powod\u00f3w \u2013 \u017ale pojmowanego konserwatyzmu, neopeerelowskiego sentymentu, przera\u017cenia wsp\u00f3\u0142czesno\u015bci\u0105 \u2013 popiera wielu ludzi. Trzeba ich l\u0119k zrozumie\u0107 i rozbroi\u0107. Przed nami szalone dwa tygodnie. Zwyci\u0119stwo Trzaskowskiego to wej\u015bcie na drog\u0119 do przywr\u00f3cenia funkcjonowania pa\u0144stwa, w kt\u00f3rym zaczn\u0105 si\u0119 r\u00f3wnowa\u017cy\u0107 si\u0142y demokratyczne i antydemokratyczne. Konieczno\u015b\u0107 liczenia si\u0119 z prezydenckim wetem wymusi d\u0105\u017cenie do porozumienia. Brutalne \u0142amanie procedur trzeba b\u0119dzie zast\u0105pi\u0107 negocjacjami i przestrzeganiem Konstytucji. Gdy zwyci\u0119\u017cy Trzaskowski, ka\u017cdy b\u0119dzie m\u00f3g\u0142 poczu\u0107 si\u0119 u siebie. Lud pisowski b\u0119dzie mia\u0142 sw\u00f3j rz\u0105d i Sejm, a Polska obywatelska \u2013 Senat i Prezydenta. PiS b\u0119dzie nadal kontrolowa\u0142o Trybuna\u0142 Konstytucyjny i destrukcja s\u0105d\u00f3w tylko przyhamuje, ale pojawi si\u0119 szansa na stopniow\u0105 zmian\u0119. Powstanie klimat sprzyjaj\u0105cy okr\u0105g\u0142emu sto\u0142owi i odbudowie podstaw pa\u0144stwowo\u015bci. Zwyci\u0119stwo Dudy natomiast to coraz wi\u0119kszy konflikt, ca\u0142kowite zniesienie demokracji, prze\u015bladowanie wolnego s\u0142owa. Dlatego wyborcy obozu demokratycznego musz\u0105 sobie u\u015bwiadomi\u0107, \u017ce od tego, czy b\u0119dziemy razem, zale\u017cy przysz\u0142o\u015b\u0107 Polski. Te dwa tygodnie mog\u0105 oznacza\u0107 prze\u0142om albo jedynie poprzedza\u0107 definitywny zgrzyt wi\u0119ziennego zamka. Nic nie jest przes\u0105dzone. Wynik zale\u017cy od ka\u017cdego z nas.<\/p>\n\n\n\n<hr class=\"wp-block-separator\"\/>\n\n\n\n<p><em>Felieton jest wyrazem opinii autora. Nie prezentuje stanowiska ZR Ma\u0142opolskie KOD.<\/em><\/p>\n","protected":false},"excerpt":{"rendered":"<p>28.06.2020 Mi\u0119dzy si\u0142ami niedemokracji i demokracji jest remis. Zwyci\u0119stwo zale\u017cy od nas wszystkich, ludzi opozycji. Polsk\u0119 praworz\u0105dn\u0105, woln\u0105 i demokratyczn\u0105 [&#8230;]<\/p>\n","protected":false},"author":24,"featured_media":12411,"comment_status":"closed","ping_status":"open","sticky":false,"template":"","format":"standard","meta":{"_EventAllDay":false,"_EventTimezone":"","_EventStartDate":"","_EventEndDate":"","_EventStartDateUTC":"","_EventEndDateUTC":"","_EventShowMap":false,"_EventShowMapLink":false,"_EventURL":"","_EventCost":"","_EventCostDescription":"","_EventCurrencySymbol":"","_EventCurrencyCode":"","_EventCurrencyPosition":"","_EventDateTimeSeparator":"","_EventTimeRangeSeparator":"","_EventOrganizerID":[],"_EventVenueID":[],"_OrganizerEmail":"","_OrganizerPhone":"","_OrganizerWebsite":"","_VenueAddress":"","_VenueCity":"","_VenueCountry":"","_VenueProvince":"","_VenueState":"","_VenueZip":"","_VenuePhone":"","_VenueURL":"","_VenueStateProvince":"","_VenueLat":"","_VenueLng":"","_VenueShowMap":false,"_VenueShowMapLink":false,"footnotes":""},"categories":[596],"tags":[],"class_list":["post-17617","post","type-post","status-publish","format-standard","has-post-thumbnail","hentry","category-felietony","felietony"],"_links":{"self":[{"href":"https:\/\/kodmalopolska.pl\/index.php?rest_route=\/wp\/v2\/posts\/17617","targetHints":{"allow":["GET"]}}],"collection":[{"href":"https:\/\/kodmalopolska.pl\/index.php?rest_route=\/wp\/v2\/posts"}],"about":[{"href":"https:\/\/kodmalopolska.pl\/index.php?rest_route=\/wp\/v2\/types\/post"}],"author":[{"embeddable":true,"href":"https:\/\/kodmalopolska.pl\/index.php?rest_route=\/wp\/v2\/users\/24"}],"replies":[{"embeddable":true,"href":"https:\/\/kodmalopolska.pl\/index.php?rest_route=%2Fwp%2Fv2%2Fcomments&post=17617"}],"version-history":[{"count":0,"href":"https:\/\/kodmalopolska.pl\/index.php?rest_route=\/wp\/v2\/posts\/17617\/revisions"}],"wp:featuredmedia":[{"embeddable":true,"href":"https:\/\/kodmalopolska.pl\/index.php?rest_route=\/wp\/v2\/media\/12411"}],"wp:attachment":[{"href":"https:\/\/kodmalopolska.pl\/index.php?rest_route=%2Fwp%2Fv2%2Fmedia&parent=17617"}],"wp:term":[{"taxonomy":"category","embeddable":true,"href":"https:\/\/kodmalopolska.pl\/index.php?rest_route=%2Fwp%2Fv2%2Fcategories&post=17617"},{"taxonomy":"post_tag","embeddable":true,"href":"https:\/\/kodmalopolska.pl\/index.php?rest_route=%2Fwp%2Fv2%2Ftags&post=17617"}],"curies":[{"name":"wp","href":"https:\/\/api.w.org\/{rel}","templated":true}]}}