{"id":17568,"date":"2020-06-24T18:19:34","date_gmt":"2020-06-24T16:19:34","guid":{"rendered":"https:\/\/kodmalopolska.pl\/?p=17568"},"modified":"2020-06-24T19:03:04","modified_gmt":"2020-06-24T17:03:04","slug":"o-co-chodzi-spotkanie-z-sedzia-igorem-tuleya-transmisja-na-zywo-godz-19","status":"publish","type":"post","link":"https:\/\/kodmalopolska.pl\/?p=17568","title":{"rendered":"O co chodzi? Spotkanie z s\u0119dzi\u0105 Igorem Tuley\u0105 [TRANSMISJA NA \u017bYWO godz. 19]"},"content":{"rendered":"\n<p>Zapraszamy na transmisj\u0119 o godz. 19<\/p>\n\n\n\n<figure class=\"wp-block-embed-facebook wp-block-embed is-type-video is-provider-facebook\"><div class=\"wp-block-embed__wrapper\">\n<div id=\"fb-root\"><\/div><script async=\"1\" defer=\"1\" crossorigin=\"anonymous\" src=\"https:\/\/connect.facebook.net\/pl_PL\/sdk.js#xfbml=1&amp;version=v7.0\" nonce=\"86MZikQY\"><\/script><div class=\"fb-video\" data-href=\"https:\/\/www.facebook.com\/KomitetObronyDemokracji\/videos\/923798564789769\/\" data-width=\"1180\"><blockquote cite=\"https:\/\/www.facebook.com\/KomitetObronyDemokracji\/videos\/923798564789769\/\" class=\"fb-xfbml-parse-ignore\"><a href=\"https:\/\/www.facebook.com\/KomitetObronyDemokracji\/videos\/923798564789769\/\">Spotkanie z s\u0119dzi\u0105 Igorem Tuley\u0105<\/a><p>W \u015brod\u0119 24 czerwca o 19 go\u015bciem KOD-u b\u0119dzie s\u0119dzia Igor Tuleya, kt\u00f3ry od kilku lat udowadnia, \u017ce w\u0142adza s\u0105downicza w Polsce mo\u017ce (i musi) by\u0107 ca\u0142kowicie niezale\u017cna od wykonawczej. B\u0119dziemy rozmawia\u0107 o stanie polskiego wymiaru sprawiedliwo\u015bci, o tym, jak polityka wkroczy\u0142a do s\u0105d\u00f3w, jak zmieni\u0142a si\u0119 sytuacja s\u0119dzi\u00f3w w ostatnich latach i o wielu innych kwestiach. Wa\u017cn\u0105 cz\u0119\u015bci\u0105 spotkania b\u0119dzie dyskusja z publiczno\u015bci\u0105 &#8211; prosimy o zg\u0142aszanie pyta\u0144 w komentarzach na stronie wydarzenia lub pod filmem z transmisj\u0105, kiedy si\u0119 pojawi.<\/p>Opublikowany przez <a href=\"https:\/\/www.facebook.com\/KomitetObronyDemokracji\/\">Komitet Obrony Demokracji<\/a> \u015aroda, 24 czerwca 2020<\/blockquote><\/div>\n<\/div><\/figure>\n","protected":false},"excerpt":{"rendered":"<p>Zapraszamy na transmisj\u0119 o godz. 19<\/p>\n","protected":false},"author":24,"featured_media":17508,"comment_status":"closed","ping_status":"open","sticky":false,"template":"","format":"standard","meta":{"_EventAllDay":false,"_EventTimezone":"","_EventStartDate":"","_EventEndDate":"","_EventStartDateUTC":"","_EventEndDateUTC":"","_EventShowMap":false,"_EventShowMapLink":false,"_EventURL":"","_EventCost":"","_EventCostDescription":"","_EventCurrencySymbol":"","_EventCurrencyCode":"","_EventCurrencyPosition":"","_EventDateTimeSeparator":"","_EventTimeRangeSeparator":"","_EventOrganizerID":[],"_EventVenueID":[],"_OrganizerEmail":"","_OrganizerPhone":"","_OrganizerWebsite":"","_VenueAddress":"","_VenueCity":"","_VenueCountry":"","_VenueProvince":"","_VenueState":"","_VenueZip":"","_VenuePhone":"","_VenueURL":"","_VenueStateProvince":"","_VenueLat":"","_VenueLng":"","_VenueShowMap":false,"_VenueShowMapLink":false,"footnotes":""},"categories":[28],"tags":[],"class_list":["post-17568","post","type-post","status-publish","format-standard","has-post-thumbnail","hentry","category-malopolskie-news","malopolskie-news"],"_links":{"self":[{"href":"https:\/\/kodmalopolska.pl\/index.php?rest_route=\/wp\/v2\/posts\/17568","targetHints":{"allow":["GET"]}}],"collection":[{"href":"https:\/\/kodmalopolska.pl\/index.php?rest_route=\/wp\/v2\/posts"}],"about":[{"href":"https:\/\/kodmalopolska.pl\/index.php?rest_route=\/wp\/v2\/types\/post"}],"author":[{"embeddable":true,"href":"https:\/\/kodmalopolska.pl\/index.php?rest_route=\/wp\/v2\/users\/24"}],"replies":[{"embeddable":true,"href":"https:\/\/kodmalopolska.pl\/index.php?rest_route=%2Fwp%2Fv2%2Fcomments&post=17568"}],"version-history":[{"count":0,"href":"https:\/\/kodmalopolska.pl\/index.php?rest_route=\/wp\/v2\/posts\/17568\/revisions"}],"wp:featuredmedia":[{"embeddable":true,"href":"https:\/\/kodmalopolska.pl\/index.php?rest_route=\/wp\/v2\/media\/17508"}],"wp:attachment":[{"href":"https:\/\/kodmalopolska.pl\/index.php?rest_route=%2Fwp%2Fv2%2Fmedia&parent=17568"}],"wp:term":[{"taxonomy":"category","embeddable":true,"href":"https:\/\/kodmalopolska.pl\/index.php?rest_route=%2Fwp%2Fv2%2Fcategories&post=17568"},{"taxonomy":"post_tag","embeddable":true,"href":"https:\/\/kodmalopolska.pl\/index.php?rest_route=%2Fwp%2Fv2%2Ftags&post=17568"}],"curies":[{"name":"wp","href":"https:\/\/api.w.org\/{rel}","templated":true}]}}