{"id":17459,"date":"2020-06-20T18:25:52","date_gmt":"2020-06-20T16:25:52","guid":{"rendered":"https:\/\/kodmalopolska.pl\/?p=17459"},"modified":"2020-06-20T18:25:55","modified_gmt":"2020-06-20T16:25:55","slug":"demokracja-wspolna-sprawa-felieton-fryderyka-zolla-179","status":"publish","type":"post","link":"https:\/\/kodmalopolska.pl\/?p=17459","title":{"rendered":"Demokracja \u2013 wsp\u00f3lna sprawa. Felieton Fryderyka Zolla (179)"},"content":{"rendered":"\n<p>20.06.2020<\/p>\n\n\n\n<p class=\"has-drop-cap\">Wybory w Polsce wchodz\u0105 w rozstrzygaj\u0105c\u0105 faz\u0119. Jeste\u015bmy bardzo blisko cudu. Dla jednych mo\u017ce to by\u0107 znak Bo\u017cej opieki, dla innych wynik ogromnej pracy ludzi, kt\u00f3rzy maj\u0105 do\u015b\u0107 niszczenia polskiej demokracji. Jest szansa na to, by urz\u0105d symbolizuj\u0105cy Rzeczpospolit\u0105 by\u0142 sprawowany przez osob\u0119 autonomiczn\u0105, kieruj\u0105c\u0105 si\u0119 w\u0142asnym sumieniem oraz interesem Rzeczypospolitej i jej obywateli. Racj\u0119 maj\u0105 ci, kt\u00f3rzy uwa\u017caj\u0105 obecne podzia\u0142y w Polsce za konflikt cywilizacyjny. Po jednej stronie stoj\u0105 kandydaci, kt\u00f3rzy mogliby wype\u0142ni\u0107 ca\u0142e spektrum demokratycznego pa\u0144stwa od prawa do lewa, a po drugiej si\u0142a, kt\u00f3ra chce zdegradowa\u0107 Polsk\u0119, pozbawiaj\u0105c j\u0105 historycznych osi\u0105gni\u0119\u0107 wsp\u00f3lnoty obywateli. Marzy mi si\u0119, by w drugiej turze nie by\u0142o Andrzeja Dudy. Zyskaliby\u015bmy wtedy wspania\u0142\u0105 okazj\u0119 do debaty o Polsce, o tym, jak najlepiej j\u0105 urz\u0105dzi\u0107. Gdyby\u015bmy jednak mieli drug\u0105 tur\u0119 bez Andrzeja Dudy, byliby\u015bmy w pe\u0142ni dojrza\u0142ym spo\u0142ecze\u0144stwem Zachodu, a niestety nic na tak\u0105 dojrza\u0142o\u015b\u0107 nie wskazuje. W drugiej turze b\u0119dziemy wi\u0119c wybiera\u0107 nie mi\u0119dzy r\u00f3\u017cnymi pozytywnymi wizjami Polski, ale mi\u0119dzy demokracj\u0105 a dyktatur\u0105, mi\u0119dzy wolno\u015bci\u0105 a zniewoleniem, mi\u0119dzy Europ\u0105 a jej zaprzeczeniem, mi\u0119dzy prawdziw\u0105 suwerenno\u015bci\u0105 we wsp\u00f3lnocie wolnych narod\u00f3w a suwerenno\u015bci\u0105 na wz\u00f3r p\u00f3\u0142nocnokorea\u0144ski, czyli de facto popadaniem w coraz wi\u0119ksz\u0105 zale\u017cno\u015b\u0107. Wielkim niebezpiecze\u0144stwem jest ewentualna frustracja wyborc\u00f3w tych kandydat\u00f3w demokratycznych, kt\u00f3rzy nie przejd\u0105 do drugiej tury. Je\u015bli wszyscy nie poprzemy pozosta\u0142ego w grze demokraty, przegra Polska \u2013 ni mniej, ni wi\u0119cej. Wtedy dopiero zrozumiemy wymiar tej kl\u0119ski. Dlatego, wyborco demokratycznych kandydat\u00f3w, niewa\u017cne, na kogo g\u0142osujesz w pierwszej turze. W drugiej turze wszyscy mamy tego samego kandydata: woln\u0105 i demokratyczn\u0105 Polsk\u0119. Pozw\u00f3lmy wsp\u00f3lnie jej wygra\u0107.<\/p>\n\n\n\n<hr class=\"wp-block-separator\"\/>\n\n\n\n<p><em>Felieton jest wyrazem opinii autora. Nie prezentuje stanowiska ZR Ma\u0142opolskie KOD.<\/em><\/p>\n","protected":false},"excerpt":{"rendered":"<p>20.06.2020 Wybory w Polsce wchodz\u0105 w rozstrzygaj\u0105c\u0105 faz\u0119. Jeste\u015bmy bardzo blisko cudu. Dla jednych mo\u017ce to by\u0107 znak Bo\u017cej opieki, [&#8230;]<\/p>\n","protected":false},"author":24,"featured_media":12411,"comment_status":"closed","ping_status":"open","sticky":false,"template":"","format":"standard","meta":{"_EventAllDay":false,"_EventTimezone":"","_EventStartDate":"","_EventEndDate":"","_EventStartDateUTC":"","_EventEndDateUTC":"","_EventShowMap":false,"_EventShowMapLink":false,"_EventURL":"","_EventCost":"","_EventCostDescription":"","_EventCurrencySymbol":"","_EventCurrencyCode":"","_EventCurrencyPosition":"","_EventDateTimeSeparator":"","_EventTimeRangeSeparator":"","_EventOrganizerID":[],"_EventVenueID":[],"_OrganizerEmail":"","_OrganizerPhone":"","_OrganizerWebsite":"","_VenueAddress":"","_VenueCity":"","_VenueCountry":"","_VenueProvince":"","_VenueState":"","_VenueZip":"","_VenuePhone":"","_VenueURL":"","_VenueStateProvince":"","_VenueLat":"","_VenueLng":"","_VenueShowMap":false,"_VenueShowMapLink":false,"footnotes":""},"categories":[596],"tags":[],"class_list":["post-17459","post","type-post","status-publish","format-standard","has-post-thumbnail","hentry","category-felietony","felietony"],"_links":{"self":[{"href":"https:\/\/kodmalopolska.pl\/index.php?rest_route=\/wp\/v2\/posts\/17459","targetHints":{"allow":["GET"]}}],"collection":[{"href":"https:\/\/kodmalopolska.pl\/index.php?rest_route=\/wp\/v2\/posts"}],"about":[{"href":"https:\/\/kodmalopolska.pl\/index.php?rest_route=\/wp\/v2\/types\/post"}],"author":[{"embeddable":true,"href":"https:\/\/kodmalopolska.pl\/index.php?rest_route=\/wp\/v2\/users\/24"}],"replies":[{"embeddable":true,"href":"https:\/\/kodmalopolska.pl\/index.php?rest_route=%2Fwp%2Fv2%2Fcomments&post=17459"}],"version-history":[{"count":0,"href":"https:\/\/kodmalopolska.pl\/index.php?rest_route=\/wp\/v2\/posts\/17459\/revisions"}],"wp:featuredmedia":[{"embeddable":true,"href":"https:\/\/kodmalopolska.pl\/index.php?rest_route=\/wp\/v2\/media\/12411"}],"wp:attachment":[{"href":"https:\/\/kodmalopolska.pl\/index.php?rest_route=%2Fwp%2Fv2%2Fmedia&parent=17459"}],"wp:term":[{"taxonomy":"category","embeddable":true,"href":"https:\/\/kodmalopolska.pl\/index.php?rest_route=%2Fwp%2Fv2%2Fcategories&post=17459"},{"taxonomy":"post_tag","embeddable":true,"href":"https:\/\/kodmalopolska.pl\/index.php?rest_route=%2Fwp%2Fv2%2Ftags&post=17459"}],"curies":[{"name":"wp","href":"https:\/\/api.w.org\/{rel}","templated":true}]}}